{"id":675465,"date":"2026-04-26T20:17:24","date_gmt":"2026-04-27T00:17:24","guid":{"rendered":"https:\/\/diariodominicano.com\/?p=675465"},"modified":"2026-04-26T20:23:43","modified_gmt":"2026-04-27T00:23:43","slug":"la-crisis-en-medio-oriente-debilita-alianzas-trump-y-el-arte-de-crearse-enemigos","status":"publish","type":"post","link":"https:\/\/diariodominicano.com\/?p=675465","title":{"rendered":"La crisis en Medio Oriente debilita alianzas Trump y el arte de crearse enemigos"},"content":{"rendered":"\n<p>Giorgia Meloni y Donald Trump en la \u00e9poca en que la relac\u00f3n entre ellos era \u00f3ptima. Foto Gobierno Italia b<\/p>\n\n\n\n<p><strong>Sergio Ferrari<\/strong><\/p>\n\n\n\n<p><strong><br><\/strong><strong>La operaci\u00f3n lanzada por los Estados Unidos e Israel contra Ir\u00e1n a fines de febrero no solo se empantan\u00f3 militarmente. Tambi\u00e9n su impacto diplom\u00e1tico erosiona la relaci\u00f3n de la Casa Blanca con sus aliados europeos.<\/strong><\/p>\n\n\n\n<p>Con algunos, como el gobierno espa\u00f1ol, la distancia a partir del conflicto iran\u00ed se profundiz\u00f3 a\u00fan m\u00e1s. Con el Papa Le\u00f3n XIV y el Vaticano, Trump se cre\u00f3 una herida que puede ocasionarle deserciones en su base cat\u00f3lica de cara a las elecciones parlamentarias de noviembre pr\u00f3ximo. Con otros, como la primera ministra italiana Giorgia Meloni, se produjo una ruptura inimaginable apenas algunas semanas atr\u00e1s.<\/p>\n\n\n\n<p><strong>Divorcio a la italiana<\/strong><\/p>\n\n\n\n<p>A mediados de abril, la cadena noticiosa&nbsp;<em>Euronews&nbsp;<\/em>public\u00f3un an\u00e1lisis con un t\u00edtulo muy sugestivo: \u201cLa ruptura entre Trump y Meloni: del coqueteo pol\u00edtico a la crisis de pareja\u201d. Durante meses, coment\u00f3 este medio, los dos mandatarios vivieron una relaci\u00f3n pol\u00edtica de \u201cinter\u00e9s amoroso\u201d. Marcada por halagos p\u00fablicos, apretones de manos insistentes y esa \u201cqu\u00edmica personalizada que el presidente estadounidense cultiva con algunos l\u00edderes extranjeros que le son afines\u201d.<\/p>\n\n\n\n<p>Durante esa etapa, Trump calific\u00f3 a Meloni como \u201cuno de los verdaderos l\u00edderes del mundo\u201d, reconociendo que pod\u00eda hablar con ella \u201ccon franqueza, incluso cuando no estamos de acuerdo\u201d. La primera ministro aparec\u00eda desde la asunci\u00f3n misma de su hom\u00f3logo estadounidense como una contraparte privilegiada y de total confianza. Sin embargo, en pocas horas se precipit\u00f3 el detonante de una ruptura: la tensi\u00f3n de Washington con el Papa Le\u00f3n XIV, referente espiritual pr\u00e1cticamente intocable en las esferas del Palacio Chigi y el Quirinal, sedes del gobierno y de la presidencia, respectivamente.<\/p>\n\n\n\n<p>Analistas vaticanos argumentan que, en Italia, tanto para la derecha como para la izquierda, la sola idea de cuestionar la figura del Papa es una l\u00ednea roja que no se puede transgredir. Atrevimiento de parte del mandatario estadounidense que enfad\u00f3 a Meloni, quien se ha definido desde siempre como paradigma de una&nbsp;derecha \u201cliberal, cristiana, identitaria y patri\u00f3tica\u201d. Reivindicando su derecho a disentir, la segunda semana de abril Meloni caracteriz\u00f3 como \u201cinaceptables\u201d las agresivas declaraciones de Trump sobre el Papa. Horas despu\u00e9s, Trump se lament\u00f3 por la reacci\u00f3n de la primera ministra italiana. \u201cEstoy sorprendido, no nos est\u00e1 ayudando. Me equivoqu\u00e9 con ella\u2026 Le falta valent\u00eda con Ir\u00e1n; es inaceptable\u201d&nbsp;(<a href=\"https:\/\/www.instagram.com\/reels\/DXHoUpkiDYP\/\" rel=\"noreferrer noopener\" target=\"_blank\"><em>https:\/\/www.instagram.com\/reels\/DXHoUpkiDYP\/<\/em><\/a>).&nbsp;&nbsp;&nbsp;&nbsp;<\/p>\n\n\n\n<p><br><strong>Separaci\u00f3n con mala cara. La decepci\u00f3n de Washington.<br><\/strong><\/p>\n\n\n\n<p>Trump acus\u00f3 al Papa de ser \u201cd\u00e9bil con el crimen\u201d y de no apoyarlo en su pol\u00edtica hacia Ir\u00e1n. En un video que luego retir\u00f3 de sus redes, el presidente estadounidense se present\u00f3 como Jesucristo bendiciendo a un enfermo, lo que provoc\u00f3 repulsas en amplios sectores religiosos por consider\u00e1rselo inapropiado y vejatorio (<a href=\"https:\/\/www.youtube.com\/watch?v=ntHzCfOFjSA\" rel=\"noreferrer noopener\" target=\"_blank\"><em>https:\/\/www.youtube.com\/watch?v=ntHzCfOFjSA<\/em><\/a>).<\/p>\n\n\n\n<figure class=\"wp-block-image size-full\"><img loading=\"lazy\" decoding=\"async\" width=\"670\" height=\"295\" src=\"https:\/\/diariodominicano.com\/wp-content\/uploads\/2026\/04\/La-Internacional-Reaccionaria-ilustracion-publicada-por-el-Canarias-Semanal.jpg\" alt=\"\" class=\"wp-image-675467\" srcset=\"https:\/\/diariodominicano.com\/wp-content\/uploads\/2026\/04\/La-Internacional-Reaccionaria-ilustracion-publicada-por-el-Canarias-Semanal.jpg 670w, https:\/\/diariodominicano.com\/wp-content\/uploads\/2026\/04\/La-Internacional-Reaccionaria-ilustracion-publicada-por-el-Canarias-Semanal-300x132.jpg 300w\" sizes=\"auto, (max-width: 670px) 100vw, 670px\" \/><\/figure>\n\n\n\n<p><strong>La Internacional Reaccionaria ilustraci\u00f3n publicada por el Canarias Semanal<\/strong><\/p>\n\n\n\n<p>Durante la vigilia de oraci\u00f3n por la paz en el Vaticano el s\u00e1bado 11 de abril, el Papa denunci\u00f3 la guerra de Estados Unidos e Israel contra Ir\u00e1n. \u201cQueridos hermanos y hermanas\u201d, afirm\u00f3, \u201cciertamente existen responsabilidades imperativas que incumben a los l\u00edderes de las naciones. A ellos clamamos: \u00a1Basta! \u00a1Es hora de hacer la paz!\u201d. Si bien el pont\u00edfice, que es ciudadano estadounidense, no mencion\u00f3 a Trump, fue obvio que su mensaje tambi\u00e9n se dirig\u00eda a Washington. Ante las respuestas agresivas de Trump, el Papa no baj\u00f3 su tono. Por el contrario, asegur\u00f3 que no le ten\u00eda miedo al mandatario y enfatiz\u00f3 que la obligaci\u00f3n de la Iglesia es pronunciarse a favor de los Evangelios y de la paz. Sin desdecirse de sus argumentos principales, d\u00edas despu\u00e9s, durante su visita a \u00c1frica, el Papa asegur\u00f3 que no le interesaba [seguir] la pol\u00e9mica con Trump (<a href=\"https:\/\/www.reflexionyliberacion.cl\/ryl\/2026\/04\/12\/basta-ya-de-guerra\/\" target=\"_blank\" rel=\"noreferrer noopener\"><em>https:\/\/www.reflexionyliberacion.cl\/ryl\/2026\/04\/12\/basta-ya-de-guerra\/<\/em><\/a>).<\/p>\n\n\n\n<figure class=\"wp-block-image size-full\"><img loading=\"lazy\" decoding=\"async\" width=\"1024\" height=\"576\" src=\"https:\/\/diariodominicano.com\/wp-content\/uploads\/2025\/12\/Papa-Libano-12.jpg\" alt=\"\" class=\"wp-image-652389\" srcset=\"https:\/\/diariodominicano.com\/wp-content\/uploads\/2025\/12\/Papa-Libano-12.jpg 1024w, https:\/\/diariodominicano.com\/wp-content\/uploads\/2025\/12\/Papa-Libano-12-300x169.jpg 300w, https:\/\/diariodominicano.com\/wp-content\/uploads\/2025\/12\/Papa-Libano-12-768x432.jpg 768w, https:\/\/diariodominicano.com\/wp-content\/uploads\/2025\/12\/Papa-Libano-12-816x459.jpg 816w\" sizes=\"auto, (max-width: 1024px) 100vw, 1024px\" \/><\/figure>\n\n\n\n<p><strong>Le\u00f3n XIV<\/strong><\/p>\n\n\n\n<p>En el trasfondo de la ruptura Trump-Meloni asoman dos hechos decisivos.\u00a0Por un lado,\u00a0la diferencia de percepci\u00f3n con respecto al conflicto en el Medio Oriente. Meloni, como pr\u00e1cticamente la totalidad de los dirigentes europeos, durante marzo y abril comenz\u00f3 a aceptar como correcta la l\u00ednea impulsada por el primer ministro espa\u00f1ol, Pedro S\u00e1nchez, para quien esta guerra \u201cno es nuestra guerra\u201d. De inmediato Espa\u00f1a prohibi\u00f3 que las bases militares estadounidenses en territorio espa\u00f1ol se utilicen para atacar a Ir\u00e1n. Y adem\u00e1s vet\u00f3 el uso de su espacio a\u00e9reo para el sobrevuelo de aviones militares con destino a Ir\u00e1n.<\/p>\n\n\n\n<p>Por el otro, el distanciamiento de los aliados europeos de la Casa Blanca tiene que ver con la devastadora estrategia militar de Israel, intensificada las \u00faltimas semanas con su ofensiva contra L\u00edbano y que contin\u00faa a pesar del formal alto al fuego vigente. Sin subestimar, adem\u00e1s, el impacto que han tenido desde meses entre la dirigencia europea las sanciones tarifarias impuestas por Estados Unidos y la arrogancia del discurso paralelo para justificarlas. El enfriamiento de las relaciones de varios dirigentes europeos con Trump ha sido inevitable.<\/p>\n\n\n\n<p>Adicionalmente, y tambi\u00e9n en abril, Meloni,&nbsp;suspendi\u00f3 la renovaci\u00f3n autom\u00e1tica del acuerdo de defensa mutua entre Italia e Israel. El 19 de abril el jefe de gobierno espa\u00f1ol Pedro S\u00e1nchez, por su parte, propuso que toda a Uni\u00f3n Europea clausure los acuerdos de asociaci\u00f3n (cooperaci\u00f3n econ\u00f3mica) con Israel. Finalmente, la Uni\u00f3n Europea no se sum\u00f3 a esta iniciativa.<\/p>\n\n\n\n<p>Para Trump, la decisi\u00f3n de varios Estados europeos de negarle el uso de sus propias bases en esa regi\u00f3n expresa una falta de solidaridad inaceptable porque incumbe a hist\u00f3ricos aliados y, adem\u00e1s, miembros de la Organizaci\u00f3n del Tratado del Atl\u00e1ntico Norte (OTAN). Con la agresi\u00f3n contra Ir\u00e1n tambi\u00e9n esta organizaci\u00f3n profundiza su crisis interna que se manifest\u00f3 a partir de la misma llegada del republicano a la Casa Blanca.<\/p>\n\n\n\n<p>Desde la Segunda Guerra Mundial, Europa ha albergado numerosas bases militares estadounidenses con decenas de miles de soldados.&nbsp;Aunque los n\u00fameros son imprecisos y variables, un reciente an\u00e1lisis del reconocido Centre Del\u00e0s de Estudios para la Paz, con sede en Catalu\u00f1a, Espa\u00f1a, se\u00f1ala, citando fuentes de Estados Unidos, que a inicios de 2025 hab\u00eda unos 84.000 militares estadounidenses en Europa. Y acota que, debido al env\u00edo suplementario de tropas a los pa\u00edses fronterizos con Ucrania, esta cifra podr\u00eda alcanzar los 105.000 efectivos en 26 bases militares estadounidenses y otras 19 instalaciones con presencia militar estadounidense. Espec\u00edficamente, 38.700 en Alemania; 14.000 en Polonia; 12.600 en Italia; 10.000 en Reino Unido y 3.500 en Espa\u00f1a. Adem\u00e1s, calcula que hay aproximadamente un centenar de bombas nucleares B61 en B\u00e9lgica, Italia, Pa\u00edses Bajos, Alemania y Turqu\u00eda (<a href=\"https:\/\/centredelas.org\/actualitat\/trump-la-otan-y-el-mito-de-que-eeuu-paga-por-la-defensa-de-europa\/\" rel=\"noreferrer noopener\" target=\"_blank\"><em>https:\/\/centredelas.org\/actualitat\/trump-la-otan-y-el-mito-de-que-eeuu-paga-por-la-defensa-de-europa\/<\/em><\/a>).<\/p>\n\n\n\n<p>La postura europea de no involucrarse activamente en la guerra contra Ir\u00e1n ni endosar la propuesta estadounidense de romper el bloqueo iran\u00ed sobre el Estrecho de Ormuz, explica la decepci\u00f3n de Trump y las complicaciones operativas que pudieron haber experimentado las fuerzas estadounidenses durante su agresi\u00f3n a gran escala contra su rival persa.<\/p>\n\n\n\n<p><strong>Cuando cae un amigo\u2026<\/strong><\/p>\n\n\n\n<p>El domingo 12 de abril, Viktor Orb\u00e1n, presidente de Hungr\u00eda, amigo incondicional de Trump (y de Vladimir Putin), connotado cr\u00edtico del funcionamiento de la Uni\u00f3n Europea y pieza clave de la promoci\u00f3n de la Internacional de Derecha, sufri\u00f3 un categ\u00f3rico rev\u00e9s electoral luego de 16 a\u00f1os en el ejercicio del gobierno. Fue aplastado en las urnas por P\u00e9ter Magyar, l\u00edder conservador formado en el propio partido de Orb\u00e1n hasta su alejamiento del mismo en 2024 por diferencias en la gesti\u00f3n. Gran parte de la clase pol\u00edtica y de la prensa europea celebr\u00f3 la victoria de Magyar con emocionados titulares y declaraciones. El cursor del debate ideol\u00f3gico en el Viejo Mundo (y en general a nivel internacional) se ha corrido tanto hacia la extrema derecha, que la victoria de un candidato conservador un poco menos&nbsp;<em>extremista<\/em>&nbsp;que Viktor Orb\u00e1n fue motivo de grandes festejos. La Uni\u00f3n Europea ve en Magyar un euro-compatible que va a reducir la tensi\u00f3n permanente entre Bruselas y Budapest.<\/p>\n\n\n\n<p>La derrota en las urnas del principal aliado europeo de Trump signific\u00f3 una bofetada adicional para la diplomacia estadounidense en Europa. La misma semana de las elecciones, el vicepresidente J. D. Vance hab\u00eda llegado a Budapest para brindar el apoyo oficial de su pa\u00eds a su \u201cbuen amigo\u201d, el ultraderechista Orb\u00e1n. Pero, en definitiva, las urnas h\u00fangaras expresaron una doble y categ\u00f3rica sanci\u00f3n: no solo a la extrema derecha nacional, tambi\u00e9n a la Casa Blanca.<br><br><strong>Recelos europeos<\/strong><\/p>\n\n\n\n<p>En las \u00faltimas semanas, la relaci\u00f3n del primer ministro alem\u00e1n Merz con Trump tambi\u00e9n pas\u00f3 por diversos estados de \u00e1nimo. La visita del mandatario alem\u00e1n a la Casa Blanca el 3 de marzo pareci\u00f3 indicar un giro estrat\u00e9gico favorable a los intereses estadounidenses. Menos de dos semanas m\u00e1s tarde, Merz se alej\u00f3 de las expl\u00edcitas presiones de Trump para que Alemania, as\u00ed como el resto de Europa, apoyen la guerra contra Ir\u00e1n.&nbsp;Las declaraciones de Merz fueron tajantes: \u201cEstados Unidos e Israel no nos consultaron antes de esta guerra. Nunca hubo una decisi\u00f3n conjunta respecto a Ir\u00e1n. Por lo tanto, no cabe la posibilidad de una contribuci\u00f3n militar por parte de Alemania. No participaremos\u201d. Profundamente desgastado en su gesti\u00f3n interna, parece que hoy Merz no tiene margen de maniobra como para no enrolarse en&nbsp;la postura mayoritaria europea de no intervenir militarmente en Ir\u00e1n.<br><br>Tambi\u00e9n en Francia, la situaci\u00f3n en Medio Oriente no ha hecho m\u00e1s que empeorar su trato con la Casa Blanca. A inicios de abril, un an\u00e1lisis de la cadena televisiva RTL coment\u00f3 que \u201clas relaciones entre Emmanuel Macron y Donald Trump se han tensado considerablemente en los \u00faltimos meses. Ya enfrentados en varios temas importantes, como la guerra en Ucrania, donde sus posturas a menudo han divergido, los dos l\u00edderes han protagonizado numerosas disputas p\u00fablicas\u201d. Diferencias que, a la luz de los \u00faltimos desencuentros de Trump con Meloni y con el Papa, tampoco vaticinan la posibilidad de un destrabe a corto plazo en Francia.<\/p>\n\n\n\n<p>La guerra contra Ir\u00e1n produjo un verdadero cisma entre la estrategia com\u00fan de Trump y Netanyahu y la visi\u00f3n de los aliados europeos. Y tambi\u00e9n una profundizaci\u00f3n de la crisis interna que la OTAN ha estado padeciendo desde la llegada de Trump a la Casa Blanca. M\u00e1s que nunca, y a pesar del elocuente servilismo pro-Trump del secretario general de esta organizaci\u00f3n, la OTAN estar\u00eda contemplando un retorno al concepto de \u201cdefensa com\u00fan europea\u201d como prioridad. En otras palabras: dejar de delegar su propia defensa en manos de los Estados Unidos y asumirla en su totalidad.&nbsp;&nbsp;<\/p>\n\n\n\n<p>Adicionalmente, la derrota electoral de Orb\u00e1n y la crisis circunstancial con Meloni complica coyunturalmente la ambiciosa propuesta de Trump (y de su excolaborador Elon Musk) de promover la Internacional de extrema derecha, definida por sus detractores como \u201cinternacional reaccionaria\u201d.<\/p>\n\n\n\n<p>El costo de la ofensiva militar en Medio Oriente le ha creado al presidente estadounidense un c\u00famulo de frentes opositores. Por cierto, muy diversos, pero igualmente desgastantes a nivel interno como en su estrategia con el resto del mundo, notablemente Europa.<em><\/em><br><strong>Sergio Ferrari<\/strong><strong><em>Journaliste RP\/periodista RP<\/em><\/strong><strong>Tel: (00 41) 078 859 02 44<br><a href=\"mailto:sergioechanger@yahoo.fr\" target=\"_blank\" rel=\"noreferrer noopener\">sergioechanger@yahoo.fr<\/a><\/strong><\/p>\n","protected":false},"excerpt":{"rendered":"<p>Giorgia Meloni y Donald Trump en la \u00e9poca en que la relac\u00f3n entre ellos era \u00f3ptima. Foto Gobierno Italia b Sergio Ferrari La operaci\u00f3n lanzada por los Estados Unidos e Israel contra Ir\u00e1n a fines de febrero no solo se empantan\u00f3 militarmente. Tambi\u00e9n su impacto diplom\u00e1tico erosiona la relaci\u00f3n de la Casa Blanca con sus [&hellip;]<\/p>\n","protected":false},"author":2,"featured_media":675466,"comment_status":"open","ping_status":"closed","sticky":false,"template":"","format":"standard","meta":{"footnotes":""},"categories":[36,23,19],"tags":[5677,5004],"class_list":["post-675465","post","type-post","status-publish","format-standard","has-post-thumbnail","hentry","category-hombresmujeresycosas","category-internacional","category-mi-voz","tag-la-crisis-en-medio-oriente-debilita-alianzas-trump","tag-trump"],"_links":{"self":[{"href":"https:\/\/diariodominicano.com\/index.php?rest_route=\/wp\/v2\/posts\/675465","targetHints":{"allow":["GET"]}}],"collection":[{"href":"https:\/\/diariodominicano.com\/index.php?rest_route=\/wp\/v2\/posts"}],"about":[{"href":"https:\/\/diariodominicano.com\/index.php?rest_route=\/wp\/v2\/types\/post"}],"author":[{"embeddable":true,"href":"https:\/\/diariodominicano.com\/index.php?rest_route=\/wp\/v2\/users\/2"}],"replies":[{"embeddable":true,"href":"https:\/\/diariodominicano.com\/index.php?rest_route=%2Fwp%2Fv2%2Fcomments&post=675465"}],"version-history":[{"count":3,"href":"https:\/\/diariodominicano.com\/index.php?rest_route=\/wp\/v2\/posts\/675465\/revisions"}],"predecessor-version":[{"id":675472,"href":"https:\/\/diariodominicano.com\/index.php?rest_route=\/wp\/v2\/posts\/675465\/revisions\/675472"}],"wp:featuredmedia":[{"embeddable":true,"href":"https:\/\/diariodominicano.com\/index.php?rest_route=\/wp\/v2\/media\/675466"}],"wp:attachment":[{"href":"https:\/\/diariodominicano.com\/index.php?rest_route=%2Fwp%2Fv2%2Fmedia&parent=675465"}],"wp:term":[{"taxonomy":"category","embeddable":true,"href":"https:\/\/diariodominicano.com\/index.php?rest_route=%2Fwp%2Fv2%2Fcategories&post=675465"},{"taxonomy":"post_tag","embeddable":true,"href":"https:\/\/diariodominicano.com\/index.php?rest_route=%2Fwp%2Fv2%2Ftags&post=675465"}],"curies":[{"name":"wp","href":"https:\/\/api.w.org\/{rel}","templated":true}]}}