{"id":675453,"date":"2026-04-26T19:36:12","date_gmt":"2026-04-26T23:36:12","guid":{"rendered":"https:\/\/diariodominicano.com\/?p=675453"},"modified":"2026-04-26T19:36:15","modified_gmt":"2026-04-26T23:36:15","slug":"mexicano-mauro-perales-viene-a-rd-con-meta-de-quitar-invicto-a-freudri-franco","status":"publish","type":"post","link":"https:\/\/diariodominicano.com\/?p=675453","title":{"rendered":"Mexicano Mauro Perales viene a RD con meta de quitar invicto a \u00a0Freudri Franco"},"content":{"rendered":"\n<p>Mauro Peralta, boxeador mexicano<\/p>\n\n\n\n<p>Santo Domingo, RD. \u2013 La promotora Shuan Boxing Promotion, junto a Biyu Promotion, presentar\u00e1n una emocionante cartelera de boxeo profesional el 9 de mayo en el Coliseo de Boxeo Carlos \u201cTeo\u201d Cruz, donde el prospecto dominicano Feudri Franco pondr\u00e1 en juego su invicto ante el experimentado mexicano Mauro Perales.<\/p>\n\n\n\n<p>El combate ha generado gran expectativa tras las declaraciones del boxeador azteca, quien asegur\u00f3 que viene al pa\u00eds con un objetivo claro de arrebatarle el invicto a Franco, tal como ya hizo en el pasado con otro peleador dominicano.<\/p>\n\n\n\n<p>\u201cYa he estado en Rep\u00fablica Dominicana y s\u00e9 lo que es llevarme una victoria all\u00ed. Noquie a \u00c1ngel Cruz y esta vez no ser\u00e1 diferente. Soy un peleador que sabe lo que quiere y vengo a buscar lo m\u00edo\u201d, expres\u00f3 Perales, encendiendo a\u00fan m\u00e1s la rivalidad de cara al enfrentamiento.<\/p>\n\n\n\n<p>La pelea entre Franco y Perales promete ser una aut\u00e9ntica guerra sobre el ring, marcada por la intensidad, el orgullo y la determinaci\u00f3n de ambos boxeadores, quienes buscar\u00e1n demostrar de qu\u00e9 est\u00e1n hechos ante el p\u00fablico dominicano.<\/p>\n\n\n\n<p>Esta cartelera forma parte de una noche llena de acci\u00f3n que reunir\u00e1 a destacados talentos del boxeo local e internacional, consolidando una velada imperdible para los fan\u00e1ticos del deporte.<\/p>\n\n\n\n<p>francisco camilo<\/p>\n\n\n\n<p><a target=\"_blank\" href=\"mailto:francisco.javier18@gmail.com\" rel=\"noreferrer noopener\">francisco.javier18@gmail.com<\/a><\/p>\n","protected":false},"excerpt":{"rendered":"<p>Mauro Peralta, boxeador mexicano Santo Domingo, RD. \u2013 La promotora Shuan Boxing Promotion, junto a Biyu Promotion, presentar\u00e1n una emocionante cartelera de boxeo profesional el 9 de mayo en el Coliseo de Boxeo Carlos \u201cTeo\u201d Cruz, donde el prospecto dominicano Feudri Franco pondr\u00e1 en juego su invicto ante el experimentado mexicano Mauro Perales. El combate [&hellip;]<\/p>\n","protected":false},"author":28,"featured_media":675454,"comment_status":"open","ping_status":"closed","sticky":false,"template":"","format":"standard","meta":{"footnotes":""},"categories":[17],"tags":[5675],"class_list":["post-675453","post","type-post","status-publish","format-standard","has-post-thumbnail","hentry","category-deportes","tag-mexicano-mauro-perales"],"_links":{"self":[{"href":"https:\/\/diariodominicano.com\/index.php?rest_route=\/wp\/v2\/posts\/675453","targetHints":{"allow":["GET"]}}],"collection":[{"href":"https:\/\/diariodominicano.com\/index.php?rest_route=\/wp\/v2\/posts"}],"about":[{"href":"https:\/\/diariodominicano.com\/index.php?rest_route=\/wp\/v2\/types\/post"}],"author":[{"embeddable":true,"href":"https:\/\/diariodominicano.com\/index.php?rest_route=\/wp\/v2\/users\/28"}],"replies":[{"embeddable":true,"href":"https:\/\/diariodominicano.com\/index.php?rest_route=%2Fwp%2Fv2%2Fcomments&post=675453"}],"version-history":[{"count":1,"href":"https:\/\/diariodominicano.com\/index.php?rest_route=\/wp\/v2\/posts\/675453\/revisions"}],"predecessor-version":[{"id":675455,"href":"https:\/\/diariodominicano.com\/index.php?rest_route=\/wp\/v2\/posts\/675453\/revisions\/675455"}],"wp:featuredmedia":[{"embeddable":true,"href":"https:\/\/diariodominicano.com\/index.php?rest_route=\/wp\/v2\/media\/675454"}],"wp:attachment":[{"href":"https:\/\/diariodominicano.com\/index.php?rest_route=%2Fwp%2Fv2%2Fmedia&parent=675453"}],"wp:term":[{"taxonomy":"category","embeddable":true,"href":"https:\/\/diariodominicano.com\/index.php?rest_route=%2Fwp%2Fv2%2Fcategories&post=675453"},{"taxonomy":"post_tag","embeddable":true,"href":"https:\/\/diariodominicano.com\/index.php?rest_route=%2Fwp%2Fv2%2Ftags&post=675453"}],"curies":[{"name":"wp","href":"https:\/\/api.w.org\/{rel}","templated":true}]}}