{"id":675443,"date":"2026-04-26T19:17:11","date_gmt":"2026-04-26T23:17:11","guid":{"rendered":"https:\/\/diariodominicano.com\/?p=675443"},"modified":"2026-04-26T19:17:24","modified_gmt":"2026-04-26T23:17:24","slug":"leon-xiv-alerto-contra-quienes-saquean-la-tierra-y-promueven-guerras","status":"publish","type":"post","link":"https:\/\/diariodominicano.com\/?p=675443","title":{"rendered":"Le\u00f3n XIV alert\u00f3 contra quienes saquean la tierra y promueven guerras"},"content":{"rendered":"\n<p>Ciudad del Vaticano, 26 abr (Prensa Latina) El papa Le\u00f3n XIV advirti\u00f3 hoy acerca del peligro que representan para la humanidad, para el mundo, quienes como ladrones saquean los recursos de la tierra y libran guerras sangrientas.<\/p>\n\n\n\n<ul class=\"wp-block-list\">\n<li><a href=\"https:\/\/www.prensa-latina.cu\/2026\/04\/26\/\"><time>abril 26, 2026 | 10:17<\/time><\/a><\/li>\n<\/ul>\n\n\n\n<ul class=\"wp-block-list\">\n<li><a href=\"https:\/\/www.prensa-latina.cu\/2026\/04\/26\/leon-xiv-alerto-contra-quienes-saquean-la-tierra-y-promueven-guerras\/#\"><\/a><\/li>\n\n\n\n<li><a href=\"https:\/\/www.prensa-latina.cu\/2026\/04\/26\/leon-xiv-alerto-contra-quienes-saquean-la-tierra-y-promueven-guerras\/#\"><\/a><\/li>\n\n\n\n<li><a href=\"https:\/\/www.prensa-latina.cu\/2026\/04\/26\/leon-xiv-alerto-contra-quienes-saquean-la-tierra-y-promueven-guerras\/#\"><\/a><\/li>\n\n\n\n<li><a href=\"https:\/\/www.prensa-latina.cu\/2026\/04\/26\/leon-xiv-alerto-contra-quienes-saquean-la-tierra-y-promueven-guerras\/#\"><\/a><\/li>\n<\/ul>\n\n\n\n<p>Durante el rezo del Regina Caeli, pronunciado al mediod\u00eda de este domingo desde la ventana de su estudio en el Palacio Apost\u00f3lico Vaticano, ante miles de personas congregadas en la Plaza de San Pedro, el pont\u00edfice se refiri\u00f3 a esos ladrones que \u201cpueden adoptar muchas formas\u201d y \u201csofocan nuestra libertad o no respetan nuestra dignidad\u201d.<\/p>\n\n\n\n<p>El obispo de Roma asever\u00f3 que \u201chay muchos ladrones, a veces evidentes, a veces sutiles, que entran en el redil del coraz\u00f3n humano para robar, matar y destruir\u201d y \u201cnos enga\u00f1an arrebat\u00e1ndonos la alegr\u00eda y la libertad\u201d, con \u201cestilos de vida superficiales o consumistas, que nos vac\u00edan interiormente\u201d.<\/p>\n\n\n\n<p>El l\u00edder de la Iglesia cat\u00f3lica retom\u00f3 sus ideas expresadas el pasado 16 de abril, en el Encuentro por la Paz efectuado en la localidad de Bamenda, Camer\u00fan, cuando dijo que \u201cquienes saquean los recursos de la tierra suelen invertir gran parte de las ganancias en armas, en una espiral de desestabilizaci\u00f3n y muerte sin fin\u201d.<\/p>\n\n\n\n<p>Durante ese acto, uno de los m\u00e1s importantes incluidos en la agenda del viaje apost\u00f3lico de 11 d\u00edas que del 13 al 23 de este mes lo llev\u00f3 adem\u00e1s a Argelia, Angola y Guinea Ecuatorial, Le\u00f3n XIV conden\u00f3 a quienes \u201cdoblegan las religiones y el mismo nombre de Dios a sus propios intereses militares, econ\u00f3micos y pol\u00edticos\u201d.<\/p>\n\n\n\n<p>\u201cLos se\u00f1ores de la guerra fingen no saber que basta un instante para destruir. Disimulan no ver que se necesitan miles de millones de d\u00f3lares para matar y devastar, y que no se encuentran los recursos necesarios para sanar, educar y levantar\u201d, asever\u00f3, y conmin\u00f3 a \u201crespuestas que surjan de una cultura de paz, no de odio y divisi\u00f3n\u201d.<\/p>\n\n\n\n<p>El jueves \u00faltimo, en declaraciones a periodistas en el avi\u00f3n que lo llev\u00f3 de regreso a Roma, tras culminar su visita a esas naciones africanas, el sumo pont\u00edfice se refiri\u00f3 a la guerra contra Ir\u00e1n, desatada el pasado 28 de febrero por Estados Unidos e Israel, que \u201cha creado esta situaci\u00f3n ca\u00f3tica, cr\u00edtica\u201d en el mundo<\/p>\n\n\n\n<p>En tal sentido expres\u00f3 que \u201cquisiera alentar la continuaci\u00f3n del di\u00e1logo por la paz, que las partes se esfuercen al m\u00e1ximo por promover la paz, eliminar la amenaza de guerra y que se respete el derecho internacional\u201d, pues \u201ces fundamental proteger a los inocentes\u201d.<\/p>\n\n\n\n<p>Este domingo el papa Le\u00f3n XIV se refiri\u00f3 nuevamente a tales conceptos, al expresar que no podemos olvidar \u201ca esos ladrones que, saqueando los recursos de la tierra, librando guerras sangrientas o alimentando el mal en cualquiera de sus formas, no hacen m\u00e1s que arrebatarnos la posibilidad de un futuro de paz y serenidad\u201d.<\/p>\n\n\n\n<p>oda\/ort<\/p>\n\n\n\n<ul class=\"wp-block-list\">\n<li>#<a href=\"https:\/\/www.prensa-latina.cu\/etiqueta\/guerras\/\">guerras<\/a>\u00a0#<a href=\"https:\/\/www.prensa-latina.cu\/etiqueta\/paz\/\">paz<\/a>\u00a0#<a href=\"https:\/\/www.prensa-latina.cu\/etiqueta\/vaticano\/\">vaticano<\/a><\/li>\n<\/ul>\n","protected":false},"excerpt":{"rendered":"<p>Ciudad del Vaticano, 26 abr (Prensa Latina) El papa Le\u00f3n XIV advirti\u00f3 hoy acerca del peligro que representan para la humanidad, para el mundo, quienes como ladrones saquean los recursos de la tierra y libran guerras sangrientas. Durante el rezo del Regina Caeli, pronunciado al mediod\u00eda de este domingo desde la ventana de su estudio [&hellip;]<\/p>\n","protected":false},"author":28,"featured_media":675444,"comment_status":"open","ping_status":"closed","sticky":false,"template":"","format":"standard","meta":{"footnotes":""},"categories":[36,23,27],"tags":[3645],"class_list":["post-675443","post","type-post","status-publish","format-standard","has-post-thumbnail","hentry","category-hombresmujeresycosas","category-internacional","category-portada","tag-leon-xiv"],"_links":{"self":[{"href":"https:\/\/diariodominicano.com\/index.php?rest_route=\/wp\/v2\/posts\/675443","targetHints":{"allow":["GET"]}}],"collection":[{"href":"https:\/\/diariodominicano.com\/index.php?rest_route=\/wp\/v2\/posts"}],"about":[{"href":"https:\/\/diariodominicano.com\/index.php?rest_route=\/wp\/v2\/types\/post"}],"author":[{"embeddable":true,"href":"https:\/\/diariodominicano.com\/index.php?rest_route=\/wp\/v2\/users\/28"}],"replies":[{"embeddable":true,"href":"https:\/\/diariodominicano.com\/index.php?rest_route=%2Fwp%2Fv2%2Fcomments&post=675443"}],"version-history":[{"count":1,"href":"https:\/\/diariodominicano.com\/index.php?rest_route=\/wp\/v2\/posts\/675443\/revisions"}],"predecessor-version":[{"id":675445,"href":"https:\/\/diariodominicano.com\/index.php?rest_route=\/wp\/v2\/posts\/675443\/revisions\/675445"}],"wp:featuredmedia":[{"embeddable":true,"href":"https:\/\/diariodominicano.com\/index.php?rest_route=\/wp\/v2\/media\/675444"}],"wp:attachment":[{"href":"https:\/\/diariodominicano.com\/index.php?rest_route=%2Fwp%2Fv2%2Fmedia&parent=675443"}],"wp:term":[{"taxonomy":"category","embeddable":true,"href":"https:\/\/diariodominicano.com\/index.php?rest_route=%2Fwp%2Fv2%2Fcategories&post=675443"},{"taxonomy":"post_tag","embeddable":true,"href":"https:\/\/diariodominicano.com\/index.php?rest_route=%2Fwp%2Fv2%2Ftags&post=675443"}],"curies":[{"name":"wp","href":"https:\/\/api.w.org\/{rel}","templated":true}]}}