{"id":675438,"date":"2026-04-26T19:10:47","date_gmt":"2026-04-26T23:10:47","guid":{"rendered":"https:\/\/diariodominicano.com\/?p=675438"},"modified":"2026-04-26T19:10:52","modified_gmt":"2026-04-26T23:10:52","slug":"presidente-del-pt-brasileno-llama-a-unidad-y-movilizacion-politica","status":"publish","type":"post","link":"https:\/\/diariodominicano.com\/?p=675438","title":{"rendered":"Presidente del PT brasile\u00f1o llama a unidad y movilizaci\u00f3n pol\u00edtica"},"content":{"rendered":"\n<p>Brasilia, 26 abr (Prensa Latina) El presidente del brasile\u00f1o Partido de los Trabajadores (PT), Edinho Silva, inst\u00f3 hoy a la unidad interna, la movilizaci\u00f3n en los territorios y la construcci\u00f3n de alianzas democr\u00e1ticas.<\/p>\n\n\n\n<ul class=\"wp-block-list\">\n<li><a href=\"https:\/\/www.prensa-latina.cu\/2026\/04\/26\/\"><time>abril 26, 2026 | 18:54<\/time><\/a><\/li>\n<\/ul>\n\n\n\n<ul class=\"wp-block-list\">\n<li><a href=\"https:\/\/www.prensa-latina.cu\/2026\/04\/26\/presidente-del-pt-brasileno-llama-a-unidad-y-movilizacion-politica\/#\"><\/a><\/li>\n\n\n\n<li><a href=\"https:\/\/www.prensa-latina.cu\/2026\/04\/26\/presidente-del-pt-brasileno-llama-a-unidad-y-movilizacion-politica\/#\"><\/a><\/li>\n\n\n\n<li><a href=\"https:\/\/www.prensa-latina.cu\/2026\/04\/26\/presidente-del-pt-brasileno-llama-a-unidad-y-movilizacion-politica\/#\"><\/a><\/li>\n\n\n\n<li><a href=\"https:\/\/www.prensa-latina.cu\/2026\/04\/26\/presidente-del-pt-brasileno-llama-a-unidad-y-movilizacion-politica\/#\"><\/a><\/li>\n<\/ul>\n\n\n\n<p>A juicio del dirigente, esos prop\u00f3sitos deben acompa\u00f1ar a los miembros de la organizaci\u00f3n hacia las elecciones de octubre pr\u00f3ximo en las cuales aspiran a la continuidad de Luiz In\u00e1cio Lula da Silva como gobernante del gigante sudamericano.<\/p>\n\n\n\n<p>En la \u00faltima intervenci\u00f3n de la clausura del octavo Congreso Nacional de dicha fuerza, durante tres d\u00edas en el Centro de Convenciones Brasil 21, Silva insisti\u00f3 en los componentes de la estrategia pol\u00edtica para no fallar en las urnas.<\/p>\n\n\n\n<p>Destac\u00f3 que la aprobaci\u00f3n del documento \u201cConstruyendo el futuro: Manifiesto del PT para continuar transformando el pa\u00eds\u201d representa una definici\u00f3n program\u00e1tica y un paso concreto hacia la cohesi\u00f3n.<\/p>\n\n\n\n<p>Consider\u00f3 que el congreso cumpli\u00f3 una funci\u00f3n deliberativa y consolid\u00f3 la base pol\u00edtica que permitir\u00e1 ampliar el di\u00e1logo y fortalecer su posicionamiento en un a\u00f1o decisivo.<\/p>\n\n\n\n<p>Que este encuentro sea un momento para construir nuestra unidad, no solo en el discurso, sino tambi\u00e9n en la acci\u00f3n, precis\u00f3 al convocar a la militancia y a los l\u00edderes a traducir los acuerdos en pr\u00e1cticas concretas.<\/p>\n\n\n\n<p>Seg\u00fan explic\u00f3, la cita proporcion\u00f3 la legitimidad y las condiciones pol\u00edticas necesarias para avanzar en la construcci\u00f3n de alianzas democr\u00e1ticas en todos los estados brasile\u00f1os con el objetivo de derrotar al fascismo.<\/p>\n\n\n\n<p>Al respecto, esboz\u00f3 que uno de los principales desaf\u00edos es articular una comprensi\u00f3n com\u00fan del contexto actual, junto a consensuar t\u00e1cticas electorales.<\/p>\n\n\n\n<p>Tambi\u00e9n, Silva se refiri\u00f3 a la necesidad de reforzar la presencia del PT en cualquier lugar y pidi\u00f3 a sus copartidarios, incluidos los 562 delegados al congreso, a asumir una postura m\u00e1s cercana al pueblo.<\/p>\n\n\n\n<p>Debemos tener la humildad de ir a las periferias y preguntar por qu\u00e9 los habitantes no quieren hablar con nosotros, ejemplific\u00f3.<\/p>\n\n\n\n<p>Por otro lado, Silva expres\u00f3 cr\u00edticas al modelo vigente en Brasil, al cual cuestion\u00f3 por las distorsiones en la relaci\u00f3n entre los poderes Ejecutivo y Legislativo.<\/p>\n\n\n\n<p>Igualmente, reivindic\u00f3 la tradici\u00f3n del PT en la promoci\u00f3n de mecanismos de democracia directa y llam\u00f3 a retomar propuestas hist\u00f3ricas que fortalezcan la participaci\u00f3n popular en la toma de decisiones.<\/p>\n\n\n\n<p>Como hizo en la inauguraci\u00f3n de este encuentro, recalc\u00f3 que la reelecci\u00f3n de Lula representa la continuidad del proyecto democr\u00e1tico y la derrota del fascismo.<\/p>\n\n\n\n<p>As\u00ed, y de acuerdo a comentarios escuchados por Prensa Latina, el congreso dej\u00f3 delineada una estrategia que combina unidad de los militantes, apertura al di\u00e1logo con diversos sectores y plena articulaci\u00f3n de cara a las elecciones.<\/p>\n\n\n\n<p>otf\/dsa<\/p>\n\n\n\n<ul class=\"wp-block-list\">\n<li>#<a href=\"https:\/\/www.prensa-latina.cu\/etiqueta\/brasil\/\">brasil<\/a>\u00a0#<a href=\"https:\/\/www.prensa-latina.cu\/etiqueta\/congreso\/\">congreso<\/a>\u00a0#<a href=\"https:\/\/www.prensa-latina.cu\/etiqueta\/lula\/\">lula<\/a>\u00a0#<a href=\"https:\/\/www.prensa-latina.cu\/etiqueta\/pt\/\">pt<\/a><\/li>\n<\/ul>\n","protected":false},"excerpt":{"rendered":"<p>Brasilia, 26 abr (Prensa Latina) El presidente del brasile\u00f1o Partido de los Trabajadores (PT), Edinho Silva, inst\u00f3 hoy a la unidad interna, la movilizaci\u00f3n en los territorios y la construcci\u00f3n de alianzas democr\u00e1ticas. A juicio del dirigente, esos prop\u00f3sitos deben acompa\u00f1ar a los miembros de la organizaci\u00f3n hacia las elecciones de octubre pr\u00f3ximo en las [&hellip;]<\/p>\n","protected":false},"author":28,"featured_media":0,"comment_status":"open","ping_status":"closed","sticky":false,"template":"","format":"standard","meta":{"footnotes":""},"categories":[22],"tags":[],"class_list":["post-675438","post","type-post","status-publish","format-standard","hentry","category-politica"],"_links":{"self":[{"href":"https:\/\/diariodominicano.com\/index.php?rest_route=\/wp\/v2\/posts\/675438","targetHints":{"allow":["GET"]}}],"collection":[{"href":"https:\/\/diariodominicano.com\/index.php?rest_route=\/wp\/v2\/posts"}],"about":[{"href":"https:\/\/diariodominicano.com\/index.php?rest_route=\/wp\/v2\/types\/post"}],"author":[{"embeddable":true,"href":"https:\/\/diariodominicano.com\/index.php?rest_route=\/wp\/v2\/users\/28"}],"replies":[{"embeddable":true,"href":"https:\/\/diariodominicano.com\/index.php?rest_route=%2Fwp%2Fv2%2Fcomments&post=675438"}],"version-history":[{"count":1,"href":"https:\/\/diariodominicano.com\/index.php?rest_route=\/wp\/v2\/posts\/675438\/revisions"}],"predecessor-version":[{"id":675439,"href":"https:\/\/diariodominicano.com\/index.php?rest_route=\/wp\/v2\/posts\/675438\/revisions\/675439"}],"wp:attachment":[{"href":"https:\/\/diariodominicano.com\/index.php?rest_route=%2Fwp%2Fv2%2Fmedia&parent=675438"}],"wp:term":[{"taxonomy":"category","embeddable":true,"href":"https:\/\/diariodominicano.com\/index.php?rest_route=%2Fwp%2Fv2%2Fcategories&post=675438"},{"taxonomy":"post_tag","embeddable":true,"href":"https:\/\/diariodominicano.com\/index.php?rest_route=%2Fwp%2Fv2%2Ftags&post=675438"}],"curies":[{"name":"wp","href":"https:\/\/api.w.org\/{rel}","templated":true}]}}