{"id":675435,"date":"2026-04-26T19:07:49","date_gmt":"2026-04-26T23:07:49","guid":{"rendered":"https:\/\/diariodominicano.com\/?p=675435"},"modified":"2026-04-26T19:07:57","modified_gmt":"2026-04-26T23:07:57","slug":"lula-repudia-tiroteo-en-cena-de-corresponsales-en-eeuu","status":"publish","type":"post","link":"https:\/\/diariodominicano.com\/?p=675435","title":{"rendered":"Lula repudia tiroteo en cena de corresponsales en EEUU"},"content":{"rendered":"\n<p>Brasilia, 26 abr (Prensa Latina) El presidente de Brasil, Luiz In\u00e1cio Lula da Silva, repudi\u00f3 hoy el tiroteo ocurrido durante la cena de corresponsales de la Casa Blanca y expres\u00f3 solidaridad con su hom\u00f3logo estadounidense, Donald Trump.<\/p>\n\n\n\n<ul class=\"wp-block-list\">\n<li><a href=\"https:\/\/www.prensa-latina.cu\/2026\/04\/26\/\"><time>abril 26, 2026 | 12:37<\/time><\/a><\/li>\n<\/ul>\n\n\n\n<ul class=\"wp-block-list\">\n<li><a href=\"https:\/\/www.prensa-latina.cu\/2026\/04\/26\/lula-repudia-tiroteo-en-cena-de-corresponsales-en-eeuu\/#\"><\/a><\/li>\n\n\n\n<li><a href=\"https:\/\/www.prensa-latina.cu\/2026\/04\/26\/lula-repudia-tiroteo-en-cena-de-corresponsales-en-eeuu\/#\"><\/a><\/li>\n\n\n\n<li><a href=\"https:\/\/www.prensa-latina.cu\/2026\/04\/26\/lula-repudia-tiroteo-en-cena-de-corresponsales-en-eeuu\/#\"><\/a><\/li>\n\n\n\n<li><a href=\"https:\/\/www.prensa-latina.cu\/2026\/04\/26\/lula-repudia-tiroteo-en-cena-de-corresponsales-en-eeuu\/#\"><\/a><\/li>\n<\/ul>\n\n\n\n<p>En un mensaje divulgado en redes sociales, el mandatario brasile\u00f1o tambi\u00e9n extendi\u00f3 su apoyo a la primera dama Melania Trump y a todos los asistentes al evento celebrado en la capital estadounidense.<\/p>\n\n\n\n<p>\u201cMi solidaridad con el presidente Donald Trump, la primera dama Melania Trump y todos los presentes en la cena con corresponsales en Washington\u201d, escribi\u00f3 Lula.<\/p>\n\n\n\n<p>El jefe de Estado a\u00f1adi\u00f3 que Brasil repudia en\u00e9rgicamente el ataque de anoche y calific\u00f3 la violencia pol\u00edtica como \u201cuna afrenta a los valores democr\u00e1ticos que todos debemos proteger\u201d.<\/p>\n\n\n\n<p>Las declaraciones del gobernante brasile\u00f1o se producen luego del tiroteo ocurrido durante el evento period\u00edstico m\u00e1s visible del a\u00f1o en Estados Unidos, en el hotel Washington Hilton, donde hab\u00eda m\u00e1s de dos mil asistentes, incluidos el mandatario norteamericano y su esposa, as\u00ed como miembros de su gabinete.<\/p>\n\n\n\n<p>oda\/mar<\/p>\n\n\n\n<ul class=\"wp-block-list\">\n<li>#<a href=\"https:\/\/www.prensa-latina.cu\/etiqueta\/brasil\/\">brasil<\/a>\u00a0#<a href=\"https:\/\/www.prensa-latina.cu\/etiqueta\/cena-de-corresponsales\/\">cena de corresponsales<\/a>\u00a0#<a href=\"https:\/\/www.prensa-latina.cu\/etiqueta\/lula\/\">lula<\/a>\u00a0#<a href=\"https:\/\/www.prensa-latina.cu\/etiqueta\/tiroteo\/\">tiroteo<\/a>\u00a0#<a href=\"https:\/\/www.prensa-latina.cu\/etiqueta\/trump\/\">trump<\/a><\/li>\n<\/ul>\n","protected":false},"excerpt":{"rendered":"<p>Brasilia, 26 abr (Prensa Latina) El presidente de Brasil, Luiz In\u00e1cio Lula da Silva, repudi\u00f3 hoy el tiroteo ocurrido durante la cena de corresponsales de la Casa Blanca y expres\u00f3 solidaridad con su hom\u00f3logo estadounidense, Donald Trump. En un mensaje divulgado en redes sociales, el mandatario brasile\u00f1o tambi\u00e9n extendi\u00f3 su apoyo a la primera dama [&hellip;]<\/p>\n","protected":false},"author":2,"featured_media":675436,"comment_status":"open","ping_status":"closed","sticky":false,"template":"","format":"standard","meta":{"footnotes":""},"categories":[36,23],"tags":[1870,4481],"class_list":["post-675435","post","type-post","status-publish","format-standard","has-post-thumbnail","hentry","category-hombresmujeresycosas","category-internacional","tag-lula","tag-tiroteo"],"_links":{"self":[{"href":"https:\/\/diariodominicano.com\/index.php?rest_route=\/wp\/v2\/posts\/675435","targetHints":{"allow":["GET"]}}],"collection":[{"href":"https:\/\/diariodominicano.com\/index.php?rest_route=\/wp\/v2\/posts"}],"about":[{"href":"https:\/\/diariodominicano.com\/index.php?rest_route=\/wp\/v2\/types\/post"}],"author":[{"embeddable":true,"href":"https:\/\/diariodominicano.com\/index.php?rest_route=\/wp\/v2\/users\/2"}],"replies":[{"embeddable":true,"href":"https:\/\/diariodominicano.com\/index.php?rest_route=%2Fwp%2Fv2%2Fcomments&post=675435"}],"version-history":[{"count":1,"href":"https:\/\/diariodominicano.com\/index.php?rest_route=\/wp\/v2\/posts\/675435\/revisions"}],"predecessor-version":[{"id":675437,"href":"https:\/\/diariodominicano.com\/index.php?rest_route=\/wp\/v2\/posts\/675435\/revisions\/675437"}],"wp:featuredmedia":[{"embeddable":true,"href":"https:\/\/diariodominicano.com\/index.php?rest_route=\/wp\/v2\/media\/675436"}],"wp:attachment":[{"href":"https:\/\/diariodominicano.com\/index.php?rest_route=%2Fwp%2Fv2%2Fmedia&parent=675435"}],"wp:term":[{"taxonomy":"category","embeddable":true,"href":"https:\/\/diariodominicano.com\/index.php?rest_route=%2Fwp%2Fv2%2Fcategories&post=675435"},{"taxonomy":"post_tag","embeddable":true,"href":"https:\/\/diariodominicano.com\/index.php?rest_route=%2Fwp%2Fv2%2Ftags&post=675435"}],"curies":[{"name":"wp","href":"https:\/\/api.w.org\/{rel}","templated":true}]}}