{"id":675432,"date":"2026-04-27T01:27:41","date_gmt":"2026-04-27T05:27:41","guid":{"rendered":"https:\/\/diariodominicano.com\/?p=675432"},"modified":"2026-04-27T01:27:44","modified_gmt":"2026-04-27T05:27:44","slug":"hay-que-sumar-reunir-y-unificar","status":"publish","type":"post","link":"https:\/\/diariodominicano.com\/?p=675432","title":{"rendered":"Hay que sumar, reunir y unificar"},"content":{"rendered":"\n<p><strong>Por Ram\u00f3n Antonio Veras<\/strong><\/p>\n\n\n\n<p><strong>1.- Las clases sociales poderosas han acondicionado al pueblo dominicano para que se adapte a vivir bajo el ordenamiento que impera en el pa\u00eds.<\/strong><\/p>\n\n\n\n<p><strong>2.- Hasta ahora, la mayor\u00eda de la poblaci\u00f3n dominicana ha aceptado tranquilamente obedecer las reglas que le imponen los due\u00f1os del poder.<\/strong><\/p>\n\n\n\n<p><strong>&nbsp;3.- Lo que ha primado para que nuestra gente se incline ante las normas que impone el sistema, es la ignorancia, la ausencia de conocimiento de la causa de sus males.<\/strong><\/p>\n\n\n\n<p><strong>4.- Desconocer de d\u00f3nde proviene su estado de opresi\u00f3n lleva a la gente a no rebelarse contra el orden establecido y sus opresores.<\/strong><\/p>\n\n\n\n<p><strong>5.- Lo que se evidencia es que en nuestro pa\u00eds la minor\u00eda que oprime a la mayor\u00eda no cuenta con adversarios a tomar en cuenta.<\/strong><\/p>\n\n\n\n<p><strong>6.- El escaso desarrollo capitalista trae consigo una d\u00e9bil clase obrera y un flojo movimiento sindical. Esto se comprueba aqu\u00ed con suma facilidad.<\/strong><\/p>\n\n\n\n<p><strong>7.- Toda una serie de factores internos sirven para explicar la raz\u00f3n de la falta de vigor en el accionar democr\u00e1tico dominicano.<\/strong><\/p>\n\n\n\n<p><strong>8.- Desde hace casi 50 a\u00f1os aqu\u00ed no se ha articulado un instrumento de lucha popular que haga contrapeso a los enemigos del pueblo.<\/strong><\/p>\n\n\n\n<p><strong>9.- Por muchos esfuerzos que se han hecho para unificar a fuerzas pol\u00edticas y sociales sanas, las gestiones no han sido combinadas con los buenos deseos.<\/strong><\/p>\n\n\n\n<p><strong>10.- Por ahora, no alcanzar los objetivos de integrar un amplio frente pol\u00edtico y social no debe quitarnos o marchitar las justas aspiraciones.<\/strong><\/p>\n\n\n\n<p><strong>11.- En el seno de nuestro pueblo todav\u00eda quedan mujeres y hombres que mantienen la firme convicci\u00f3n de continuar en el af\u00e1n de la liberaci\u00f3n nacional.<\/strong><\/p>\n\n\n\n<p><strong>12.- Si lo que hace falta es un motor que mueva a las masas dormidas por el atraso, entonces cada hombre o mujer de convicciones liberadoras debe convertirse en propulsor por la renovaci\u00f3n y el progreso social.<\/strong><\/p>\n\n\n\n<p><strong>13.- Nadie con sano juicio puede pensar que se le puede quitar con facilidad el poder a la minor\u00eda que desde siempre lo ha detentado.<\/strong><\/p>\n\n\n\n<p><strong>&nbsp;14.- Pero ser\u00eda pura cobard\u00eda quedarse como si nada, de brazos cruzados, haciendo el papel de testigo y c\u00f3mplice de los padecimientos que sufre la mayor parte de los nuestros.<\/strong><\/p>\n\n\n\n<p><strong>15.- Hay que sumar, reunir y unificar a gente buena para que por primera vez en su historia el pueblo dominicano est\u00e9 en el poder del Estado.<\/strong><\/p>\n\n\n\n<p><strong>16.- En el ambiente nacional hay que agregar, a\u00f1adir a los que est\u00e1n en disposici\u00f3n de poner por delante a las masas populares para que se comporten due\u00f1as de su destino.<\/strong><\/p>\n","protected":false},"excerpt":{"rendered":"<p>Por Ram\u00f3n Antonio Veras 1.- Las clases sociales poderosas han acondicionado al pueblo dominicano para que se adapte a vivir bajo el ordenamiento que impera en el pa\u00eds. 2.- Hasta ahora, la mayor\u00eda de la poblaci\u00f3n dominicana ha aceptado tranquilamente obedecer las reglas que le imponen los due\u00f1os del poder. &nbsp;3.- Lo que ha primado [&hellip;]<\/p>\n","protected":false},"author":7,"featured_media":654589,"comment_status":"closed","ping_status":"closed","sticky":false,"template":"","format":"standard","meta":{"footnotes":""},"categories":[16],"tags":[426],"class_list":["post-675432","post","type-post","status-publish","format-standard","has-post-thumbnail","hentry","category-opiniones","tag-ramon-antonio-veras"],"_links":{"self":[{"href":"https:\/\/diariodominicano.com\/index.php?rest_route=\/wp\/v2\/posts\/675432","targetHints":{"allow":["GET"]}}],"collection":[{"href":"https:\/\/diariodominicano.com\/index.php?rest_route=\/wp\/v2\/posts"}],"about":[{"href":"https:\/\/diariodominicano.com\/index.php?rest_route=\/wp\/v2\/types\/post"}],"author":[{"embeddable":true,"href":"https:\/\/diariodominicano.com\/index.php?rest_route=\/wp\/v2\/users\/7"}],"replies":[{"embeddable":true,"href":"https:\/\/diariodominicano.com\/index.php?rest_route=%2Fwp%2Fv2%2Fcomments&post=675432"}],"version-history":[{"count":1,"href":"https:\/\/diariodominicano.com\/index.php?rest_route=\/wp\/v2\/posts\/675432\/revisions"}],"predecessor-version":[{"id":675489,"href":"https:\/\/diariodominicano.com\/index.php?rest_route=\/wp\/v2\/posts\/675432\/revisions\/675489"}],"wp:featuredmedia":[{"embeddable":true,"href":"https:\/\/diariodominicano.com\/index.php?rest_route=\/wp\/v2\/media\/654589"}],"wp:attachment":[{"href":"https:\/\/diariodominicano.com\/index.php?rest_route=%2Fwp%2Fv2%2Fmedia&parent=675432"}],"wp:term":[{"taxonomy":"category","embeddable":true,"href":"https:\/\/diariodominicano.com\/index.php?rest_route=%2Fwp%2Fv2%2Fcategories&post=675432"},{"taxonomy":"post_tag","embeddable":true,"href":"https:\/\/diariodominicano.com\/index.php?rest_route=%2Fwp%2Fv2%2Ftags&post=675432"}],"curies":[{"name":"wp","href":"https:\/\/api.w.org\/{rel}","templated":true}]}}