{"id":675429,"date":"2026-04-26T20:27:12","date_gmt":"2026-04-27T00:27:12","guid":{"rendered":"https:\/\/diariodominicano.com\/?p=675429"},"modified":"2026-04-26T20:27:13","modified_gmt":"2026-04-27T00:27:13","slug":"ministerio-publico-arresta-en-aeropuerto-a-implicado-en-red-criminal-que-estafo-fondos-del-senasa","status":"publish","type":"post","link":"https:\/\/diariodominicano.com\/?p=675429","title":{"rendered":"Ministerio P\u00fablico arresta en aeropuerto a implicado en red criminal que estaf\u00f3 fondos del SeNaSa \u00a0"},"content":{"rendered":"\n<p><strong>SANTO DOMINGO (Rep\u00fablica Dominicana).-&nbsp;El Ministerio P\u00fablico arrest\u00f3 la noche del viernes 24 de abril al imputado \u00c1ngel Luis Guzm\u00e1n V\u00e1squez, contra quien solicita la imposici\u00f3n de 18 meses de prisi\u00f3n preventiva, como medida de coerci\u00f3n.<\/strong><\/p>\n\n\n\n<p><strong>Guzm\u00e1n V\u00e1squez enfrenta cargos por su vinculaci\u00f3n a la red de corrupci\u00f3n que sustrajo miles de millones de pesos del Estado dominicano y en perjuicio del Seguro Nacional de Salud (SeNaSa).<\/strong><\/p>\n\n\n\n<p><strong>La Procuradur\u00eda Especializada contra la Corrupci\u00f3n Administrativa (Pepca) desarrolla la investigaci\u00f3n con la Direcci\u00f3n General de Persecuci\u00f3n del Ministerio P\u00fablico. La Pepca solicit\u00f3 que el caso contra el imputado \u00c1ngel Luis Guzm\u00e1n V\u00e1squez sea declarado de tramitaci\u00f3n compleja.<\/strong><\/p>\n\n\n\n<p><strong>Guzm\u00e1n V\u00e1squez, quien se desempe\u00f1aba como auxiliar del Departamento de Autorizaciones M\u00e9dicas en SeNaSa, desde el 8 de marzo del a\u00f1o 2021 hasta el 1 de noviembre del a\u00f1o 2022, trat\u00f3 de salir del pa\u00eds con destino a Boston, Estados Unidos, sin contar con boleto de retorno al pa\u00eds.<\/strong><\/p>\n\n\n\n<p><strong>El imputado est\u00e1 vinculado a autorizaciones irregulares de procedimientos m\u00e9dicos y consultas como parte de la red criminal que estaf\u00f3 al SeNaSa mediante el empleo de distintas maniobras y modalidades fraudulentas, para hacerse con montos econ\u00f3micos fuera de los par\u00e1metros legalmente establecidos.<\/strong><\/p>\n\n\n\n<p><strong>Como parte de la operaci\u00f3n Cobra, el Ministerio P\u00fablico investiga autorizaciones de servicios fraudulentas solicitadas entre el 28 de enero de 2021 al 20 de febrero de 2025, sumando 4,363 para cirug\u00eda menor ambulatoria y consulta especializada, con un monto acumulado de al menos RD$41,125,551.02.<\/strong><\/p>\n\n\n\n<p><strong>La solicitud de coerci\u00f3n contra Guzm\u00e1n V\u00e1squez fue presentada por la procuradora de corte Mirna Ortiz, titular de la Pepca, y los fiscales H\u00e9ctor Joel Garc\u00eda Acevedo, Rosa Alba Garc\u00eda, Enmanuel Ram\u00edrez, Yudelka Holgu\u00edn, Ernesto Guzm\u00e1n Alberto y Alexis Pi\u00f1a Echavarr\u00eda.<\/strong><\/p>\n\n\n\n<p><strong>Los fiscales explican, en la medida de coerci\u00f3n, depositada ante la Oficina Coordinadora de los Juzgados de Instrucci\u00f3n del Distrito Nacional, que Guzm\u00e1n V\u00e1squez tiene la posibilidad y capacidad de afectar la investigaci\u00f3n, ya que puede destruir, modificar, ocultar, suprimir o falsificar elementos de pruebas \u00fatiles y relevantes para el proceso.<\/strong><\/p>\n\n\n\n<p><strong>El Ministerio P\u00fablico solicita en la instancia fijar audiencia a los fines de conocer de la solicitud de medida de coerci\u00f3n al imputado Guzm\u00e1n V\u00e1squez por la violaci\u00f3n al C\u00f3digo Penal, la Constituci\u00f3n, la Ley n\u00fam. 53-07, contra Cr\u00edmenes y Delitos de Alta Tecnolog\u00eda y&nbsp; la Ley 155-17 contra el Lavado de Activos y el Financiamiento del Terrorismo (lavado de activos).<\/strong><\/p>\n\n\n\n<p><strong>Tras la puesta en marcha de la Operaci\u00f3n Cobra en diciembre pasado fue arrestado y sometido a la justicia Santiago Marcelo F. Hazim Albainy, exdirector del SeNaSa y cabecilla del entramado de corrupci\u00f3n, quien cumple 18 meses de prisi\u00f3n preventiva en el Centro de Correcci\u00f3n y Rehabilitaci\u00f3n Najayo Hombres, en San Crist\u00f3bal.<\/strong><\/p>\n\n\n\n<p><strong>Junto a Hazim Albainy, tambi\u00e9n cumplen la misma medida de coerci\u00f3n los imputados Gustavo Enrique Messina Cruz, Francisco Iv\u00e1n Minaya P\u00e9rez, Germ\u00e1n Rafael Robles Qui\u00f1ones, Rafael Luis Mart\u00ednez Hazim, Ada Ledesma Ubiera y Ram\u00f3n Alan Speakler Mateo.<\/strong><\/p>\n\n\n\n<p><strong>Por el caso tambi\u00e9n son procesados Cinty Acosta Senci\u00f3n, Heidi Mariela Pineda Perdomo y Eduardo Read Estrella, quienes tienen medidas de coerci\u00f3n de arresto domiciliario, garant\u00edas econ\u00f3micas e impedimento de salida del pa\u00eds<\/strong><\/p>\n\n\n\n<p><strong>Direcci\u00f3n General de Comunicaci\u00f3n, Prensa y RRPP<\/strong><\/p>\n\n\n\n<p><strong>Ministerio P\u00fablico RD<\/strong><\/p>\n\n\n\n<p>Comunicaciones PGR <a href=\"mailto:comunicaciones@pgr.gob.do\">comunicaciones@pgr.gob.do<\/a><\/p>\n","protected":false},"excerpt":{"rendered":"<p>SANTO DOMINGO (Rep\u00fablica Dominicana).-&nbsp;El Ministerio P\u00fablico arrest\u00f3 la noche del viernes 24 de abril al imputado \u00c1ngel Luis Guzm\u00e1n V\u00e1squez, contra quien solicita la imposici\u00f3n de 18 meses de prisi\u00f3n preventiva, como medida de coerci\u00f3n. Guzm\u00e1n V\u00e1squez enfrenta cargos por su vinculaci\u00f3n a la red de corrupci\u00f3n que sustrajo miles de millones de pesos del [&hellip;]<\/p>\n","protected":false},"author":7,"featured_media":501160,"comment_status":"closed","ping_status":"closed","sticky":false,"template":"","format":"standard","meta":{"footnotes":""},"categories":[1],"tags":[],"class_list":["post-675429","post","type-post","status-publish","format-standard","has-post-thumbnail","hentry","category-editorial"],"_links":{"self":[{"href":"https:\/\/diariodominicano.com\/index.php?rest_route=\/wp\/v2\/posts\/675429","targetHints":{"allow":["GET"]}}],"collection":[{"href":"https:\/\/diariodominicano.com\/index.php?rest_route=\/wp\/v2\/posts"}],"about":[{"href":"https:\/\/diariodominicano.com\/index.php?rest_route=\/wp\/v2\/types\/post"}],"author":[{"embeddable":true,"href":"https:\/\/diariodominicano.com\/index.php?rest_route=\/wp\/v2\/users\/7"}],"replies":[{"embeddable":true,"href":"https:\/\/diariodominicano.com\/index.php?rest_route=%2Fwp%2Fv2%2Fcomments&post=675429"}],"version-history":[{"count":1,"href":"https:\/\/diariodominicano.com\/index.php?rest_route=\/wp\/v2\/posts\/675429\/revisions"}],"predecessor-version":[{"id":675473,"href":"https:\/\/diariodominicano.com\/index.php?rest_route=\/wp\/v2\/posts\/675429\/revisions\/675473"}],"wp:featuredmedia":[{"embeddable":true,"href":"https:\/\/diariodominicano.com\/index.php?rest_route=\/wp\/v2\/media\/501160"}],"wp:attachment":[{"href":"https:\/\/diariodominicano.com\/index.php?rest_route=%2Fwp%2Fv2%2Fmedia&parent=675429"}],"wp:term":[{"taxonomy":"category","embeddable":true,"href":"https:\/\/diariodominicano.com\/index.php?rest_route=%2Fwp%2Fv2%2Fcategories&post=675429"},{"taxonomy":"post_tag","embeddable":true,"href":"https:\/\/diariodominicano.com\/index.php?rest_route=%2Fwp%2Fv2%2Ftags&post=675429"}],"curies":[{"name":"wp","href":"https:\/\/api.w.org\/{rel}","templated":true}]}}