{"id":675408,"date":"2026-04-26T16:47:28","date_gmt":"2026-04-26T20:47:28","guid":{"rendered":"https:\/\/diariodominicano.com\/?p=675408"},"modified":"2026-04-26T16:47:31","modified_gmt":"2026-04-26T20:47:31","slug":"donald-trump-reduce-a-su-pueblo","status":"publish","type":"post","link":"https:\/\/diariodominicano.com\/?p=675408","title":{"rendered":"Donald Trump reduce a su pueblo"},"content":{"rendered":"\n<p>Por: Ram\u00f3n Antonio Veras.<\/p>\n\n\n\n<p>1.- Ser\u00eda pura mezquindad no reconocer la grandiosidad del pueblo norteamericano partiendo de los enormes aportes hechos a la humanidad.<\/p>\n\n\n\n<p>2.- Son incalculables las contribuciones de los estadounidenses al desarrollo del conocimiento de las cosas y del saber en general.<\/p>\n\n\n\n<p>3.- La mujer y el hombre de Estados Unidos, con el desarrollo de su cerebro y sus manos, han llevado a las fuerzas productivas de su pa\u00eds a lo m\u00e1s alto del capitalismo mundial, hasta donde ya no da para m\u00e1s.<\/p>\n\n\n\n<p>4.- Pero resulta que esa gran comunidad humana, que es la mayor\u00eda de los norteamericanos, tiene en su seno una minor\u00eda que lo da\u00f1a todo.<\/p>\n\n\n\n<p>5.- Lo grandioso que es el pueblo de Estados Unidos se convierte en abominable, muy condenable, por las actuaciones de la minor\u00eda all\u00ed gobernante.<\/p>\n\n\n\n<p>6.- Es de suponer lo repugnante que resulta para el norteamericano de buenos sentimientos el proceder de su actual gobernante, Donald Trump, ante los inmigrantes.<\/p>\n\n\n\n<p>7.- Seres humanos de diferentes pa\u00edses que llegan a territorio norteamericano a vender su fuerza de trabajo a cambio de un salario, han sido perseguidos en Estados Unidos, en hospitales, escuelas, iglesias, domicilios y centros de producci\u00f3n.<\/p>\n\n\n\n<p>8.- Los inmigrantes, adem\u00e1s de ser acosados, son separados de sus familiares y enviados a terceros pa\u00edses ubicados en otros continentes, como \u00c1frica.<\/p>\n\n\n\n<p>9.- Desdice mucho de la vocaci\u00f3n humanista del pueblo estadounidense el genocidio ejecutado contra Cuba por diferentes administraciones durante m\u00e1s de 60 a\u00f1os.<\/p>\n\n\n\n<p>10.- No cuadra con el sentir de lo mejor del pueblo estadounidense el proceder de su gobierno convertido en consumado violador del derecho internacional y desconocedor de la independencia, soberan\u00eda y autodeterminaci\u00f3n de pa\u00edses poseedores de recursos naturales.<\/p>\n\n\n\n<p>11.- Pone el estado de \u00e1nimo afligido al norteamericano bueno saber que su gobierno intervino en Venezuela, mat\u00f3 gente, secuestr\u00f3 a su presidente Nicol\u00e1s Maduro y a su esposa Cilia Flores.<\/p>\n\n\n\n<p>12.- El orgullo de grandeza con el cual formaron al estadounidense de que su pa\u00eds era el superior del mundo, hoy se le viene al suelo con la humillaci\u00f3n en Ir\u00e1n.<\/p>\n\n\n\n<p>13.- El verdadero pueblo norteamericano debe sentirse vivamente lesionado al saber que su pa\u00eds es visto como el azote de la humanidad, porque as\u00ed como lleva a cabo el genocidio contra Cuba, interviene en Venezuela para saquear y le declara la guerra a Ir\u00e1n.<\/p>\n\n\n\n<p>14.- Ante las acciones llevadas a cabo por el se\u00f1or Donald Trump, convertidas en desafueros contra la humanidad, conviene hacer del conocimiento de los norteamericanos sanos que el mundo cuenta con ellos en la lucha por la paz y contra los excesos de su gobierno.<\/p>\n\n\n\n<p>15.- Las grandes mayor\u00edas de estadounidenses de buenos sentimientos deben salirle al frente a las actuaciones contra la paz mundial obra de la gesti\u00f3n gubernativa de Donald Trump, que est\u00e1 dirigiendo a su pa\u00eds como el temor mundial.<\/p>\n\n\n\n<p>16.- Por la ofensa al papa Le\u00f3n XIV, siguiendo con Cuba, como v\u00edctima de genocidio, continuando con los asesinatos en las aguas del Caribe, el secuestro de Nicol\u00e1s Maduro y Cilia Flores, hasta la guerra contra Ir\u00e1n, a una sola voz hay que reclamar que el pueblo sensible de Estados Unidos exprese su rechazo a tanto desprecio a la humanidad entera.<\/p>\n","protected":false},"excerpt":{"rendered":"<p>Por: Ram\u00f3n Antonio Veras. 1.- Ser\u00eda pura mezquindad no reconocer la grandiosidad del pueblo norteamericano partiendo de los enormes aportes hechos a la humanidad. 2.- Son incalculables las contribuciones de los estadounidenses al desarrollo del conocimiento de las cosas y del saber en general. 3.- La mujer y el hombre de Estados Unidos, con el [&hellip;]<\/p>\n","protected":false},"author":7,"featured_media":654589,"comment_status":"closed","ping_status":"closed","sticky":false,"template":"","format":"standard","meta":{"footnotes":""},"categories":[16],"tags":[426],"class_list":["post-675408","post","type-post","status-publish","format-standard","has-post-thumbnail","hentry","category-opiniones","tag-ramon-antonio-veras"],"_links":{"self":[{"href":"https:\/\/diariodominicano.com\/index.php?rest_route=\/wp\/v2\/posts\/675408","targetHints":{"allow":["GET"]}}],"collection":[{"href":"https:\/\/diariodominicano.com\/index.php?rest_route=\/wp\/v2\/posts"}],"about":[{"href":"https:\/\/diariodominicano.com\/index.php?rest_route=\/wp\/v2\/types\/post"}],"author":[{"embeddable":true,"href":"https:\/\/diariodominicano.com\/index.php?rest_route=\/wp\/v2\/users\/7"}],"replies":[{"embeddable":true,"href":"https:\/\/diariodominicano.com\/index.php?rest_route=%2Fwp%2Fv2%2Fcomments&post=675408"}],"version-history":[{"count":1,"href":"https:\/\/diariodominicano.com\/index.php?rest_route=\/wp\/v2\/posts\/675408\/revisions"}],"predecessor-version":[{"id":675412,"href":"https:\/\/diariodominicano.com\/index.php?rest_route=\/wp\/v2\/posts\/675408\/revisions\/675412"}],"wp:featuredmedia":[{"embeddable":true,"href":"https:\/\/diariodominicano.com\/index.php?rest_route=\/wp\/v2\/media\/654589"}],"wp:attachment":[{"href":"https:\/\/diariodominicano.com\/index.php?rest_route=%2Fwp%2Fv2%2Fmedia&parent=675408"}],"wp:term":[{"taxonomy":"category","embeddable":true,"href":"https:\/\/diariodominicano.com\/index.php?rest_route=%2Fwp%2Fv2%2Fcategories&post=675408"},{"taxonomy":"post_tag","embeddable":true,"href":"https:\/\/diariodominicano.com\/index.php?rest_route=%2Fwp%2Fv2%2Ftags&post=675408"}],"curies":[{"name":"wp","href":"https:\/\/api.w.org\/{rel}","templated":true}]}}