{"id":675407,"date":"2026-04-26T16:59:05","date_gmt":"2026-04-26T20:59:05","guid":{"rendered":"https:\/\/diariodominicano.com\/?p=675407"},"modified":"2026-04-26T16:59:08","modified_gmt":"2026-04-26T20:59:08","slug":"productores-agricolas-de-san-juan-abogan-por-el-dialogo-frente-a-convocatoria-de-paro-2","status":"publish","type":"post","link":"https:\/\/diariodominicano.com\/?p=675407","title":{"rendered":"Productores agr\u00edcolas de San Juan abogan por el di\u00e1logo frente a convocatoria de paro"},"content":{"rendered":"\n<p>SAN JUAN DE LA MAGUANA. \u2013 El Consorcio de Productores Agr\u00edcolas Sostenibles del Valle de San Juan, en conjunto con diversas organizaciones del sector agropecuario, manifest\u00f3 su posici\u00f3n respecto a la reciente convocatoria a huelga en la provincia. Aunque reconocen el derecho leg\u00edtimo a la protesta en democracia, las entidades instaron a los organizadores a priorizar la responsabilidad y el di\u00e1logo antes de recurrir a la paralizaci\u00f3n de actividades.<\/p>\n\n\n\n<p>A trav\u00e9s de un comunicado oficial, el Consorcio \u2014respaldado por cooperativas de productores de pollos, huevos, aguacate, vegetales y caf\u00e9\u2014 hizo un llamado directo a los convocantes para reconsiderar la jornada de protesta. Las organizaciones enfatizaron que el consenso no ha sido agotado y que la comunicaci\u00f3n directa es la herramienta m\u00e1s efectiva para canalizar las demandas sociales y econ\u00f3micas.<\/p>\n\n\n\n<p>Propuesta de concertaci\u00f3n<\/p>\n\n\n\n<p>En un esfuerzo por buscar soluciones constructivas, el sector agr\u00edcola exhort\u00f3 al Gobierno central a facilitar un espacio de concertaci\u00f3n. En dicho encuentro, proponen la participaci\u00f3n de los sectores opuestos al estudio de impacto ambiental, las empresas responsables de dichas evaluaciones, la minera GoldQuest y la Academia de Ciencias en calidad de entidad veedora.<\/p>\n\n\n\n<p>\u00abEl objetivo es que las inquietudes ambientales de los distintos sectores sean debidamente escuchadas, consideradas y respondidas, fortaleciendo as\u00ed la confianza ciudadana\u00bb, se\u00f1alaron los representantes del Consorcio.<\/p>\n\n\n\n<p>Llamado al sector comercial<\/p>\n\n\n\n<p>De igual manera, el gremio de productores extendi\u00f3 una invitaci\u00f3n a los comerciantes de la provincia de San Juan para mantener sus puertas abiertas y operar con normalidad. Subrayan que la continuidad de los servicios es vital para el desarrollo econ\u00f3mico de la regi\u00f3n y el bienestar de sus habitantes.<\/p>\n\n\n\n<p>Finalmente, los empresarios agr\u00edcolas reafirmaron su compromiso con el crecimiento de la provincia y la naci\u00f3n, indicando que su misi\u00f3n principal sigue siendo producir y servir con calidad, instando a todos los actores sociales a buscar v\u00edas que no afecten la estabilidad productiva del Valle de San Juan.<\/p>\n\n\n\n<p>Ohelmis Sanchez <a href=\"mailto:ohelmiselfarodelsurde@gmail.com\">ohelmiselfarodelsurde@gmail.com<\/a><\/p>\n","protected":false},"excerpt":{"rendered":"<p>SAN JUAN DE LA MAGUANA. \u2013 El Consorcio de Productores Agr\u00edcolas Sostenibles del Valle de San Juan, en conjunto con diversas organizaciones del sector agropecuario, manifest\u00f3 su posici\u00f3n respecto a la reciente convocatoria a huelga en la provincia. Aunque reconocen el derecho leg\u00edtimo a la protesta en democracia, las entidades instaron a los organizadores a [&hellip;]<\/p>\n","protected":false},"author":7,"featured_media":675413,"comment_status":"closed","ping_status":"closed","sticky":false,"template":"","format":"standard","meta":{"footnotes":""},"categories":[36],"tags":[4778],"class_list":["post-675407","post","type-post","status-publish","format-standard","has-post-thumbnail","hentry","category-hombresmujeresycosas","tag-san-juan"],"_links":{"self":[{"href":"https:\/\/diariodominicano.com\/index.php?rest_route=\/wp\/v2\/posts\/675407","targetHints":{"allow":["GET"]}}],"collection":[{"href":"https:\/\/diariodominicano.com\/index.php?rest_route=\/wp\/v2\/posts"}],"about":[{"href":"https:\/\/diariodominicano.com\/index.php?rest_route=\/wp\/v2\/types\/post"}],"author":[{"embeddable":true,"href":"https:\/\/diariodominicano.com\/index.php?rest_route=\/wp\/v2\/users\/7"}],"replies":[{"embeddable":true,"href":"https:\/\/diariodominicano.com\/index.php?rest_route=%2Fwp%2Fv2%2Fcomments&post=675407"}],"version-history":[{"count":1,"href":"https:\/\/diariodominicano.com\/index.php?rest_route=\/wp\/v2\/posts\/675407\/revisions"}],"predecessor-version":[{"id":675414,"href":"https:\/\/diariodominicano.com\/index.php?rest_route=\/wp\/v2\/posts\/675407\/revisions\/675414"}],"wp:featuredmedia":[{"embeddable":true,"href":"https:\/\/diariodominicano.com\/index.php?rest_route=\/wp\/v2\/media\/675413"}],"wp:attachment":[{"href":"https:\/\/diariodominicano.com\/index.php?rest_route=%2Fwp%2Fv2%2Fmedia&parent=675407"}],"wp:term":[{"taxonomy":"category","embeddable":true,"href":"https:\/\/diariodominicano.com\/index.php?rest_route=%2Fwp%2Fv2%2Fcategories&post=675407"},{"taxonomy":"post_tag","embeddable":true,"href":"https:\/\/diariodominicano.com\/index.php?rest_route=%2Fwp%2Fv2%2Ftags&post=675407"}],"curies":[{"name":"wp","href":"https:\/\/api.w.org\/{rel}","templated":true}]}}