{"id":675396,"date":"2026-04-26T14:23:33","date_gmt":"2026-04-26T18:23:33","guid":{"rendered":"https:\/\/diariodominicano.com\/?p=675396"},"modified":"2026-04-26T15:12:38","modified_gmt":"2026-04-26T19:12:38","slug":"procuraduria-general-inaugura-unidad-de-atencion-integral-a-victimas-de-violencia-oficinas-del-relevic-y-del-fiscalizador-de-transito-en-jarabacoa","status":"publish","type":"post","link":"https:\/\/diariodominicano.com\/?p=675396","title":{"rendered":"Procuradur\u00eda General inaugura Unidad de Atenci\u00f3n Integral a V\u00edctimas de Violencia, oficinas del Relevic y del fiscalizador de Tr\u00e1nsito en Jarabacoa"},"content":{"rendered":"\n<p><em><u>Yeni Berenice Reynoso reitera su llamado a sumar voluntades para establecer una cultura de paz que impulse la convivencia y el bienestar de toda la poblaci\u00f3n<\/u><\/em><\/p>\n\n\n\n<p><strong>SANTO DOMINGO (Rep\u00fablica Dominicana).-<\/strong>&nbsp;Como parte de sus iniciativas para acercar los servicios del Ministerio P\u00fablico a las comunidades y garantizar una atenci\u00f3n integral a las v\u00edctimas, la procuradora general Yeni Berenice Reynoso entreg\u00f3 este s\u00e1bado en Jarabacoa, completamente equipadas, una nueva Unidad de Atenci\u00f3n Integral a V\u00edctimas de Violencia de G\u00e9nero, Intrafamiliar y Delitos Sexuales, as\u00ed como las oficinas del Servicio Legal de Representaci\u00f3n de V\u00edctimas (Relevic) y del Fiscalizador del Juzgado de Tr\u00e1nsito.<\/p>\n\n\n\n<p>Reynoso, quien en la v\u00edspera dej\u00f3 inaugurada la Unidad de Violencia de G\u00e9nero y la oficina del Relevic en Hato Mayor, resalt\u00f3 los beneficios de llevar los servicios a las comunidades.<\/p>\n\n\n\n<p>Record\u00f3 que el Ministerio P\u00fablico abri\u00f3 37 oficinas de Relevic a nivel nacional, con 142 abogados para asistir de forma gratuita a las v\u00edctimas que no tienen recursos.<\/p>\n\n\n\n<p>Sostuvo que siente tristeza al compartir las estad\u00edsticas de violencia de g\u00e9nero. \u201cPero las comparto porque la sociedad debe saber que el Ministerio P\u00fablico recibi\u00f3, por ejemplo, el a\u00f1o pasado m\u00e1s de 73 mil casos de violencia de g\u00e9nero, intrafamiliar y sexual\u201d, se\u00f1al\u00f3.<\/p>\n\n\n\n<p>En el acto estuvieron presentes Gloria Reyes, ministra de la Mujer, y el vicealmirante Jos\u00e9 Manuel Cabrera Ulloa, presidente de la Direcci\u00f3n Nacional de Control de Drogas (DNCD).<\/p>\n\n\n\n<p>Participaron miembros del Consejo Superior del Ministerio P\u00fablico, as\u00ed como el procurador adjunto Wilson Camacho, titular de la Direcci\u00f3n General de Persecuci\u00f3n del Ministerio P\u00fablico; Ana Andrea Villa Camacho, titular de la Direcci\u00f3n Nacional contra la Violencia de G\u00e9nero del Ministerio P\u00fablico, y Mar\u00eda Rosalba D\u00edaz, responsable del Servicio Nacional de Representaci\u00f3n Legal de los Derechos de la V\u00edctima (Relevic).<\/p>\n\n\n\n<p>En la actividad estuvieron presentes la generala Yanet Jim\u00e9nez, titular de la Direcci\u00f3n Especializada de Atenci\u00f3n a la Mujer y Violencia Intrafamiliar de la Polic\u00eda Nacional (Deamvi); la procuradora de corte Yessica Ram\u00edrez, titular de la Procuradur\u00eda Regional de La Vega, y Viviana Mena, procuradora fiscal titular de Jarabacoa.<\/p>\n\n\n\n<p>Asimismo, Arelis Ricourt, en representaci\u00f3n del Poder Judicial; el coronel Ram\u00f3n Dicl\u00f3 Mateo, director regional de la Polic\u00eda Nacional en La Vega, y Elizabeth Rodr\u00edguez, coordinadora de la Defensa P\u00fablica en la provincia.<\/p>\n\n\n\n<p>El sacerdote Alberto Espinal, de la parroquia Nuestra Se\u00f1ora del Carmen, quien tuvo a cargo la bendici\u00f3n del acto, destac\u00f3 el valor de la puesta en funcionamiento del nuevo \u00f3rgano.<\/p>\n\n\n\n<p>\u201cExhortamos que a trav\u00e9s del equipo multidisciplinario que aqu\u00ed se establecer\u00e1 se dise\u00f1en programas de acompa\u00f1amiento continuo a las personas y familias afectadas, sembrando conciencia, sanando heridas y cortando de ra\u00edz el ciclo de la violencia\u201d, expres\u00f3 el religioso.<\/p>\n\n\n\n<p>Mientras, la fiscal Mena Paulino destac\u00f3 que con los nuevos servicios mejoran la calidad de la atenci\u00f3n a los ciudadanos.&nbsp;&nbsp;<\/p>\n\n\n\n<p>\u201cEsta unidad nace porque entendemos que detr\u00e1s de cada caso hay una persona; hay una persona que merece ser escuchada, que merece atenci\u00f3n de forma digna e integral, sin prejuicio ni revictimizaci\u00f3n\u201d, dijo.<\/p>\n\n\n\n<p><strong>Contacto con los sectores vivos de la sociedad<\/strong><\/p>\n\n\n\n<p>\u201cLe digo a todo el equipo que hoy estar\u00e1 trabajando desde esta unidad: no se enfoquen solo en persecuci\u00f3n, comun\u00edquense con los comunitarios, acomp\u00e1\u00f1enlos a la iglesia, a los clubes, a los sectores representativos de la sociedad, no son ellos y nosotros, somos todos y todas unidos por la construcci\u00f3n de un mejor pa\u00eds\u201d, sostuvo la procuradora general de la Rep\u00fablica, al pronunciar las palabras centrales del acto.<\/p>\n\n\n\n<p>Yeni Berenice Reynoso reiter\u00f3 el valor de fortalecer la familia y la escuela para lograr una mejor sociedad.<\/p>\n\n\n\n<p>Coincidi\u00f3 con el sacerdote Alberto Espinal en la necesidad de fortalecer a la familia para cambiar a la sociedad. Tambi\u00e9n, abog\u00f3 por trabajar en las escuelas con la formaci\u00f3n de un nuevo modelo de ciudadano. \u201cSi esa escuela y el centro de la sociedad que es la familia est\u00e1 copado de violencia, tendremos violencia en todos los \u00e1mbitos de la sociedad\u201d, lament\u00f3.<\/p>\n\n\n\n<p>\u201cEl hijo que ve al padre golpear a su madre entiende que el lenguaje de resolver la diferencia, son los golpes, porque piensa su subconsciente si mi madre merece golpes, todos los dem\u00e1s tambi\u00e9n merecen golpes\u201d, refiri\u00f3.<\/p>\n\n\n\n<p>Reynoso indic\u00f3 que las estad\u00edsticas establecen que en un hogar donde un ni\u00f1o, ni\u00f1a o adolescente ve violencia, la posibilidad de replicarla es m\u00e1s de un 85 % en el marco de la familia, en el marco del espacio social en el que se desarrolla.<\/p>\n\n\n\n<p>\u201cTenemos que unirnos como sociedad y detener esa ola de violencia que maltrata a las mujeres, ni\u00f1os, adolescentes, que mata por un parqueo, por un pedazo de pan, por un roce de veh\u00edculo, que mata por una diferencia ideol\u00f3gica, que mata por una diferencia entre vecinos, que mata a un padre, que mata a una madre, que mata a una esposa, que mata a un hijo o una hija\u201d, expres\u00f3.<\/p>\n\n\n\n<p>Se\u00f1al\u00f3 que de cada 10 homicidios que ocurren en Rep\u00fablica Dominicana, al menos 6 son productos de una violencia surgida en una diferencia que se resolver\u00eda con una simple conversaci\u00f3n.<\/p>\n\n\n\n<p>\u201cEsa sociedad, entonces, que utiliza violencia como medio de soluci\u00f3n de conflictos, es la que queremos prevenir\u201d, se\u00f1al\u00f3.<\/p>\n\n\n\n<p>\u201cEs un error pensar la violencia llega a los hogares de los dem\u00e1s, no llegar\u00e1 al m\u00edo; yo no estoy exento de la violencia, eso es algo que todos debemos pensar, porque todos, de una forma u otra, en mayor o menor proporci\u00f3n como ente social participamos en distintos espacios que son sociales\u201d, dijo.<\/p>\n\n\n\n<p>Sostuvo que en su gesti\u00f3n impulsa una filosof\u00eda de servicio para desarrollar un \u201cMinisterio P\u00fablico centrado en las personas\u201d, una visi\u00f3n que impulsa con el compromiso de servir y de llevar un profundo proceso de cambio, transformaci\u00f3n e innovaci\u00f3n institucional.<\/p>\n\n\n\n<p>Durante el primer trimestre del a\u00f1o 2026, el Ministerio P\u00fablico de la Rep\u00fablica Dominicana ha registrado un total de 17,525 denuncias a nivel nacional, evidenciando la magnitud de los casos vinculados a violencia de g\u00e9nero, intrafamiliar y delitos sexuales.<\/p>\n\n\n\n<p>En el municipio de Jarabacoa se han contabilizado 81 denuncias, desglosadas de la siguiente manera: 18 casos de violencia de g\u00e9nero; 42 casos de violencia intrafamiliar, consistentes en violencia f\u00edsica, verbal y psicol\u00f3gica y patrimonial; 21 casos de delitos sexuales, de los cuales 7 corresponden a agresiones sexuales, 2 de violaci\u00f3n sexual, 2 de acoso sexual, 5 de sustracci\u00f3n de menores y 5 de seducci\u00f3n de menores.<\/p>\n\n\n\n<p><strong>Direcci\u00f3n General de Comunicaci\u00f3n, Prensa y RRPP<\/strong><\/p>\n","protected":false},"excerpt":{"rendered":"<p>Yeni Berenice Reynoso reitera su llamado a sumar voluntades para establecer una cultura de paz que impulse la convivencia y el bienestar de toda la poblaci\u00f3n SANTO DOMINGO (Rep\u00fablica Dominicana).-&nbsp;Como parte de sus iniciativas para acercar los servicios del Ministerio P\u00fablico a las comunidades y garantizar una atenci\u00f3n integral a las v\u00edctimas, la procuradora general [&hellip;]<\/p>\n","protected":false},"author":7,"featured_media":501160,"comment_status":"closed","ping_status":"closed","sticky":false,"template":"","format":"standard","meta":{"footnotes":""},"categories":[24,27],"tags":[329,5341,4739],"class_list":["post-675396","post","type-post","status-publish","format-standard","has-post-thumbnail","hentry","category-justicia-y-derecho","category-portada","tag-jarabacoa","tag-procurador","tag-procuraduria-general"],"_links":{"self":[{"href":"https:\/\/diariodominicano.com\/index.php?rest_route=\/wp\/v2\/posts\/675396","targetHints":{"allow":["GET"]}}],"collection":[{"href":"https:\/\/diariodominicano.com\/index.php?rest_route=\/wp\/v2\/posts"}],"about":[{"href":"https:\/\/diariodominicano.com\/index.php?rest_route=\/wp\/v2\/types\/post"}],"author":[{"embeddable":true,"href":"https:\/\/diariodominicano.com\/index.php?rest_route=\/wp\/v2\/users\/7"}],"replies":[{"embeddable":true,"href":"https:\/\/diariodominicano.com\/index.php?rest_route=%2Fwp%2Fv2%2Fcomments&post=675396"}],"version-history":[{"count":1,"href":"https:\/\/diariodominicano.com\/index.php?rest_route=\/wp\/v2\/posts\/675396\/revisions"}],"predecessor-version":[{"id":675397,"href":"https:\/\/diariodominicano.com\/index.php?rest_route=\/wp\/v2\/posts\/675396\/revisions\/675397"}],"wp:featuredmedia":[{"embeddable":true,"href":"https:\/\/diariodominicano.com\/index.php?rest_route=\/wp\/v2\/media\/501160"}],"wp:attachment":[{"href":"https:\/\/diariodominicano.com\/index.php?rest_route=%2Fwp%2Fv2%2Fmedia&parent=675396"}],"wp:term":[{"taxonomy":"category","embeddable":true,"href":"https:\/\/diariodominicano.com\/index.php?rest_route=%2Fwp%2Fv2%2Fcategories&post=675396"},{"taxonomy":"post_tag","embeddable":true,"href":"https:\/\/diariodominicano.com\/index.php?rest_route=%2Fwp%2Fv2%2Ftags&post=675396"}],"curies":[{"name":"wp","href":"https:\/\/api.w.org\/{rel}","templated":true}]}}