{"id":675389,"date":"2026-04-26T03:04:34","date_gmt":"2026-04-26T07:04:34","guid":{"rendered":"https:\/\/diariodominicano.com\/?p=675389"},"modified":"2026-04-26T03:05:41","modified_gmt":"2026-04-26T07:05:41","slug":"los-dias-de-la-danza-culmina-intenso-bregar-en-la-escena-cubana","status":"publish","type":"post","link":"https:\/\/diariodominicano.com\/?p=675389","title":{"rendered":"Los D\u00edas de la Danza culmina intenso bregar en la escena cubana"},"content":{"rendered":"\n<p>La Habana, 26 abr (Prensa Latina) La d\u00e9cimo octava edici\u00f3n de Los D\u00edas de la Danza concluir\u00e1 hoy en la capital cubana, con un espect\u00e1culo que promete la actuaci\u00f3n de varias de las compa\u00f1\u00edas m\u00e1s destacadas del universo art\u00edstico en Cuba.<\/p>\n\n\n\n<ul class=\"wp-block-list\">\n<li><a href=\"https:\/\/www.prensa-latina.cu\/2026\/04\/26\/\"><time>abril 26, 2026 | 01:05<\/time><\/a><\/li>\n<\/ul>\n\n\n\n<ul class=\"wp-block-list\">\n<li><a href=\"https:\/\/www.prensa-latina.cu\/2026\/04\/26\/los-dias-de-la-danza-culmina-intenso-bregar-en-la-escena-cubana\/#\"><\/a><\/li>\n\n\n\n<li><a href=\"https:\/\/www.prensa-latina.cu\/2026\/04\/26\/los-dias-de-la-danza-culmina-intenso-bregar-en-la-escena-cubana\/#\"><\/a><\/li>\n\n\n\n<li><a href=\"https:\/\/www.prensa-latina.cu\/2026\/04\/26\/los-dias-de-la-danza-culmina-intenso-bregar-en-la-escena-cubana\/#\"><\/a><\/li>\n\n\n\n<li><a href=\"https:\/\/www.prensa-latina.cu\/2026\/04\/26\/los-dias-de-la-danza-culmina-intenso-bregar-en-la-escena-cubana\/#\"><\/a><\/li>\n<\/ul>\n\n\n\n<p>La ceremonia de clausura, en la Sala Covarrubias del Teatro Nacional, reserva las obras Pante\u00f3n (fragmento), de la Compa\u00f1\u00eda Ban Rarr\u00e1, La playa, de Qvo Vadis y Alma, interpretada por Victor Cabrera en representaci\u00f3n de la agrupaci\u00f3n del maestro Santiago Alfonso.<\/p>\n\n\n\n<p>El espect\u00e1culo acoger\u00e1 una muestra diversa de la vitalidad creativa actual, destaca la nota de prensa del Centro de Danza de La Habana, instituci\u00f3n que celebra este a\u00f1o su vig\u00e9simo aniversario.<\/p>\n\n\n\n<p>Adem\u00e1s, resalta la presentaci\u00f3n de los proyectos D\u00daO, Nosotros y Cre-Activos, de la Escuela Nacional de Danza, junto a Itineris y la C\u00e9lula Creativa ARTES NEXOS de la Universidad de las Artes.<\/p>\n\n\n\n<p>Durante varias jornadas, el evento ha colocado a disposici\u00f3n del p\u00fablico talleres, espect\u00e1culos, iniciativas en comunidades de la capital cubana y propuestas de artes visuales.<\/p>\n\n\n\n<p>mem\/amr<\/p>\n\n\n\n<ul class=\"wp-block-list\">\n<li>#<a href=\"https:\/\/www.prensa-latina.cu\/etiqueta\/cuba\/\">cuba<\/a><\/li>\n<\/ul>\n","protected":false},"excerpt":{"rendered":"<p>La Habana, 26 abr (Prensa Latina) La d\u00e9cimo octava edici\u00f3n de Los D\u00edas de la Danza concluir\u00e1 hoy en la capital cubana, con un espect\u00e1culo que promete la actuaci\u00f3n de varias de las compa\u00f1\u00edas m\u00e1s destacadas del universo art\u00edstico en Cuba. La ceremonia de clausura, en la Sala Covarrubias del Teatro Nacional, reserva las obras [&hellip;]<\/p>\n","protected":false},"author":2,"featured_media":675391,"comment_status":"open","ping_status":"closed","sticky":false,"template":"","format":"standard","meta":{"footnotes":""},"categories":[21],"tags":[5671],"class_list":["post-675389","post","type-post","status-publish","format-standard","has-post-thumbnail","hentry","category-cultura","tag-los-dias-de-la-danza"],"_links":{"self":[{"href":"https:\/\/diariodominicano.com\/index.php?rest_route=\/wp\/v2\/posts\/675389","targetHints":{"allow":["GET"]}}],"collection":[{"href":"https:\/\/diariodominicano.com\/index.php?rest_route=\/wp\/v2\/posts"}],"about":[{"href":"https:\/\/diariodominicano.com\/index.php?rest_route=\/wp\/v2\/types\/post"}],"author":[{"embeddable":true,"href":"https:\/\/diariodominicano.com\/index.php?rest_route=\/wp\/v2\/users\/2"}],"replies":[{"embeddable":true,"href":"https:\/\/diariodominicano.com\/index.php?rest_route=%2Fwp%2Fv2%2Fcomments&post=675389"}],"version-history":[{"count":2,"href":"https:\/\/diariodominicano.com\/index.php?rest_route=\/wp\/v2\/posts\/675389\/revisions"}],"predecessor-version":[{"id":675394,"href":"https:\/\/diariodominicano.com\/index.php?rest_route=\/wp\/v2\/posts\/675389\/revisions\/675394"}],"wp:featuredmedia":[{"embeddable":true,"href":"https:\/\/diariodominicano.com\/index.php?rest_route=\/wp\/v2\/media\/675391"}],"wp:attachment":[{"href":"https:\/\/diariodominicano.com\/index.php?rest_route=%2Fwp%2Fv2%2Fmedia&parent=675389"}],"wp:term":[{"taxonomy":"category","embeddable":true,"href":"https:\/\/diariodominicano.com\/index.php?rest_route=%2Fwp%2Fv2%2Fcategories&post=675389"},{"taxonomy":"post_tag","embeddable":true,"href":"https:\/\/diariodominicano.com\/index.php?rest_route=%2Fwp%2Fv2%2Ftags&post=675389"}],"curies":[{"name":"wp","href":"https:\/\/api.w.org\/{rel}","templated":true}]}}