{"id":675385,"date":"2026-04-26T02:57:48","date_gmt":"2026-04-26T06:57:48","guid":{"rendered":"https:\/\/diariodominicano.com\/?p=675385"},"modified":"2026-04-26T03:00:19","modified_gmt":"2026-04-26T07:00:19","slug":"mandatario-resalta-la-construccion-de-carreteras-en-la-sierra-durante-la-apertura-tavera-jarabacoa","status":"publish","type":"post","link":"https:\/\/diariodominicano.com\/?p=675385","title":{"rendered":"Mandatario resalta la construcci\u00f3n de carreteras en La Sierra durante la apertura Tavera\u2013Jarabacoa"},"content":{"rendered":"\n<h3 class=\"wp-block-heading\">Ademas, por menci\u00f3n, deja inaugurada la reconstrucci\u00f3n de la carretera La Gina\u2013Conuco Viejo\u2013El Jobo y el tramo La Gina\u2013Cementerio de Gina Hueca.<\/h3>\n\n\n\n<p>25 de Abril 2026 <\/p>\n\n\n\n<figure class=\"wp-block-image\"><img decoding=\"async\" src=\"https:\/\/platform-cdn.sharethis.com\/img\/facebook.svg\" alt=\"facebook sharing button\"\/><\/figure>\n\n\n\n<figure class=\"wp-block-image\"><img decoding=\"async\" src=\"https:\/\/platform-cdn.sharethis.com\/img\/sharethis.svg\" alt=\"sharethis sharing button\"\/><\/figure>\n\n\n\n<p>La Vega, RD.- Tras\u00a0<strong>m\u00e1s de 50 a\u00f1os de espera<\/strong>\u00a0el presidente\u00a0<strong>Luis Abinader inaugur\u00f3<\/strong>\u00a0este sabado la carretera que enlaza el distrito municipal de\u00a0<strong>Tavera<\/strong>\u00a0con el municipio de\u00a0<strong>Jarabacoa<\/strong>, en la provincia de\u00a0<strong>La Vega<\/strong>, una infraestructura clave para\u00a0<strong>la conectividad y el desarrollo<\/strong>\u00a0de la regi\u00f3n, construida por la Empresa de Generaci\u00f3n Hidroel\u00e9ctrica Dominicana\u00a0<strong>(Egehid)<\/strong>.<\/p>\n\n\n\n<p>Se trata de una carretera de 8.3 kil\u00f3metros de longitud, que beneficia las comunidades de&nbsp;<strong>Alto del Aguacate, Loma Firme, Rancho de la Vaca, Jagua Gorda, La Llanada y El A\u00f1il<\/strong>, enclavadas en las zonas monta\u00f1osas del entorno de la presa de Tavera.<\/p>\n\n\n\n<p>Durante el acto, el presidente Abinader expres\u00f3 que nunca antes se hab\u00edan hecho&nbsp;<strong>tantas carreteras y tantas mejoras en La Sierra<\/strong>, al destacar que su gesti\u00f3n ha intervenido de manera simult\u00e1nea en&nbsp;<strong>La Vega, Santiago y Santiago Rodr\u00edguez,<\/strong>&nbsp;llevando soluciones a comunidades que durante&nbsp;<strong>d\u00e9cadas<\/strong>&nbsp;hab\u00edan permanecido&nbsp;<strong>rezagadas<\/strong>. Se\u00f1al\u00f3 que estas obras responden a&nbsp;<strong>prioridades reales de la gente<\/strong>&nbsp;y forman parte de un esfuerzo integral para transformar la conectividad y las condiciones de vida en estas zonas.<\/p>\n\n\n\n<figure class=\"wp-block-image\"><img decoding=\"async\" src=\"https:\/\/www.presidencia.gob.do\/sites\/default\/files\/inline-images\/1001565663_0.jpg\" alt=\"\"\/><\/figure>\n\n\n\n<p>El mandatario manifest\u00f3 que esta carretera tendr\u00e1 un impacto determinante al convertirse en una&nbsp;<strong>segunda entrada hacia Jarabacoa<\/strong>, especialmente para quienes se trasladan desde la zona norte, ya que, seg\u00fan explic\u00f3, conectar\u00e1&nbsp;<strong>desde El A\u00f1il hasta Hato Viejo<\/strong>&nbsp;y, a su vez, con la&nbsp;<strong>carretera Duarte<\/strong>. Indic\u00f3 que, con las mejoras previstas por&nbsp;<strong>Egehid<\/strong>&nbsp;y el&nbsp;<strong>Ministerio de Obras P\u00fablicas<\/strong>, se podr\u00e1 realizar ese trayecto en aproximadamente 40 minutos, lo que representa un&nbsp;<strong>avance significativo en t\u00e9rminos de movilidad y acceso.<\/strong><\/p>\n\n\n\n<p>En su intervenci\u00f3n, tambi\u00e9n destac\u00f3&nbsp;<strong>otras obras<\/strong>&nbsp;ejecutadas en el distrito municipal de Tavera y sus alrededores, mencionando la&nbsp;<strong>construcci\u00f3n de v\u00edas como La Gina, Conuco Viejo y otras comunidades<\/strong>, as\u00ed como los proyectos en desarrollo, entre ellos la&nbsp;<strong>carretera tur\u00edstica que bordear\u00e1 el lago de Tavera<\/strong>, la cual se encuentra en proceso de planificaci\u00f3n para su futura licitaci\u00f3n. Tambi\u00e9n anunci\u00f3 la construcci\u00f3n de un&nbsp;<strong>palacio municipal<\/strong>&nbsp;para el distrito, con el objetivo de fortalecer su institucionalidad y desarrollo local.<\/p>\n\n\n\n<p>El jefe de Estado valor\u00f3 el trabajo realizado por Egehid dentro de su&nbsp;<strong>programa social en las zonas de influencia de las presas,<\/strong>&nbsp;resaltando que&nbsp;<em>\u201cha hecho m\u00e1s obras que nunca\u201d,<\/em>&nbsp;no solo en esta regi\u00f3n, sino tambi\u00e9n en provincias como&nbsp;<strong>Santiago Rodr\u00edguez, San Crist\u00f3bal, San Juan y S\u00e1nchez Ram\u00edrez<\/strong>, con lo cual ampl\u00eda el alcance del desarrollo territorial en todo el pa\u00eds.<\/p>\n\n\n\n<p><em>\u201cPor primera vez, La Sierra va a estar comunicada internamente\u201d,<\/em>&nbsp;afirm\u00f3, al referirse a proyectos como la&nbsp;<strong>conexi\u00f3n entre Monci\u00f3n y El Rubio<\/strong>, que estar\u00e1n concluidos en los pr\u00f3ximos meses, integrando comunidades que hist\u00f3ricamente hab\u00edan permanecido aisladas.&nbsp;<em>\u201cEstas carreteras van a potencializar el desarrollo de esta comunidad productiva, de gente buena y emprendedora\u201d<\/em>, expres\u00f3, al tiempo que reiter\u00f3 su compromiso de&nbsp;<strong>continuar llevando progreso a cada rinc\u00f3n del territorio nacional.<\/strong><\/p>\n\n\n\n<figure class=\"wp-block-image\"><img decoding=\"async\" src=\"https:\/\/www.presidencia.gob.do\/sites\/default\/files\/inline-images\/1001565664_1.jpg\" alt=\"\"\/><\/figure>\n\n\n\n<p>Finalmente, el presidente Abinader expres\u00f3 su satisfacci\u00f3n personal por la inauguraci\u00f3n de esta obra, al recordar sus v\u00ednculos familiares con la zona, se\u00f1alando que&nbsp;<strong>su abuela naci\u00f3 en Jagua Gorda y su abuelo en Sabana Iglesia<\/strong>, lo que le otorga un significado especial a esta intervenci\u00f3n.&nbsp;<em>\u201cQue Dios bendiga al distrito municipal de Tavera, a su gente y a toda la poblaci\u00f3n de La Sierra\u201d.<\/em><\/p>\n\n\n\n<p>Adem\u00e1s, por menci\u00f3n, el presidente Abinader dej\u00f3 inaugurada la reconstrucci\u00f3n de la carretera&nbsp;<strong>La Gina\u2013Conuco Viejo\u2013El Jobo,<\/strong>&nbsp;de 1.88 kil\u00f3metros, y del tramo&nbsp;<strong>La Gina\u2013Cementerio de Gina Hueca,<\/strong>&nbsp;de 0.86 kil\u00f3metros, en el mismo distrito municipal de Tavera.<\/p>\n\n\n\n<p><strong>Una visi\u00f3n de gobierno orientada a cerrar brechas hist\u00f3ricas<\/strong><\/p>\n\n\n\n<p>De su lado, el administrador general de Egehid,&nbsp;<strong>Rafael Salazar<\/strong>, destac\u00f3 el&nbsp;<strong>liderazgo del presidente Luis Abinader&nbsp;<\/strong>en la ejecuci\u00f3n de esta obra, subrayando que forma parte de una&nbsp;<strong>visi\u00f3n de gobierno orientada a cerrar brechas hist\u00f3ricas<\/strong>&nbsp;y llevar desarrollo a las comunidades m\u00e1s apartadas del pa\u00eds.<\/p>\n\n\n\n<p>Salazar se\u00f1al\u00f3 que, adem\u00e1s de la carretera Tavera\u2013Jarabacoa, el Gobierno ha impulsado importantes intervenciones en la zona, como la construcci\u00f3n de la&nbsp;<strong>carretera de Guardarraya, que conecta Baitoa con Tavera<\/strong>, as\u00ed como mejoras en v\u00edas comunitarias en localidades como Alto del Aguacate, La Gina, Conuco Viejo, El Morro y otras comunidades del entorno de la presa de Tavera, fortaleciendo la conectividad y el desarrollo productivo.<\/p>\n\n\n\n<p>En ese sentido, resalt\u00f3 que estas obras reflejan el&nbsp;<strong>compromiso del presidente Abinader con transformar la vida de la gente mediante acciones concretas<\/strong><em>. \u201cAqu\u00ed hay un Gobierno que no solo planifica, sino que ejecuta y cumple, llevando soluciones reales a comunidades que durante d\u00e9cadas esperaron ser atendidas\u201d.<\/em><\/p>\n\n\n\n<p>En tanto, la gobernadora de La Vega,&nbsp;<strong>Luisa Jim\u00e9nez<\/strong>, expres\u00f3 su&nbsp;<strong>agradecimiento<\/strong>&nbsp;al presidente Abinader por las obras ejecutadas en la provincia, al destacar que su gesti\u00f3n no solo prioriza grandes infraestructuras, sino tambi\u00e9n las comunidades m\u00e1s distantes, contribuyendo a que&nbsp;<strong>sus habitantes se sientan valorados e incluidos en el desarrollo nacional<\/strong>. Agreg\u00f3 que estas intervenciones fortalecen la conectividad y&nbsp;<strong>generan oportunidades<\/strong>&nbsp;que impactan directamente en la&nbsp;<strong>calidad de vida<\/strong>&nbsp;de la gente.<em>&nbsp;\u201cSiga trabajando, presidente, como lo ha hecho hasta ahora; por eso lo queremos\u201d.<\/em><\/p>\n\n\n\n<p>Asimismo, la profesora&nbsp;<strong>Kenia Bid\u00f3<\/strong>, en representaci\u00f3n de los comunitarios, expres\u00f3 que&nbsp;<strong>las comunidades del distrito municipal de Tavera est\u00e1n de fiesta<\/strong>&nbsp;tras m\u00e1s de 50 a\u00f1os de espera por obras de esta magnitud, y dijo que nunca antes ning\u00fan gobierno hab\u00eda impactado de manera tan directa a estas localidades, por lo que agradeci\u00f3 al presidente Luis Abinader hacer realidad un anhelo hist\u00f3rico.&nbsp;<em>\u201cSe\u00f1or presidente, esta obra quedar\u00e1 como un ejemplo de que cuando hay voluntad, se pasa de prometer a ejecutar y hoy a cumplir\u201d.<\/em><\/p>\n\n\n\n<p><strong>Detalles de la obra<\/strong><\/p>\n\n\n\n<p>Los trabajos incluyeron excavaci\u00f3n de taludes, ampliaci\u00f3n de la calzada, relleno en plataforma, tratamiento de subrasante, aplicaci\u00f3n de base granular triturada, riego de imprimaci\u00f3n y aplicaci\u00f3n de carpeta asf\u00e1ltica. Adem\u00e1s, la construcci\u00f3n de alcantarillas, cunetas de v\u00eda, cabezales, cunetas de taludes y descendidas de agua en taludes, construcci\u00f3n de contenciones tipo terramesh, tratamiento de taludes con hormig\u00f3n lanzado y revestimiento vegetal con hidrosiembra y protecci\u00f3n con biomanta.<\/p>\n\n\n\n<figure class=\"wp-block-image\"><img decoding=\"async\" src=\"https:\/\/www.presidencia.gob.do\/sites\/default\/files\/inline-images\/1001565659.jpg\" alt=\"\"\/><\/figure>\n\n\n\n<p>Para hacer la v\u00eda m\u00e1s funcional, se construyeron aceras al paso por las comunidades, accesos a viviendas, se\u00f1alizaci\u00f3n vertical y horizontal y barandas met\u00e1licas de protecci\u00f3n.<\/p>\n\n\n\n<p>Estuvieron presentes el senador Ram\u00f3n Rogelio Genao; los alcaldes del distrito municipal de Tavera, Marino Abreu; de Jarabacoa, Jos\u00e9 Antonio Abreu; del distrito municipal Buena Vista, Stanley Ure\u00f1a y el diputado Rogelio Alfonso Genao.<\/p>\n","protected":false},"excerpt":{"rendered":"<p>Ademas, por menci\u00f3n, deja inaugurada la reconstrucci\u00f3n de la carretera La Gina\u2013Conuco Viejo\u2013El Jobo y el tramo La Gina\u2013Cementerio de Gina Hueca. 25 de Abril 2026 La Vega, RD.- Tras\u00a0m\u00e1s de 50 a\u00f1os de espera\u00a0el presidente\u00a0Luis Abinader inaugur\u00f3\u00a0este sabado la carretera que enlaza el distrito municipal de\u00a0Tavera\u00a0con el municipio de\u00a0Jarabacoa, en la provincia de\u00a0La Vega, [&hellip;]<\/p>\n","protected":false},"author":2,"featured_media":675386,"comment_status":"open","ping_status":"closed","sticky":false,"template":"","format":"standard","meta":{"footnotes":""},"categories":[36,32],"tags":[4105,5670],"class_list":["post-675385","post","type-post","status-publish","format-standard","has-post-thumbnail","hentry","category-hombresmujeresycosas","category-turismo","tag-abinader","tag-tavera-jarabacoa"],"_links":{"self":[{"href":"https:\/\/diariodominicano.com\/index.php?rest_route=\/wp\/v2\/posts\/675385","targetHints":{"allow":["GET"]}}],"collection":[{"href":"https:\/\/diariodominicano.com\/index.php?rest_route=\/wp\/v2\/posts"}],"about":[{"href":"https:\/\/diariodominicano.com\/index.php?rest_route=\/wp\/v2\/types\/post"}],"author":[{"embeddable":true,"href":"https:\/\/diariodominicano.com\/index.php?rest_route=\/wp\/v2\/users\/2"}],"replies":[{"embeddable":true,"href":"https:\/\/diariodominicano.com\/index.php?rest_route=%2Fwp%2Fv2%2Fcomments&post=675385"}],"version-history":[{"count":2,"href":"https:\/\/diariodominicano.com\/index.php?rest_route=\/wp\/v2\/posts\/675385\/revisions"}],"predecessor-version":[{"id":675388,"href":"https:\/\/diariodominicano.com\/index.php?rest_route=\/wp\/v2\/posts\/675385\/revisions\/675388"}],"wp:featuredmedia":[{"embeddable":true,"href":"https:\/\/diariodominicano.com\/index.php?rest_route=\/wp\/v2\/media\/675386"}],"wp:attachment":[{"href":"https:\/\/diariodominicano.com\/index.php?rest_route=%2Fwp%2Fv2%2Fmedia&parent=675385"}],"wp:term":[{"taxonomy":"category","embeddable":true,"href":"https:\/\/diariodominicano.com\/index.php?rest_route=%2Fwp%2Fv2%2Fcategories&post=675385"},{"taxonomy":"post_tag","embeddable":true,"href":"https:\/\/diariodominicano.com\/index.php?rest_route=%2Fwp%2Fv2%2Ftags&post=675385"}],"curies":[{"name":"wp","href":"https:\/\/api.w.org\/{rel}","templated":true}]}}