{"id":675383,"date":"2026-04-26T02:49:39","date_gmt":"2026-04-26T06:49:39","guid":{"rendered":"https:\/\/diariodominicano.com\/?p=675383"},"modified":"2026-04-26T03:12:33","modified_gmt":"2026-04-26T07:12:33","slug":"abinader-recorre-feria-regional-del-libro-santiago-2026-y-llama-a-la-poblacion-a-visitarla","status":"publish","type":"post","link":"https:\/\/diariodominicano.com\/?p=675383","title":{"rendered":"Abinader recorre Feria Regional del Libro Santiago 2026 y llama a la poblaci\u00f3n a visitarla"},"content":{"rendered":"\n<p>25 de Abril 2026 <\/p>\n\n\n\n<figure class=\"wp-block-image\"><img decoding=\"async\" src=\"https:\/\/www.presidencia.gob.do\/sites\/default\/files\/styles\/large\/public\/news\/2026-04\/1001566327.jpg?itok=vwEh5PsX\" alt=\"Presidente \"\/><\/figure>\n\n\n\n<p>Destaca que es la feria m\u00e1s grande celebrada en Santiago y el Cibao y se retoma tras m\u00e1s de dos d\u00e9cadas sin efectuarse.<\/p>\n\n\n\n<p>Santiago.\u2013\u00a0<strong>El presidente Luis Abinader<\/strong>\u00a0en compa\u00f1\u00eda del ministro de Cultura,\u00a0<strong>Roberto \u00c1ngel Salcedo<\/strong>, realiz\u00f3 un\u00a0<strong>recorrido<\/strong>\u00a0por la\u00a0<strong>Feria Regional del Libro Santiago 2026,<\/strong>\u00a0donde destac\u00f3 la magnitud y diversidad cultural del evento e invit\u00f3 a la poblaci\u00f3n de\u00a0<strong>Santiago<\/strong>, as\u00ed como a toda la regi\u00f3n del\u00a0<strong>Cibao,<\/strong>\u00a0para disfrutar de esta iniciativa que re\u00fane\u00a0<strong>expresiones representativas de cada provincia<\/strong>, a la vez que promueve el\u00a0<strong>acceso a la cultura.<\/strong><\/p>\n\n\n\n<p>Durante su visita, el mandatario recorri\u00f3 los&nbsp;<strong>distintos pabellones<\/strong>&nbsp;instalados en el Gran Teatro del Cibao, incluyendo el&nbsp;<strong>Pabell\u00f3n Regional<\/strong>, que integra a las&nbsp;<strong>14 provincias del Cibao<\/strong>, as\u00ed como las \u00e1reas de librer\u00edas y editoriales, identidad y ciudadan\u00eda, c\u00f3mic, infantil, artesan\u00eda y gastronom\u00eda, en inter\u00e9s de valorar&nbsp;<strong>la riqueza cultural y creativa<\/strong>&nbsp;expuesta.<\/p>\n\n\n\n<p><em>\u201cEn esta Feria del Libro y de la Cultura que estamos haciendo ahora, retomando esta pr\u00e1ctica que se hab\u00eda suspendido desde hace m\u00e1s de 20 a\u00f1os, pero que es la m\u00e1s grande de las que se han hecho en Santiago y el Cibao, le queremos pedir no solamente a todos los habitantes de Santiago y de los municipios de la provincia, sino tambi\u00e9n a todo el Cibao, que vengan a ver\u201d,&nbsp;<\/em>expres\u00f3 el presidente Abinader.<\/p>\n\n\n\n<figure class=\"wp-block-image\"><img decoding=\"async\" src=\"https:\/\/www.presidencia.gob.do\/sites\/default\/files\/inline-images\/1001566325.jpg\" alt=\"\"\/><\/figure>\n\n\n\n<p>Se\u00f1al\u00f3 que en esta feria regional<em>&nbsp;\u201chay un pedacito de cada provincia del Cibao; aqu\u00ed hay un pedacito de cada cultura, desde Saman\u00e1, Mar\u00eda Trinidad S\u00e1nchez, Hermanas Mirabal, hasta la provincia Duarte; la L\u00ednea Noroeste, las cuatro provincias: Valverde Mao, Santiago Rodr\u00edguez, Dajab\u00f3n, Montecristi; Puerto Plata, Espaillat, S\u00e1nchez Ram\u00edrez, La Vega, Monse\u00f1or Nouel\u201d.<\/em><\/p>\n\n\n\n<p><em>\u201cTodas estas provincias, que vengan a ver y que disfruten de esta que es una sorpresa muy positiva para m\u00ed, de esta Feria del Libro. Y felicito tambi\u00e9n al Ministerio de Cultura por esta iniciativa de mucho \u00e9xito que se merece Santiago y toda la regi\u00f3n del Cibao\u201d,<\/em>&nbsp;expres\u00f3 el mandatario.<\/p>\n\n\n\n<p>En el marco de esta visita, el presidente Abinader&nbsp;<strong>instruy\u00f3 al Ministerio de Cultura dar cumplimiento anual a la realizaci\u00f3n de esta feria<\/strong>&nbsp;desde la ciudad de Santiago, como parte de la pol\u00edtica de&nbsp;<strong>descentralizaci\u00f3n cultural<\/strong>&nbsp;y fortalecimiento del&nbsp;<strong>acceso a la lectura&nbsp;<\/strong>en todo el pa\u00eds.<\/p>\n\n\n\n<figure class=\"wp-block-image\"><img decoding=\"async\" src=\"https:\/\/www.presidencia.gob.do\/sites\/default\/files\/inline-images\/1001566326.jpg\" alt=\"\"\/><\/figure>\n\n\n\n<p>Asimismo, sostuvo un&nbsp;<strong>cercano intercambio<\/strong>&nbsp;<strong>con estudiantes de la escuela primaria Jap\u00f3n, de Hato del Yaque, y del centro experimental Emilio Prud\u2019Homme<\/strong>&nbsp;de Santiago, a quienes motiv\u00f3 a cultivar la&nbsp;<strong>persistencia<\/strong>&nbsp;como herramienta clave para alcanzar el \u00e9xito y a desarrollar el h\u00e1bito de<strong>&nbsp;la lectura como base de su formaci\u00f3n integral.<\/strong><\/p>\n\n\n\n<figure class=\"wp-block-image\"><img decoding=\"async\" src=\"https:\/\/www.presidencia.gob.do\/sites\/default\/files\/inline-images\/1001566319.jpg\" alt=\"\"\/><\/figure>\n\n\n\n<p>La feria, que se desarrolla del 20 al 26 de abril, contempla una amplia&nbsp;<strong>programaci\u00f3n de m\u00e1s de 250 actividades<\/strong>, incluyendo presentaciones de libros, talleres, paneles, recitales, exhibiciones y espect\u00e1culos art\u00edsticos, con una&nbsp;<strong>proyecci\u00f3n de asistencia superior a las 120,000 personas.<\/strong><\/p>\n\n\n\n<p>Durante el recorrido, el presidente estuvo&nbsp;<strong>acompa\u00f1ado por las 14 gobernadoras<\/strong>&nbsp;de las provincias del Cibao; el senador de Santiago,&nbsp;<strong>Daniel Rivera<\/strong>; el alcalde del municipio de Santiago,&nbsp;<strong>Ulises Rodr\u00edguez<\/strong>; el director general de Coraasan,&nbsp;<strong>Andr\u00e9s Cueto<\/strong>; la directora del Gran Teatro del Cibao,&nbsp;<strong>Chiqui Checo,&nbsp;<\/strong>y la exembajadora&nbsp;<strong>Sonia Guzm\u00e1n<\/strong>.<\/p>\n\n\n\n<p>Con informaci\u00f3n de la Presidencia de la Rep\u00fablica.<\/p>\n","protected":false},"excerpt":{"rendered":"<p>25 de Abril 2026 Destaca que es la feria m\u00e1s grande celebrada en Santiago y el Cibao y se retoma tras m\u00e1s de dos d\u00e9cadas sin efectuarse. Santiago.\u2013\u00a0El presidente Luis Abinader\u00a0en compa\u00f1\u00eda del ministro de Cultura,\u00a0Roberto \u00c1ngel Salcedo, realiz\u00f3 un\u00a0recorrido\u00a0por la\u00a0Feria Regional del Libro Santiago 2026,\u00a0donde destac\u00f3 la magnitud y diversidad cultural del evento e [&hellip;]<\/p>\n","protected":false},"author":2,"featured_media":0,"comment_status":"open","ping_status":"closed","sticky":false,"template":"","format":"standard","meta":{"footnotes":""},"categories":[21,20,27],"tags":[4105,5669],"class_list":["post-675383","post","type-post","status-publish","format-standard","hentry","category-cultura","category-dominicana-hoy","category-portada","tag-abinader","tag-feria-regional-del-libro-santiago-2026"],"_links":{"self":[{"href":"https:\/\/diariodominicano.com\/index.php?rest_route=\/wp\/v2\/posts\/675383","targetHints":{"allow":["GET"]}}],"collection":[{"href":"https:\/\/diariodominicano.com\/index.php?rest_route=\/wp\/v2\/posts"}],"about":[{"href":"https:\/\/diariodominicano.com\/index.php?rest_route=\/wp\/v2\/types\/post"}],"author":[{"embeddable":true,"href":"https:\/\/diariodominicano.com\/index.php?rest_route=\/wp\/v2\/users\/2"}],"replies":[{"embeddable":true,"href":"https:\/\/diariodominicano.com\/index.php?rest_route=%2Fwp%2Fv2%2Fcomments&post=675383"}],"version-history":[{"count":1,"href":"https:\/\/diariodominicano.com\/index.php?rest_route=\/wp\/v2\/posts\/675383\/revisions"}],"predecessor-version":[{"id":675384,"href":"https:\/\/diariodominicano.com\/index.php?rest_route=\/wp\/v2\/posts\/675383\/revisions\/675384"}],"wp:attachment":[{"href":"https:\/\/diariodominicano.com\/index.php?rest_route=%2Fwp%2Fv2%2Fmedia&parent=675383"}],"wp:term":[{"taxonomy":"category","embeddable":true,"href":"https:\/\/diariodominicano.com\/index.php?rest_route=%2Fwp%2Fv2%2Fcategories&post=675383"},{"taxonomy":"post_tag","embeddable":true,"href":"https:\/\/diariodominicano.com\/index.php?rest_route=%2Fwp%2Fv2%2Ftags&post=675383"}],"curies":[{"name":"wp","href":"https:\/\/api.w.org\/{rel}","templated":true}]}}