{"id":675380,"date":"2026-04-26T02:35:40","date_gmt":"2026-04-26T06:35:40","guid":{"rendered":"https:\/\/diariodominicano.com\/?p=675380"},"modified":"2026-04-26T02:35:50","modified_gmt":"2026-04-26T06:35:50","slug":"presidente-abinader-inaugura-carretera-cruce-de-pedregal-la-guazuma-para-impulsar-desarrollo-en-la-sierra-de-santiago","status":"publish","type":"post","link":"https:\/\/diariodominicano.com\/?p=675380","title":{"rendered":"Presidente Abinader inaugura carretera Cruce de Pedregal\u2013La Gu\u00e1zuma para impulsar desarrollo en La Sierra de Santiago"},"content":{"rendered":"\n<h3 class=\"wp-block-heading\">En el mismo acto, dej\u00f3 inaugurada por menci\u00f3n la carretera Rinc\u00f3n de Piedra-Carrizal, San Jos\u00e9 de las Matas<\/h3>\n\n\n\n<p>25 de Abril 2026 | 15:55<\/p>\n\n\n\n<figure class=\"wp-block-image\"><img decoding=\"async\" src=\"https:\/\/www.presidencia.gob.do\/sites\/default\/files\/styles\/large\/public\/news\/2026-04\/1001566059.jpg?itok=oxj-AKAC\" alt=\"Presidente \"\/><\/figure>\n\n\n\n<p>:<em>En el mismo acto, dej\u00f3 inaugurada por menci\u00f3n la carretera Rinc\u00f3n de Piedra-Carrizal, San Jos\u00e9 de las Matas<\/em><\/p>\n\n\n\n<figure class=\"wp-block-image\"><img decoding=\"async\" src=\"https:\/\/platform-cdn.sharethis.com\/img\/facebook.svg\" alt=\"facebook sharing button\"\/><\/figure>\n\n\n\n<figure class=\"wp-block-image\"><img decoding=\"async\" src=\"https:\/\/platform-cdn.sharethis.com\/img\/sharethis.svg\" alt=\"sharethis sharing button\"\/><\/figure>\n\n\n\n<p>San Jos\u00e9 de las Matas, RD, .- El presidente\u00a0<strong>Luis Abinader<\/strong>, junto con el administrador general de la \u00a0Empresa de Generaci\u00f3n Hidroel\u00e9ctrica Dominicana (Egehid),\u00a0<strong>Rafael Salazar<\/strong>, inaugur\u00f3 el s\u00e1bado la\u00a0<strong>carretera Cruce de Pedregal- La Gu\u00e1zuma<\/strong>, en el municipio de San Jos\u00e9 de las Matas, una infraestructura de gran impacto para el desarrollo integral de las comunidades que mejora la\u00a0<strong>conectividad vial<\/strong>\u00a0y el\u00a0<strong>intercambio<\/strong>\u00a0comercial, adem\u00e1s de elevar el\u00a0<strong>potencial ecotur\u00edstico<\/strong>\u00a0de La Sierra de Santiago.<\/p>\n\n\n\n<p>La v\u00eda, de 9.8 kil\u00f3metros de longitud, reconstruida por la Empresa de Generaci\u00f3n Hidroel\u00e9ctrica Dominicana (Egehid), con una&nbsp;<strong>inversi\u00f3n superior a los RD 872 millones,<\/strong>&nbsp;impacta las poblaciones de&nbsp;<strong>Pedregal, Los Montones, Carrizal y La Gu\u00e1zuma<\/strong>, de San Jos\u00e9 de las Matas, provincia de Santiago.<\/p>\n\n\n\n<p>La intervenci\u00f3n consisti\u00f3 en la construcci\u00f3n y rehabilitaci\u00f3n del sistema de drenaje pluvial, aceras, contenes, badenes, cunetas, canaletas, sistemas de contenci\u00f3n, sustituci\u00f3n de base, construcci\u00f3n y restauraci\u00f3n de alcantarillas, asfaltado de v\u00eda y se\u00f1alizaci\u00f3n vertical y horizontal.<\/p>\n\n\n\n<figure class=\"wp-block-image\"><img decoding=\"async\" src=\"https:\/\/www.presidencia.gob.do\/sites\/default\/files\/inline-images\/1001566060.jpg\" alt=\"\"\/><\/figure>\n\n\n\n<p>En el mismo acto, el presidente Abinader dej\u00f3 inaugurada la carretera&nbsp;<strong>Rinc\u00f3n de Piedra-Carrizal<\/strong>, tambi\u00e9n en San Jos\u00e9 de las Matas, reconstruida por Egehid a un costo de&nbsp;<strong>RD 272 millones<\/strong>. Este tramo, de 3.02 kil\u00f3metros, beneficia a las comunidades de Rinc\u00f3n de Piedra y Carrizal, e incluye obras de arte, drenaje pluvial, drenaje franc\u00e9s y drenes profundos, carpeta de pavimentaci\u00f3n asf\u00e1ltica y se\u00f1alizaci\u00f3n.<\/p>\n\n\n\n<p>Durante la actividad, el administrador general de Egehid manifest\u00f3 que&nbsp;<strong>el presidente Abinader est\u00e1 comprometido con el desarrollo de la comunidad&nbsp;<\/strong>y que tanto la empresa contratista como la instituci\u00f3n que dirige cumplen con las&nbsp;<strong>directrices que les traza el mandatario.<\/strong><\/p>\n\n\n\n<p>Salazar indic\u00f3 que en la construcci\u00f3n de la v\u00eda se hizo el mayor esfuerzo para dotarla de&nbsp;<strong>la mejor calidad<\/strong>&nbsp;para una obra realizada en una zona con las&nbsp;<strong>caracter\u00edsticas de esta sierra<\/strong>, en donde la&nbsp;<strong>corrent\u00eda del agua<\/strong>&nbsp;que desciende de la monta\u00f1a tiene un fuerte impacto en las infraestructuras viales.<\/p>\n\n\n\n<figure class=\"wp-block-image\"><img decoding=\"async\" src=\"https:\/\/www.presidencia.gob.do\/sites\/default\/files\/inline-images\/1001566056.jpg\" alt=\"\"\/><\/figure>\n\n\n\n<p>De su lado, la gobernadora de Santiago,&nbsp;<strong>Rosa Santos<\/strong>, manifest\u00f3 que en los pasados 20 a\u00f1os&nbsp;<strong>la zona serrana fue vista con timidez&nbsp;<\/strong>y esto&nbsp;<strong>cambi\u00f3 hace cinco a\u00f1os<\/strong>&nbsp;con la llegada de Luis Abinader a la presidencia, quien ha puesto&nbsp;<strong>empe\u00f1o<\/strong>&nbsp;en las obras para el&nbsp;<strong>desarrollo de la demarcaci\u00f3n<\/strong>.<\/p>\n\n\n\n<p>En similares t\u00e9rminos se expres\u00f3&nbsp;<strong>Evelyn Rodr\u00edguez<\/strong>, al pronunciar las palabras de agradecimiento&nbsp;<strong>en representaci\u00f3n de la comunidad<\/strong>, destacando la calidad de la obra y los&nbsp;<strong>beneficios<\/strong>&nbsp;para los que residen en la zona de impacto.<\/p>\n\n\n\n<p><em>\u00abEsta carretera no es solo una v\u00eda de transporte, es un camino hacia la salud, la educaci\u00f3n y el crecimiento econ\u00f3mico de nuestras familias. Se\u00f1or presidente, esta obra impulsa el turismo interno, facilita el traslado de nuestras producciones agr\u00edcolas y, sobre todo, eleva la calidad de vida de cada ciudadano aqu\u00ed presente\u00bb,<\/em>&nbsp;manifest\u00f3.<\/p>\n\n\n\n<p>La bendici\u00f3n de la obra estuvo a cargo del sacerdote&nbsp;<strong>Anderson Fabi\u00e1n Paula<\/strong>, p\u00e1rroco de la iglesia Nuestra Se\u00f1ora del Carmen.<\/p>\n\n\n\n<p>Con informaci\u00f3n de la Presidencia de la Rep\u00fablica.<\/p>\n","protected":false},"excerpt":{"rendered":"<p>En el mismo acto, dej\u00f3 inaugurada por menci\u00f3n la carretera Rinc\u00f3n de Piedra-Carrizal, San Jos\u00e9 de las Matas 25 de Abril 2026 | 15:55 :En el mismo acto, dej\u00f3 inaugurada por menci\u00f3n la carretera Rinc\u00f3n de Piedra-Carrizal, San Jos\u00e9 de las Matas San Jos\u00e9 de las Matas, RD, .- El presidente\u00a0Luis Abinader, junto con el [&hellip;]<\/p>\n","protected":false},"author":2,"featured_media":675381,"comment_status":"open","ping_status":"closed","sticky":false,"template":"","format":"standard","meta":{"footnotes":""},"categories":[20,27,32],"tags":[5668],"class_list":["post-675380","post","type-post","status-publish","format-standard","has-post-thumbnail","hentry","category-dominicana-hoy","category-portada","category-turismo","tag-cruce-de-pedregal-la-guazuma"],"_links":{"self":[{"href":"https:\/\/diariodominicano.com\/index.php?rest_route=\/wp\/v2\/posts\/675380","targetHints":{"allow":["GET"]}}],"collection":[{"href":"https:\/\/diariodominicano.com\/index.php?rest_route=\/wp\/v2\/posts"}],"about":[{"href":"https:\/\/diariodominicano.com\/index.php?rest_route=\/wp\/v2\/types\/post"}],"author":[{"embeddable":true,"href":"https:\/\/diariodominicano.com\/index.php?rest_route=\/wp\/v2\/users\/2"}],"replies":[{"embeddable":true,"href":"https:\/\/diariodominicano.com\/index.php?rest_route=%2Fwp%2Fv2%2Fcomments&post=675380"}],"version-history":[{"count":1,"href":"https:\/\/diariodominicano.com\/index.php?rest_route=\/wp\/v2\/posts\/675380\/revisions"}],"predecessor-version":[{"id":675382,"href":"https:\/\/diariodominicano.com\/index.php?rest_route=\/wp\/v2\/posts\/675380\/revisions\/675382"}],"wp:featuredmedia":[{"embeddable":true,"href":"https:\/\/diariodominicano.com\/index.php?rest_route=\/wp\/v2\/media\/675381"}],"wp:attachment":[{"href":"https:\/\/diariodominicano.com\/index.php?rest_route=%2Fwp%2Fv2%2Fmedia&parent=675380"}],"wp:term":[{"taxonomy":"category","embeddable":true,"href":"https:\/\/diariodominicano.com\/index.php?rest_route=%2Fwp%2Fv2%2Fcategories&post=675380"},{"taxonomy":"post_tag","embeddable":true,"href":"https:\/\/diariodominicano.com\/index.php?rest_route=%2Fwp%2Fv2%2Ftags&post=675380"}],"curies":[{"name":"wp","href":"https:\/\/api.w.org\/{rel}","templated":true}]}}