{"id":675377,"date":"2026-04-26T02:18:18","date_gmt":"2026-04-26T06:18:18","guid":{"rendered":"https:\/\/diariodominicano.com\/?p=675377"},"modified":"2026-04-26T02:18:23","modified_gmt":"2026-04-26T06:18:23","slug":"violencia-afecta-suroeste-de-colombia-ejercito-anuncio-ofensiva","status":"publish","type":"post","link":"https:\/\/diariodominicano.com\/?p=675377","title":{"rendered":"Violencia afecta suroeste de Colombia, Ej\u00e9rcito anunci\u00f3 ofensiva"},"content":{"rendered":"\n<p>Bogot\u00e1, 26 abr (Prensa Latina) Una escalada violenta afecta hoy al suroeste de Colombia, blanco de una serie de ataques en varios de los municipios de esa regi\u00f3n que dejan hasta la fecha 14 muertos, decenas de heridos y cuantiosos da\u00f1os materiales.<\/p>\n\n\n\n<ul class=\"wp-block-list\">\n<li><a href=\"https:\/\/www.prensa-latina.cu\/2026\/04\/26\/\"><time>abril 26, 2026 | 00:08<\/time><\/a><\/li>\n<\/ul>\n\n\n\n<ul class=\"wp-block-list\">\n<li><a href=\"https:\/\/www.prensa-latina.cu\/2026\/04\/26\/violencia-afecta-suroeste-de-colombia-ejercito-anuncio-ofensiva\/#\"><\/a><\/li>\n\n\n\n<li><a href=\"https:\/\/www.prensa-latina.cu\/2026\/04\/26\/violencia-afecta-suroeste-de-colombia-ejercito-anuncio-ofensiva\/#\"><\/a><\/li>\n\n\n\n<li><a href=\"https:\/\/www.prensa-latina.cu\/2026\/04\/26\/violencia-afecta-suroeste-de-colombia-ejercito-anuncio-ofensiva\/#\"><\/a><\/li>\n\n\n\n<li><a href=\"https:\/\/www.prensa-latina.cu\/2026\/04\/26\/violencia-afecta-suroeste-de-colombia-ejercito-anuncio-ofensiva\/#\"><\/a><\/li>\n<\/ul>\n\n\n\n<p>El m\u00e1s mort\u00edfero de los atentados ocurri\u00f3 la v\u00edspera cuando un cilindro bomba estall\u00f3 al paso de un \u00f3mnibus en el sector conocido como El T\u00fanel, en Cajib\u00edo (Cauca), y adem\u00e1s de v\u00edctimas fatales y heridos, provoc\u00f3 graves afectaciones en la v\u00eda Panamericana.<\/p>\n\n\n\n<p>Este evento se sum\u00f3 a varios de esa misma naturaleza ocurridos en las \u00faltimas horas en la misma zona, pero este result\u00f3 el \u00fanico que hasta el momento dej\u00f3 fallecidos.<\/p>\n\n\n\n<p>Aunque inicialmente medios noticiosos hablaron de siete muertos y 17 lesionados, los decesos subieron a 14, de acuerdo con reportes de medios locales, que citan a autoridades locales, y el n\u00famero de heridos ascendi\u00f3 a 38.<\/p>\n\n\n\n<p>La escalada violenta comenz\u00f3 el pasado viernes con un atentado registrado frente a la sede de la Tercera Brigada del Ej\u00e9rcito Nacional en el Cant\u00f3n Militar Pichincha, en el sur de Cali, capital de Valle del Cauca.<\/p>\n\n\n\n<p>El ataque caus\u00f3 heridas a dos mujeres y da\u00f1os a la infraestructura circundante.<\/p>\n\n\n\n<p>Posteriormente se registr\u00f3 la activaci\u00f3n de un carro bomba contra el batall\u00f3n Agust\u00edn Codazzi, ubicado en el municipio de Palmira, Valle del Cauca.<\/p>\n\n\n\n<p>Luego se conoci\u00f3 de otro estallido en la v\u00eda Panamericana, en el corregimiento de Mojarras, municipio de Mercaderes (Cauca), que dej\u00f3 un saldo seis personas heridas, entre ellas un menor de edad, informaron medios noticiosos locales.<\/p>\n\n\n\n<p>Fuentes castrenses revelaron que entre las detonaciones que involucraron explosivos y hostigamientos a la fuerza p\u00fablica ocurrieron m\u00e1s de una veintena de estos sucesos.<\/p>\n\n\n\n<p>Debido al deterioro del orden p\u00fablico, el Gobierno de Colombia anunci\u00f3 una ofensiva militar y policial para desarticular los grupos criminales que operan en el suroeste.<\/p>\n\n\n\n<p>De acuerdo con una informaci\u00f3n divulgada por el Ministerio de Defensa, las acciones contar\u00e1n con tecnolog\u00eda de punta y una bolsa de recompensas para dar con el paradero de cabecillas del autodenominado Estado Mayor Central (EMC), grupo al que se le atribuye la escalada de la violencia.<\/p>\n\n\n\n<p>Seg\u00fan trascendi\u00f3, ocho pelotones adicionales del Ej\u00e9rcito Nacional y otros dos blindados, ser\u00e1n desplegados en zonas del sur del Valle del Cauca y norte del Cauca.<\/p>\n\n\n\n<p>Fueron anunciadas recompensas de hasta cinco mil millones de pesos (un mill\u00f3n 407 mil d\u00f3lares al cambio actual) por alias \u2018Marlon\u2019, 500 millones de pesos (140 mil 700 d\u00f3lares) por alias \u2018Max Max\u2019 y 200 millones de pesos (56 mil 300 d\u00f3lares) por alias \u2018Yogui\u2019, quienes ser\u00edan los presuntos autores de los ataques.<\/p>\n\n\n\n<p>El presidente, Gustavo Petro, calific\u00f3 de terroristas, fascistas y narcotraficantes a los autores del atentado mortal ocurrido en Cauca. \u201cQuiero la m\u00e1xima persecuci\u00f3n mundial contra este grupo narcoterrorista. Quiero la UIAF (Unidad de Informaci\u00f3n y An\u00e1lisis Financiero) encima de sus finanzas, quiero los mejores soldados para enfrentarlos, quiero que el pueblo caucano se libere de esta mafia, detritus de la violencia\u201d, escribi\u00f3 en su cuenta de la red social X.<\/p>\n\n\n\n<p>mem\/ifs<\/p>\n\n\n\n<ul class=\"wp-block-list\">\n<li>#<a href=\"https:\/\/www.prensa-latina.cu\/etiqueta\/ataques\/\">ataques<\/a>\u00a0#<a href=\"https:\/\/www.prensa-latina.cu\/etiqueta\/colombia\/\">colombia<\/a>\u00a0#<a href=\"https:\/\/www.prensa-latina.cu\/etiqueta\/heridos\/\">heridos<\/a>\u00a0#<a href=\"https:\/\/www.prensa-latina.cu\/etiqueta\/muertos\/\">muertos<\/a>\u00a0#<a href=\"https:\/\/www.prensa-latina.cu\/etiqueta\/ofensiva\/\">ofensiva<\/a>\u00a0#<a href=\"https:\/\/www.prensa-latina.cu\/etiqueta\/violencia\/\">violencia<\/a><\/li>\n<\/ul>\n","protected":false},"excerpt":{"rendered":"<p>Bogot\u00e1, 26 abr (Prensa Latina) Una escalada violenta afecta hoy al suroeste de Colombia, blanco de una serie de ataques en varios de los municipios de esa regi\u00f3n que dejan hasta la fecha 14 muertos, decenas de heridos y cuantiosos da\u00f1os materiales. El m\u00e1s mort\u00edfero de los atentados ocurri\u00f3 la v\u00edspera cuando un cilindro bomba [&hellip;]<\/p>\n","protected":false},"author":2,"featured_media":675378,"comment_status":"open","ping_status":"closed","sticky":false,"template":"","format":"standard","meta":{"footnotes":""},"categories":[23],"tags":[310,5666],"class_list":["post-675377","post","type-post","status-publish","format-standard","has-post-thumbnail","hentry","category-internacional","tag-colombia","tag-violencia"],"_links":{"self":[{"href":"https:\/\/diariodominicano.com\/index.php?rest_route=\/wp\/v2\/posts\/675377","targetHints":{"allow":["GET"]}}],"collection":[{"href":"https:\/\/diariodominicano.com\/index.php?rest_route=\/wp\/v2\/posts"}],"about":[{"href":"https:\/\/diariodominicano.com\/index.php?rest_route=\/wp\/v2\/types\/post"}],"author":[{"embeddable":true,"href":"https:\/\/diariodominicano.com\/index.php?rest_route=\/wp\/v2\/users\/2"}],"replies":[{"embeddable":true,"href":"https:\/\/diariodominicano.com\/index.php?rest_route=%2Fwp%2Fv2%2Fcomments&post=675377"}],"version-history":[{"count":1,"href":"https:\/\/diariodominicano.com\/index.php?rest_route=\/wp\/v2\/posts\/675377\/revisions"}],"predecessor-version":[{"id":675379,"href":"https:\/\/diariodominicano.com\/index.php?rest_route=\/wp\/v2\/posts\/675377\/revisions\/675379"}],"wp:featuredmedia":[{"embeddable":true,"href":"https:\/\/diariodominicano.com\/index.php?rest_route=\/wp\/v2\/media\/675378"}],"wp:attachment":[{"href":"https:\/\/diariodominicano.com\/index.php?rest_route=%2Fwp%2Fv2%2Fmedia&parent=675377"}],"wp:term":[{"taxonomy":"category","embeddable":true,"href":"https:\/\/diariodominicano.com\/index.php?rest_route=%2Fwp%2Fv2%2Fcategories&post=675377"},{"taxonomy":"post_tag","embeddable":true,"href":"https:\/\/diariodominicano.com\/index.php?rest_route=%2Fwp%2Fv2%2Ftags&post=675377"}],"curies":[{"name":"wp","href":"https:\/\/api.w.org\/{rel}","templated":true}]}}