{"id":675365,"date":"2026-04-26T01:56:51","date_gmt":"2026-04-26T05:56:51","guid":{"rendered":"https:\/\/diariodominicano.com\/?p=675365"},"modified":"2026-04-26T02:06:47","modified_gmt":"2026-04-26T06:06:47","slug":"atacante-en-cena-de-corresponsales-de-la-casa-blanca-bajo-custodia-2","status":"publish","type":"post","link":"https:\/\/diariodominicano.com\/?p=675365","title":{"rendered":"Participar\u00e1n 35 mil corredores en la Marat\u00f3n de Santiago de Chile"},"content":{"rendered":"\n<p>Santiago de Chile, 26 abr (Prensa Latina) La Marat\u00f3n de Santiago, considerada como una de las principales citas deportivas de Chile, arranca hoy en esta capital con la participaci\u00f3n de unos 35 mil corredores de 42 pa\u00edses.<\/p>\n\n\n\n<ul class=\"wp-block-list\">\n<li><a href=\"https:\/\/www.prensa-latina.cu\/2026\/04\/26\/\"><time>abril 26, 2026 | 01:47<\/time><\/a><\/li>\n<\/ul>\n\n\n\n<ul class=\"wp-block-list\">\n<li><a href=\"https:\/\/www.prensa-latina.cu\/2026\/04\/26\/participaran-35-mil-corredores-en-la-maraton-de-santiago-de-chile\/#\"><\/a><\/li>\n\n\n\n<li><a href=\"https:\/\/www.prensa-latina.cu\/2026\/04\/26\/participaran-35-mil-corredores-en-la-maraton-de-santiago-de-chile\/#\"><\/a><\/li>\n\n\n\n<li><a href=\"https:\/\/www.prensa-latina.cu\/2026\/04\/26\/participaran-35-mil-corredores-en-la-maraton-de-santiago-de-chile\/#\"><\/a><\/li>\n\n\n\n<li><a href=\"https:\/\/www.prensa-latina.cu\/2026\/04\/26\/participaran-35-mil-corredores-en-la-maraton-de-santiago-de-chile\/#\"><\/a><\/li>\n<\/ul>\n\n\n\n<p>La edici\u00f3n 19 de esta competencia partir\u00e1 y concluir\u00e1 ante el Palacio de La Moneda, como ya es tradici\u00f3n, y comprender\u00e1 tres distancias: 10, 21 y 42 kil\u00f3metros.<\/p>\n\n\n\n<p>Aunque la mayor\u00eda de los atletas son chilenos, estar\u00e1n tambi\u00e9n representantes de pa\u00edses como Brasil, Kenia, Etiop\u00eda y Per\u00fa, lo que \u2013al decir de los organizadores- permitir\u00e1 proyectar la competencia m\u00e1s all\u00e1 de las fronteras.<\/p>\n\n\n\n<p>Durante los \u00faltimos a\u00f1os, la Marat\u00f3n logr\u00f3 convocar a figuras con registros competitivos a nivel internacional.<\/p>\n\n\n\n<p>Uno de los participantes en esta edici\u00f3n ser\u00e1 el chileno Hugo Catrileo, quien qued\u00f3 en segundo lugar en la marat\u00f3n del 2024 en los 21 kil\u00f3metros y tambi\u00e9n fue medallista de plata en los Panamericanos Santiago 2023.<\/p>\n\n\n\n<p>Catrileo competir\u00e1 ahora en los 42 kil\u00f3metros y dijo estar confiado en que pelear\u00e1 por los primeros puestos.<\/p>\n\n\n\n<p>La carrera, celebrada desde 1990, cuenta con la certificaci\u00f3n de World Athletics y forma parte del circuito internacional de maratones, lo que permite validar marcas para clasificaciones globales, entre ellos campeonatos mundiales y Juegos Ol\u00edmpicos.<\/p>\n\n\n\n<p>Su recorrido comprende ocho comunas de esta capital: Santiago, \u00d1u\u00f1oa, Macul, Pe\u00f1alol\u00e9n, La Reina, Las Condes, Vitacura y Providencia.<\/p>\n\n\n\n<p>mem\/car<\/p>\n\n\n\n<ul class=\"wp-block-list\">\n<li>#<a href=\"https:\/\/www.prensa-latina.cu\/etiqueta\/chile-maraton-de-santiago-hugo-catrileo\/\">Chile Marat\u00f3n de Santiago Hugo Catrileo<\/a><\/li>\n<\/ul>\n","protected":false},"excerpt":{"rendered":"<p>Santiago de Chile, 26 abr (Prensa Latina) La Marat\u00f3n de Santiago, considerada como una de las principales citas deportivas de Chile, arranca hoy en esta capital con la participaci\u00f3n de unos 35 mil corredores de 42 pa\u00edses. La edici\u00f3n 19 de esta competencia partir\u00e1 y concluir\u00e1 ante el Palacio de La Moneda, como ya es [&hellip;]<\/p>\n","protected":false},"author":2,"featured_media":0,"comment_status":"open","ping_status":"closed","sticky":false,"template":"","format":"standard","meta":{"footnotes":""},"categories":[17],"tags":[5664,5665],"class_list":["post-675365","post","type-post","status-publish","format-standard","hentry","category-deportes","tag-la-maraton","tag-santiago-de-chile"],"_links":{"self":[{"href":"https:\/\/diariodominicano.com\/index.php?rest_route=\/wp\/v2\/posts\/675365","targetHints":{"allow":["GET"]}}],"collection":[{"href":"https:\/\/diariodominicano.com\/index.php?rest_route=\/wp\/v2\/posts"}],"about":[{"href":"https:\/\/diariodominicano.com\/index.php?rest_route=\/wp\/v2\/types\/post"}],"author":[{"embeddable":true,"href":"https:\/\/diariodominicano.com\/index.php?rest_route=\/wp\/v2\/users\/2"}],"replies":[{"embeddable":true,"href":"https:\/\/diariodominicano.com\/index.php?rest_route=%2Fwp%2Fv2%2Fcomments&post=675365"}],"version-history":[{"count":3,"href":"https:\/\/diariodominicano.com\/index.php?rest_route=\/wp\/v2\/posts\/675365\/revisions"}],"predecessor-version":[{"id":675373,"href":"https:\/\/diariodominicano.com\/index.php?rest_route=\/wp\/v2\/posts\/675365\/revisions\/675373"}],"wp:attachment":[{"href":"https:\/\/diariodominicano.com\/index.php?rest_route=%2Fwp%2Fv2%2Fmedia&parent=675365"}],"wp:term":[{"taxonomy":"category","embeddable":true,"href":"https:\/\/diariodominicano.com\/index.php?rest_route=%2Fwp%2Fv2%2Fcategories&post=675365"},{"taxonomy":"post_tag","embeddable":true,"href":"https:\/\/diariodominicano.com\/index.php?rest_route=%2Fwp%2Fv2%2Ftags&post=675365"}],"curies":[{"name":"wp","href":"https:\/\/api.w.org\/{rel}","templated":true}]}}