{"id":675327,"date":"2026-04-26T00:22:21","date_gmt":"2026-04-26T04:22:21","guid":{"rendered":"https:\/\/diariodominicano.com\/?p=675327"},"modified":"2026-04-26T00:23:36","modified_gmt":"2026-04-26T04:23:36","slug":"danilo-medina-encabezara-actos-de-juramentacion-del-pld-este-domingo","status":"publish","type":"post","link":"https:\/\/diariodominicano.com\/?p=675327","title":{"rendered":"Danilo Medina encabezar\u00e1 actos de juramentaci\u00f3n del PLD este domingo"},"content":{"rendered":"\n<p>Danilo Medina encabezar\u00e1 el domingo sendas actividades de juramentaci\u00f3n: la primera en Mao en la ma\u00f1ana y la segunda en Santiago en horas de la tarde.<\/p>\n\n\n\n<p><\/p>\n\n\n\n<p>El expresidente Danilo Medina, presidente del Partido de la Liberaci\u00f3n Dominicana (PLD), participar\u00e1 este domingo en sendos actos de juramentaci\u00f3n de ciudadanos que apoyan las propuestas de la organizaci\u00f3n pol\u00edtica.<\/p>\n\n\n\n<p>A media ma\u00f1ana, en Mao, provincia Valverde, se realizar\u00e1 el juramento a los integrantes del movimiento Unidos Firmes al Futuro, con quienes comparti\u00f3 a inicios de a\u00f1o sobre la problem\u00e1tica econ\u00f3mica, pol\u00edtica y social de la Rep\u00fablica Dominicana.<\/p>\n\n\n\n<p>John Reyes Flores, coordinador del movimiento, ha explicado que esta estructura nace del compromiso de j\u00f3venes y ciudadanos decididos a trabajar por un pa\u00eds m\u00e1s justo, solidario e inclusivo, promoviendo liderazgo, participaci\u00f3n y acciones sociales con impacto real.<\/p>\n\n\n\n<p>Una representaci\u00f3n de miembros del Comit\u00e9 Pol\u00edtico y de la direcci\u00f3n provincial del PLD en Valverde acompa\u00f1ar\u00e1 al presidente del PLD en ese encuentro, programado para iniciar a las 10:00 de la ma\u00f1ana en el local del Club de Leones en Mao.<\/p>\n\n\n\n<p>En horas de la tarde, la comitiva del PLD que acompa\u00f1a al presidente Danilo Medina se trasladar\u00e1 a la ciudad de Santiago de los Caballeros para encabezar, junto a la direcci\u00f3n provincial de Santiago, un nuevo acto del programa De Vuelta a Casa.<\/p>\n\n\n\n<p>Mediante dicho programa, cientos de antiguos dirigentes retoman su militancia en el partido que los form\u00f3 como dirigentes pol\u00edticos: el PLD.<\/p>\n\n\n\n<p>El Comit\u00e9 Provincial de Santiago, que en rueda de prensa inform\u00f3 sobre la presencia de Danilo Medina en esa ciudad, explic\u00f3 que con esta actividad quedar\u00e1 demostrado el fortalecimiento de esa organizaci\u00f3n pol\u00edtica en la provincia y en toda la regi\u00f3n.<\/p>\n\n\n\n<p>La actividad servir\u00e1 para el reencuentro con dirigentes que hab\u00edan salido del partido.<\/p>\n\n\n\n<p>El acto est\u00e1 programado para desarrollarse en el gran sal\u00f3n del Hotel Aloha Sol, en Santiago de los Caballeros, a partir de las 3:00 de la tarde.<\/p>\n\n\n\n<p>SECRETAR\u00cdA DE COMUNICACIONES<\/p>\n\n\n\n<p>25 de abril de 2026<\/p>\n","protected":false},"excerpt":{"rendered":"<p>Danilo Medina encabezar\u00e1 el domingo sendas actividades de juramentaci\u00f3n: la primera en Mao en la ma\u00f1ana y la segunda en Santiago en horas de la tarde. El expresidente Danilo Medina, presidente del Partido de la Liberaci\u00f3n Dominicana (PLD), participar\u00e1 este domingo en sendos actos de juramentaci\u00f3n de ciudadanos que apoyan las propuestas de la organizaci\u00f3n [&hellip;]<\/p>\n","protected":false},"author":2,"featured_media":675329,"comment_status":"open","ping_status":"closed","sticky":false,"template":"","format":"standard","meta":{"footnotes":""},"categories":[22],"tags":[364],"class_list":["post-675327","post","type-post","status-publish","format-standard","has-post-thumbnail","hentry","category-politica","tag-danilo-medina"],"_links":{"self":[{"href":"https:\/\/diariodominicano.com\/index.php?rest_route=\/wp\/v2\/posts\/675327","targetHints":{"allow":["GET"]}}],"collection":[{"href":"https:\/\/diariodominicano.com\/index.php?rest_route=\/wp\/v2\/posts"}],"about":[{"href":"https:\/\/diariodominicano.com\/index.php?rest_route=\/wp\/v2\/types\/post"}],"author":[{"embeddable":true,"href":"https:\/\/diariodominicano.com\/index.php?rest_route=\/wp\/v2\/users\/2"}],"replies":[{"embeddable":true,"href":"https:\/\/diariodominicano.com\/index.php?rest_route=%2Fwp%2Fv2%2Fcomments&post=675327"}],"version-history":[{"count":2,"href":"https:\/\/diariodominicano.com\/index.php?rest_route=\/wp\/v2\/posts\/675327\/revisions"}],"predecessor-version":[{"id":675331,"href":"https:\/\/diariodominicano.com\/index.php?rest_route=\/wp\/v2\/posts\/675327\/revisions\/675331"}],"wp:featuredmedia":[{"embeddable":true,"href":"https:\/\/diariodominicano.com\/index.php?rest_route=\/wp\/v2\/media\/675329"}],"wp:attachment":[{"href":"https:\/\/diariodominicano.com\/index.php?rest_route=%2Fwp%2Fv2%2Fmedia&parent=675327"}],"wp:term":[{"taxonomy":"category","embeddable":true,"href":"https:\/\/diariodominicano.com\/index.php?rest_route=%2Fwp%2Fv2%2Fcategories&post=675327"},{"taxonomy":"post_tag","embeddable":true,"href":"https:\/\/diariodominicano.com\/index.php?rest_route=%2Fwp%2Fv2%2Ftags&post=675327"}],"curies":[{"name":"wp","href":"https:\/\/api.w.org\/{rel}","templated":true}]}}