{"id":675323,"date":"2026-04-26T00:16:16","date_gmt":"2026-04-26T04:16:16","guid":{"rendered":"https:\/\/diariodominicano.com\/?p=675323"},"modified":"2026-04-26T00:18:13","modified_gmt":"2026-04-26T04:18:13","slug":"el-crimen-de-agresion-y-los-danos-al-medio-ambiente","status":"publish","type":"post","link":"https:\/\/diariodominicano.com\/?p=675323","title":{"rendered":"El crimen de agresi\u00f3n y los da\u00f1os al medio ambiente"},"content":{"rendered":"\n<p><strong>Por Rommel Santos Diaz<\/strong><\/p>\n\n\n\n<p>El crimen de agresi\u00f3n plantea una amenaza singular al entorno natural no solo porque la fuerza militar que toma parte en el acto de agresi\u00f3n normalmente causa da\u00f1os ambientales, sino tambi\u00e9n porque los actos de agresi\u00f3n a menudo desencadenan conflictos armados que causen nuevos da\u00f1os al medio ambiente.<\/p>\n\n\n\n<p><\/p>\n\n\n\n<p>El articulo 8 bis, del Estatuto de Roma de la Corte Penal Internacional tipifica como crimen la agresi\u00f3n que tiene lugar cuando se planifica, prepara, inicia o realiza un acto de agresi\u00f3n que por sus caracter\u00edsticas, gravedad y escala constituya una violaci\u00f3n manifiesta de la Carta de las Naciones Unidas.<\/p>\n\n\n\n<p>En el art\u00edculo 8 bis del Estatuto de Roma de la Corte Penal Internacional se define como acto de agresi\u00f3n&nbsp; el uso de la fuerza armada por un Estado contra la soberan\u00eda, la integridad territorial o la independencia pol\u00edtica de otro Estado, o en cualquier otra forma incompatible con la Carta de las Naciones Unidas. En este mismo art\u00edculo se enumeran como ejemplos de actos de agresi\u00f3n la invasi\u00f3n, la ocupaci\u00f3n militar y el bombardeo.<\/p>\n\n\n\n<p>Casi todos los actos de agresi\u00f3n enumerados en el art\u00edculo 8 bis del Estatuto de Roma de la Corte Penal&nbsp; Internacional pueden dirigirse contra el medio ambiente&nbsp; o causar da\u00f1os a este. Por ejemplo , el bombardeo del territorio de un Estado causar\u00e1 a menudo la muerte de animales y destruye&nbsp; y contamina campos, bosques y masas de agua, contamina el aire y afectar\u00e1 a la seguridad del clima. An\u00e1logamente, la invasi\u00f3n de un Estado puede conducir a la explotaci\u00f3n ilegal de recursos naturales y la confiscaci\u00f3n ilegal de tierras, as\u00ed como anexi\u00f3n formal.<\/p>\n\n\n\n<p>El hecho de que un acto constituya una violaci\u00f3n manifiesta de la Carta de las Naciones Unidas se determinara en fucion de sus caracter\u00edsticas, gravedad y escala.<\/p>\n\n\n\n<p>Al evaluar esos factores, la Fiscal\u00eda de la Corte Penal Internacional tendr\u00e1 en cuenta, entre otras cosas, el da\u00f1o sufrido por el medio ambiente como consecuencia del acto de agresi\u00f3n, el n\u00famero y el tipo de v\u00edctimas humanas y no humanas del acto y si el da\u00f1o ambiental es, potencialmente irreversible.<\/p>\n\n\n\n<p>Finalmente, la Fiscal\u00eda considera que la destrucci\u00f3n y el da\u00f1o intencionales del medio ambiente en un Estado ajeno constituyen una forma de uso de la fuerza especialmente grave, pues el entorno natural no debe instrumentalizar en el marco de las relaciones internacionales.<\/p>\n\n\n\n<p><strong><a href=\"mailto:Rommelsantosdiaz@mail.com\" target=\"_blank\" rel=\"noreferrer noopener\">Rommelsantosdiaz@mail.com<\/a><\/strong><\/p>\n","protected":false},"excerpt":{"rendered":"<p>Por Rommel Santos Diaz El crimen de agresi\u00f3n plantea una amenaza singular al entorno natural no solo porque la fuerza militar que toma parte en el acto de agresi\u00f3n normalmente causa da\u00f1os ambientales, sino tambi\u00e9n porque los actos de agresi\u00f3n a menudo desencadenan conflictos armados que causen nuevos da\u00f1os al medio ambiente. El articulo 8 [&hellip;]<\/p>\n","protected":false},"author":2,"featured_media":408065,"comment_status":"open","ping_status":"closed","sticky":false,"template":"","format":"standard","meta":{"footnotes":""},"categories":[19,16],"tags":[],"class_list":["post-675323","post","type-post","status-publish","format-standard","has-post-thumbnail","hentry","category-mi-voz","category-opiniones"],"_links":{"self":[{"href":"https:\/\/diariodominicano.com\/index.php?rest_route=\/wp\/v2\/posts\/675323","targetHints":{"allow":["GET"]}}],"collection":[{"href":"https:\/\/diariodominicano.com\/index.php?rest_route=\/wp\/v2\/posts"}],"about":[{"href":"https:\/\/diariodominicano.com\/index.php?rest_route=\/wp\/v2\/types\/post"}],"author":[{"embeddable":true,"href":"https:\/\/diariodominicano.com\/index.php?rest_route=\/wp\/v2\/users\/2"}],"replies":[{"embeddable":true,"href":"https:\/\/diariodominicano.com\/index.php?rest_route=%2Fwp%2Fv2%2Fcomments&post=675323"}],"version-history":[{"count":2,"href":"https:\/\/diariodominicano.com\/index.php?rest_route=\/wp\/v2\/posts\/675323\/revisions"}],"predecessor-version":[{"id":675326,"href":"https:\/\/diariodominicano.com\/index.php?rest_route=\/wp\/v2\/posts\/675323\/revisions\/675326"}],"wp:featuredmedia":[{"embeddable":true,"href":"https:\/\/diariodominicano.com\/index.php?rest_route=\/wp\/v2\/media\/408065"}],"wp:attachment":[{"href":"https:\/\/diariodominicano.com\/index.php?rest_route=%2Fwp%2Fv2%2Fmedia&parent=675323"}],"wp:term":[{"taxonomy":"category","embeddable":true,"href":"https:\/\/diariodominicano.com\/index.php?rest_route=%2Fwp%2Fv2%2Fcategories&post=675323"},{"taxonomy":"post_tag","embeddable":true,"href":"https:\/\/diariodominicano.com\/index.php?rest_route=%2Fwp%2Fv2%2Ftags&post=675323"}],"curies":[{"name":"wp","href":"https:\/\/api.w.org\/{rel}","templated":true}]}}