{"id":675321,"date":"2026-04-26T00:12:25","date_gmt":"2026-04-26T04:12:25","guid":{"rendered":"https:\/\/diariodominicano.com\/?p=675321"},"modified":"2026-04-26T00:13:04","modified_gmt":"2026-04-26T04:13:04","slug":"algo-mas-que-palabras-bregar-el-quehacer-habitual-rehacer-el-trabajo-virtuoso","status":"publish","type":"post","link":"https:\/\/diariodominicano.com\/?p=675321","title":{"rendered":"ALGO M\u00c1S QUE PALABRAS BREGAR EL QUEHACER HABITUAL; REHACER EL TRABAJO VIRTUOSO\u00a0"},"content":{"rendered":"\n<p><strong><em>\u201cTodos tenemos el derecho a encontrar v\u00edas dignas, con nuevas oportunidades para poder salir de las situaciones anormales, comenzado por un trabajo recio, pero noble\u201d.<\/em><\/strong><strong><em><\/em><\/strong><\/p>\n\n\n\n<p><strong><em>=============================<\/em><\/strong><\/p>\n\n\n\n<p><strong><em>V\u00edctor CORCOBA HERRERO\/ Escritor<\/em><\/strong><\/p>\n\n\n\n<p><strong><em><a href=\"mailto:corcoba@telefonica.net\" target=\"_blank\" rel=\"noreferrer noopener\">corcoba@telefonica.net<\/a>&nbsp;&nbsp;&nbsp;&nbsp;&nbsp;&nbsp;&nbsp;&nbsp;&nbsp;&nbsp;&nbsp;&nbsp;&nbsp;&nbsp;<\/em><\/strong><\/p>\n\n\n\n<p><strong>============================<\/strong><\/p>\n\n\n\n<p>Somos gentes de faena, ya no \u00fanicamente para alimentarnos, tambi\u00e9n lo necesitamos como medicina. Que el trabajo sea una parte vital de la dignidad existencial de todo ser humano, es nuestro modo de realizarnos, dando sustento al pan de nuestros sudores, adem\u00e1s de cultivarse a s\u00ed mismo. Rehacer el trabajo decente, es tambi\u00e9n dar desarrollo social, para poder amar la vida e intimar con el m\u00e1s rec\u00f3ndito secreto viviente. Dicho esto, se entiende que la desocupaci\u00f3n y la precariedad laboral se transformen en sufrimiento, en un ocio forzado o en un vicio impuesto, con consecuencias tr\u00e1gicas colectivas. De ah\u00ed, la importancia de que los gobiernos, los empleadores y los trabajadores, deban actuar globalmente para crear lugares de labor m\u00e1s seguros, saludables y justos para todos.<\/p>\n\n\n\n<p>Ciertamente, nos hemos globalizado, pero a\u00fan no disfrutamos de este sumatorio de fuerzas, que han de armonizarse en todo el mundo, a fin de que el trabajo moldee profundamente la savia de las personas, dando sentido benefactor, seguridad y oportunidades colectivas. As\u00ed tampoco podemos fraternizarnos. Las injusticias son tremendas, a lo que hay que sumarle las nuevas formas de empleo y los cambios demogr\u00e1ficos, con sus presiones clim\u00e1ticas y el frio avance de las tecnolog\u00edas digitales, que est\u00e1n desfigurando la manera en que arrimamos el hombro, haci\u00e9ndonos cada vez m\u00e1s individualistas, con jornadas de trabajo largas y verdaderamente deshumanizantes. Quiz\u00e1s, nos convendr\u00eda, poner m\u00e1s amor en lo que realizamos. El trabajo es vida, no muerte.<\/p>\n\n\n\n<p>En efecto, se trata de laborar el quehacer cotidiano a trav\u00e9s de un entorno psicosocial saludable, como es la carga de trabajo y el tiempo laboral, la calidad de funciones, la autonom\u00eda, el apoyo y los procesos diversos como algo equitativo y transparente, que es lo que realmente influye en mejorar la calidad de vida ocupacional,&nbsp; afectando a la seguridad, a la salud y al rendimiento. Hemos de reconocer que, cuando estos factores afectan negativamente a la clase obrera, son riesgos que deben abordarse y gestionarse para garantizar ambientes de trabajo, que sean seguros y saludables. Sin duda, es esencial, ya no s\u00f3lo para proteger la salud mental y f\u00edsica de los trabajadores, sino tambi\u00e9n para fortalecer la productividad, adem\u00e1s del desempe\u00f1o organizacional.<\/p>\n\n\n\n<p>Unido a este c\u00famulo de contrariedades y abandono, de pasividad y de sost\u00e9n a los desaires, no podemos continuar ejercitando la inhumanidad, sobre todo con los migrantes que suelen ser rechazados y sometidos a actitudes resentidas por muchas comunidades de acogida. Indudablemente, m\u00e1s all\u00e1 de los aspectos pol\u00edticos y jur\u00eddicos de las situaciones irregulares, jam\u00e1s debemos dejar en el tintero la pasi\u00f3n por el culto al fomento de la cultura del abrazo, pues por encima de las divisiones geogr\u00e1ficas de las fronteras y de los frentes que impulsemos, formamos parte de una \u00fanica familia humana. Es evidente, que todos tenemos el derecho a encontrar v\u00edas dignas, con nuevas oportunidades para poder salir de las situaciones anormales, comenzado por un trabajo recio, pero noble.&nbsp;<\/p>\n\n\n\n<p>&nbsp;Por ello, la realizaci\u00f3n de un remover diario, nos demanda una comprensi\u00f3n positiva y un enfoque eficaz, donde todos hemos de ser considerados como parte de un renuevo social. Nadie deber\u00eda ser dejado en el camino de la indiferencia, hemos de escucharnos, para servir y cuidar el bien com\u00fan. No olvidemos que, el trabajo, es tanto un deber como un derecho universal; y, como tal, en un di\u00e1logo que tambi\u00e9n deber\u00eda reunir a directorios y peones, ha de estar toda la ciudadan\u00eda asistida. Sea como fuere, en nuestra casa com\u00fan que, hemos de trabajarla en comuni\u00f3n y en comunidad, con el mismo nivel de ecuanimidades y obligaciones, tiene que dejar de proliferar la ley del m\u00e1s fuerte, donde el poderoso a\u00fan se come al m\u00e1s d\u00e9bil, para decepci\u00f3n del pelaje humanitario.<\/p>\n\n\n\n<p><strong>V\u00edctor CORCOBA HERRERO\/ Escritor<\/strong><\/p>\n\n\n\n<p><strong><a href=\"mailto:corcoba@telefonica.net\" target=\"_blank\" rel=\"noreferrer noopener\">corcoba@telefonica.net<\/a><\/strong><\/p>\n\n\n\n<p><strong>26 de abril de 2026.-<\/strong><\/p>\n","protected":false},"excerpt":{"rendered":"<p>\u201cTodos tenemos el derecho a encontrar v\u00edas dignas, con nuevas oportunidades para poder salir de las situaciones anormales, comenzado por un trabajo recio, pero noble\u201d. ============================= V\u00edctor CORCOBA HERRERO\/ Escritor corcoba@telefonica.net&nbsp;&nbsp;&nbsp;&nbsp;&nbsp;&nbsp;&nbsp;&nbsp;&nbsp;&nbsp;&nbsp;&nbsp;&nbsp;&nbsp; ============================ Somos gentes de faena, ya no \u00fanicamente para alimentarnos, tambi\u00e9n lo necesitamos como medicina. Que el trabajo sea una parte vital de la [&hellip;]<\/p>\n","protected":false},"author":2,"featured_media":627021,"comment_status":"open","ping_status":"closed","sticky":false,"template":"","format":"standard","meta":{"footnotes":""},"categories":[16],"tags":[5658],"class_list":["post-675321","post","type-post","status-publish","format-standard","has-post-thumbnail","hentry","category-opiniones","tag-bregar-el-quehacer-habitual"],"_links":{"self":[{"href":"https:\/\/diariodominicano.com\/index.php?rest_route=\/wp\/v2\/posts\/675321","targetHints":{"allow":["GET"]}}],"collection":[{"href":"https:\/\/diariodominicano.com\/index.php?rest_route=\/wp\/v2\/posts"}],"about":[{"href":"https:\/\/diariodominicano.com\/index.php?rest_route=\/wp\/v2\/types\/post"}],"author":[{"embeddable":true,"href":"https:\/\/diariodominicano.com\/index.php?rest_route=\/wp\/v2\/users\/2"}],"replies":[{"embeddable":true,"href":"https:\/\/diariodominicano.com\/index.php?rest_route=%2Fwp%2Fv2%2Fcomments&post=675321"}],"version-history":[{"count":1,"href":"https:\/\/diariodominicano.com\/index.php?rest_route=\/wp\/v2\/posts\/675321\/revisions"}],"predecessor-version":[{"id":675322,"href":"https:\/\/diariodominicano.com\/index.php?rest_route=\/wp\/v2\/posts\/675321\/revisions\/675322"}],"wp:featuredmedia":[{"embeddable":true,"href":"https:\/\/diariodominicano.com\/index.php?rest_route=\/wp\/v2\/media\/627021"}],"wp:attachment":[{"href":"https:\/\/diariodominicano.com\/index.php?rest_route=%2Fwp%2Fv2%2Fmedia&parent=675321"}],"wp:term":[{"taxonomy":"category","embeddable":true,"href":"https:\/\/diariodominicano.com\/index.php?rest_route=%2Fwp%2Fv2%2Fcategories&post=675321"},{"taxonomy":"post_tag","embeddable":true,"href":"https:\/\/diariodominicano.com\/index.php?rest_route=%2Fwp%2Fv2%2Ftags&post=675321"}],"curies":[{"name":"wp","href":"https:\/\/api.w.org\/{rel}","templated":true}]}}