{"id":675267,"date":"2026-04-25T00:57:56","date_gmt":"2026-04-25T04:57:56","guid":{"rendered":"https:\/\/diariodominicano.com\/?p=675267"},"modified":"2026-04-25T00:58:05","modified_gmt":"2026-04-25T04:58:05","slug":"elias-pina-una-provincia-lleva-su-nombre","status":"publish","type":"post","link":"https:\/\/diariodominicano.com\/?p=675267","title":{"rendered":"EL\u00cdAS PI\u00d1A: UNA PROVINCIA LLEVA SU NOMBRE"},"content":{"rendered":"\n<p><strong>POR TE\u00d3FILO LAPPOT ROBLES<\/strong><\/p>\n\n\n\n<p>Hoy escribo sobre el coronel El\u00edas Pi\u00f1a, uno de los m\u00e1s sobresalientes jefes de la vanguardia de las armas dominicanas, en la primera fase de la larga y sangrienta defensa de la Independencia Nacional. Siempre, excepto en su \u00faltima salida a combate, fue victorioso en los muchos enfrentamientos con los invasores haitianos que penetraron el territorio dominicano por el centro- sur del pa\u00eds.<\/p>\n\n\n\n<p>Oportuno es decir que los nombres de lugares de la geograf\u00eda nacional no han sido puestos en la proporci\u00f3n que merecen a h\u00e9roes y m\u00e1rtires dominicanos, sean estos militares o civiles. Ese fen\u00f3meno de dejadez legislativa forma parte de una deuda social cuyas ra\u00edces se hunden en nuestro pasado y se proyectan al presente, por causas variopinta.<\/p>\n\n\n\n<p>La toponimia formal de la Rep\u00fablica Dominicana comenz\u00f3 con la Constituci\u00f3n del 6 de noviembre de 1844, puerta de entrada del sistema constitucional del pa\u00eds; definida por el historiador Emilio Rodr\u00edguez Demorizi como \u201c\u2026una obra perfecta en cuanto al sincero patriotismo que le dio aliento\u201d.<\/p>\n\n\n\n<p>El art\u00edculo 4 de la misma dividi\u00f3 el territorio nacional en tres provincias con nombres de origen espa\u00f1ol (Santo Domingo, Concepci\u00f3n de La Vega y Santiago de los Caballeros) y dos con nombres parcialmente de ra\u00edces ind\u00edgenas (Compostela de Azua y Santa Cruz del Seybo).<\/p>\n\n\n\n<p>Esa decisi\u00f3n fue tomada a pesar de que para esa fecha no pocos dominicanos hab\u00edan macerado con jornadas de luchas libertarias una conciencia colectiva de los valores que sustentaban la dominicanidad, cuyo principal soporte era su fe arraigada en la soberan\u00eda nacional.<\/p>\n\n\n\n<p>Dicho as\u00ed porque est\u00e1 demostrado que muchos de nuestros ancestros eran portadores de eso que los griegos llamaban el ethos, bien explicado por el fil\u00f3sofo Arist\u00f3teles como la encarnaci\u00f3n de la cultura y el car\u00e1cter de un pueblo.<\/p>\n\n\n\n<p>Transcurridos 182 a\u00f1os de la Independencia Nacional, y con la actual fragmentaci\u00f3n de la parte que nos corresponde de la isla de Santo Domingo, se comprueba que no ha habido la proporci\u00f3n merecida en la designaci\u00f3n de los nombres de patriotas a parajes, secciones, pueblos, provincias, regiones, etc.<\/p>\n\n\n\n<p>Para una naci\u00f3n como la nuestra, formada como ha sido por esa suerte de melting pot, que describe bien Pedro Mir en su obra titulada <strong>Tres leyendas de colores<\/strong>, es de mucha importancia que en su geograf\u00eda est\u00e9n en justa medida, como homenaje merecido, los nombres de h\u00e9roes y hero\u00ednas.<\/p>\n\n\n\n<p>Es por ello que cuando se asoma a la vista el nombre de un patriota dado a un lugar de nuestro territorio se comprende mejor el mito milenario que vincul\u00f3 al h\u00e9roe griego Heracles con Atlas, el tit\u00e1n condenado a cargar \u201cla b\u00f3veda celeste\u201d.<\/p>\n\n\n\n<p>Partiendo del conjunto de lo anterior es merecido que se designara con el nombre del bizarro coronel El\u00edas Pi\u00f1a una provincia del centro-oeste de nuestro pa\u00eds.<\/p>\n\n\n\n<p><strong>EL\u00cdAS PI\u00d1A<\/strong><\/p>\n\n\n\n<p>Seg\u00fan la informaci\u00f3n m\u00e1s mencionada El\u00edas Pi\u00f1a naci\u00f3 en un paraje entonces llamado Margarita, en la zona rural de Las Matas de Farf\u00e1n. Su bravura fue indiscutible como oficial de infanter\u00eda que siempre iba a la cabeza de sus tropas de vanguardia. De su familia no s\u00f3lo \u00e9l muri\u00f3 defendiendo la patria, sino tambi\u00e9n un hermano suyo y un primo de ellos.<\/p>\n\n\n\n<p>Tal vez fue el historiador S\u00f3crates Nolasco el que con mayor \u00e9nfasis precis\u00f3 el contraste entre los hechos heroicos de El\u00edas Pi\u00f1a y las maniobras mezquinas usadas por unos cuantos de sus contempor\u00e1neos para ocultar sus m\u00e9ritos patri\u00f3ticos. As\u00ed lo escribi\u00f3 el tambi\u00e9n ensayista nacido en Enriquillo, Barahona, en una frase corta, pero enjundiosa, al se\u00f1alar que fue \u201cun muerto ilustre y sin historia\u201d. (<strong>Obras completas<\/strong>.Vol.3. Editora Corripio, 1994.P318).<\/p>\n\n\n\n<p>El escritor Manuel de Jes\u00fas Galv\u00e1n (autor de la cl\u00e1sica novela Enriquillo) public\u00f3 el 3 de diciembre de 1854 un soneto resaltando la personalidad del coronel El\u00edas Pi\u00f1a, expresando entre ocas cosas que: \u201c\u2026d\u00e9jame humedecer con llanto ardiente la tumba del gran rayo de la guerra\u2026toque mi frente el suelo que bebi\u00f3 tu sangre hirviente y tanto honor y tanta gloria encierra\u2026de tu valor en justa recompensa todo patriota tu memoria inciensa\u201d. (Reproducido en &nbsp;<strong>Escritos y Apuntes Hist\u00f3ricos<\/strong> de Vetilio Alfau Dur\u00e1n. Editora B\u00faho, 2009. P176).<\/p>\n\n\n\n<p>Transcurrieron ocho d\u00e9cadas despu\u00e9s de su muerte para que el nombre de El\u00edas Pi\u00f1a comenzara a reconocerse en t\u00e9rminos geogr\u00e1ficos con la consideraci\u00f3n que sus haza\u00f1as b\u00e9licas merec\u00edan.<\/p>\n\n\n\n<p>En efecto el 29 de noviembre de 1930 se emiti\u00f3 la Ley No.30, cuyo \u00fanico art\u00edculo dec\u00eda textualmente lo siguiente: A partir de la promulgaci\u00f3n de la presente Ley la Com\u00fan fronteriza de Santa Teresa de Comendador, jurisdicci\u00f3n de la Provincia de Azua, se denominar\u00e1 Com\u00fan El\u00edas Pi\u00f1a y su cabecera Villa El\u00edas Pi\u00f1a, como tributo de reverente gratitud a la memoria del ilustre Coronel El\u00edas Pi\u00f1a, natural de dicha Com\u00fan\u201d. (<strong>Bloque de Leyes de 1930<\/strong>).<\/p>\n\n\n\n<p>El 29 de mayo de 1972, mediante la Ley 342, la referida Comendador y otros pueblos juntos con sus campos fueron designados como provincia El\u00edas Pi\u00f1a, la cual est\u00e1 situada entre la Cordillera Central y la Sierra de Neiba. Antes fue nombrada San Rafael, no por el santo sino por el tirano Trujillo. Luego se le denomin\u00f3 La Estrelleta.<\/p>\n\n\n\n<p>El bravo coronel El\u00edas Pi\u00f1a muri\u00f3 en el 1845. Fue alcanzado por el fuego enemigo de los ocupantes haitianos a los que combati\u00f3 en un cerro del sitio denominado Cachim\u00e1n, cerca del r\u00edo Artibonito. Aunque esa no es la \u00fanica versi\u00f3n de su muerte. El abogado Te\u00f3dulo Pina Chevalier sostuvo que fue una bala perdida que le arranc\u00f3 la vida, despu\u00e9s de haber colocado all\u00ed la bandera dominicana.<\/p>\n\n\n\n<p>Notas de nuestro ayer se\u00f1alan que el general Antonio Duverg\u00e9 dirigi\u00f3 una operaci\u00f3n militar de desalojo contra los intrusos, ordenando que se colocara en una altura estrat\u00e9gica, no lejos de ese altozano de B\u00e1nica, una pieza de artiller\u00eda, pero el encargado de la misma de manera imprudente dispar\u00f3 un tiro \u201cantes de que el coronel Pi\u00f1a sorprendiera el fuerte con su regimiento\u201d.<\/p>\n\n\n\n<p>Esa situaci\u00f3n puso en alerta a los invasores, logrando \u201crechazar las diferentes embestidas que dieron los soldados dominicanos a la fortaleza. En una de ellas muri\u00f3 El\u00edas Pi\u00f1a, en otra un hermano suyo que era capit\u00e1n, y en otra un oficial primo de ambos\u201d. (Jos\u00e9 Gabriel Garc\u00eda. <strong>Obras completas<\/strong>.Vol.3. Impresora Amigo del Hogar, 2016.P129).&nbsp;<\/p>\n\n\n\n<p>Fueron tres muertes muy dolorosas y comentadas entre los combatientes dominicanos. Por ejemplo, el general Aniceto Mart\u00ednez, h\u00e9roe de la batalla de Sabana Mula y varias m\u00e1s, en sus notas sueltas, dictadas a un amanuense, dej\u00f3 esta especie de retrato del patriota que motiva esta cr\u00f3nica: \u201cen la re\u00f1ida pelea de B\u00e1nica, cuando perdi\u00f3 la vida el coronel El\u00edas Pi\u00f1a\u201d.<\/p>\n\n\n\n<p>En cada batalla en que particip\u00f3 brill\u00f3 por sus cualidades marciales. Una prueba de eso es que cuando El\u00edas Pi\u00f1a muri\u00f3 en combate el dominicano Jos\u00e9 Mar\u00eda Morilla, residente en Cuba desde hac\u00eda dos d\u00e9cadas, escribi\u00f3 sobre su valent\u00eda: \u201cporque los que sacrifican su existencia por la libertad de su pa\u00eds son dignos de que su memoria se conserve en los conciudadanos\u201d.<\/p>\n\n\n\n<p>En el 1880 el culto Morilla, que vivi\u00f3 gran parte de su vida en la mayor de las islas antillanas, de cuya universidad fue catedr\u00e1tico de Derecho, al escribir varias biograf\u00edas sobre dominicanos notables, insatisfecho con la escasez de informaciones sobre el h\u00e9roe y m\u00e1rtir El\u00edas Pi\u00f1a, preguntaba afanosamente por los detalles de su vida y la participaci\u00f3n aguerrida que tuvo luchando por su patria.<\/p>\n\n\n\n<p>\u00bfQui\u00e9n era Pi\u00f1a, inquir\u00eda hace sesenta y cuatro a\u00f1os el venerable Jos\u00e9 Mar\u00eda Morilla, y, como repercusi\u00f3n insegura de su voz, \u00bfqui\u00e9n era Pi\u00f1a? Seguimos interrogando\u201d. (Ensayo. La Naci\u00f3n, 31 de enero de 1944. S\u00f3crates Nolasco).<\/p>\n","protected":false},"excerpt":{"rendered":"<p>POR TE\u00d3FILO LAPPOT ROBLES Hoy escribo sobre el coronel El\u00edas Pi\u00f1a, uno de los m\u00e1s sobresalientes jefes de la vanguardia de las armas dominicanas, en la primera fase de la larga y sangrienta defensa de la Independencia Nacional. Siempre, excepto en su \u00faltima salida a combate, fue victorioso en los muchos enfrentamientos con los invasores [&hellip;]<\/p>\n","protected":false},"author":2,"featured_media":525185,"comment_status":"open","ping_status":"closed","sticky":false,"template":"","format":"standard","meta":{"footnotes":""},"categories":[21,36,26,27],"tags":[3730,177],"class_list":["post-675267","post","type-post","status-publish","format-standard","has-post-thumbnail","hentry","category-cultura","category-hombresmujeresycosas","category-efemerides","category-portada","tag-elias-pina","tag-teofilo-lappot-robles"],"_links":{"self":[{"href":"https:\/\/diariodominicano.com\/index.php?rest_route=\/wp\/v2\/posts\/675267","targetHints":{"allow":["GET"]}}],"collection":[{"href":"https:\/\/diariodominicano.com\/index.php?rest_route=\/wp\/v2\/posts"}],"about":[{"href":"https:\/\/diariodominicano.com\/index.php?rest_route=\/wp\/v2\/types\/post"}],"author":[{"embeddable":true,"href":"https:\/\/diariodominicano.com\/index.php?rest_route=\/wp\/v2\/users\/2"}],"replies":[{"embeddable":true,"href":"https:\/\/diariodominicano.com\/index.php?rest_route=%2Fwp%2Fv2%2Fcomments&post=675267"}],"version-history":[{"count":1,"href":"https:\/\/diariodominicano.com\/index.php?rest_route=\/wp\/v2\/posts\/675267\/revisions"}],"predecessor-version":[{"id":675268,"href":"https:\/\/diariodominicano.com\/index.php?rest_route=\/wp\/v2\/posts\/675267\/revisions\/675268"}],"wp:featuredmedia":[{"embeddable":true,"href":"https:\/\/diariodominicano.com\/index.php?rest_route=\/wp\/v2\/media\/525185"}],"wp:attachment":[{"href":"https:\/\/diariodominicano.com\/index.php?rest_route=%2Fwp%2Fv2%2Fmedia&parent=675267"}],"wp:term":[{"taxonomy":"category","embeddable":true,"href":"https:\/\/diariodominicano.com\/index.php?rest_route=%2Fwp%2Fv2%2Fcategories&post=675267"},{"taxonomy":"post_tag","embeddable":true,"href":"https:\/\/diariodominicano.com\/index.php?rest_route=%2Fwp%2Fv2%2Ftags&post=675267"}],"curies":[{"name":"wp","href":"https:\/\/api.w.org\/{rel}","templated":true}]}}