{"id":675217,"date":"2026-04-24T16:08:58","date_gmt":"2026-04-24T20:08:58","guid":{"rendered":"https:\/\/diariodominicano.com\/?p=675217"},"modified":"2026-04-24T16:09:01","modified_gmt":"2026-04-24T20:09:01","slug":"centro-cultural-banreservas-convoca-al-premio-de-relatos-con-bachata-2026-en-la-feria-regional-del-libro-del-cibao","status":"publish","type":"post","link":"https:\/\/diariodominicano.com\/?p=675217","title":{"rendered":"Centro Cultural Banreservas convoca al Premio de Relatos con Bachata 2026 en la Feria Regional del Libro del Cibao \u00a0"},"content":{"rendered":"\n<p>El Centro Cultural Banreservas, en el marco de la Feria Regional del Libro y la Cultura del Cibao, convoca a la edici\u00f3n 2026 del Premio de Relatos Banreservas, que este a\u00f1o estar\u00e1 dedicada a la bachata. &nbsp;<\/p>\n\n\n\n<p>El Premio Banreservas de Relatos, organizado en alianza con Luna Insomne Editores y la Fundaci\u00f3n Cultural Lado B, se ha consolidado como un certamen que incentiva la creaci\u00f3n narrativa breve y resalta el v\u00ednculo entre la m\u00fasica y la identidad cultural dominicana. &nbsp;<\/p>\n\n\n\n<p>Tras haber explorado en ediciones anteriores g\u00e9neros como el jazz y el merengue, esta nueva convocatoria sit\u00faa a la bachata \u2014declarada Patrimonio Cultural Inmaterial de la Humanidad por la Organizaci\u00f3n de las Naciones Unidas para la Educaci\u00f3n, la Ciencia y la Cultura (UNESCO) en 2019\u2014 como eje tem\u00e1tico y fuente de inspiraci\u00f3n para los participantes. &nbsp;<\/p>\n\n\n\n<figure class=\"wp-block-gallery has-nested-images columns-default is-cropped wp-block-gallery-1 is-layout-flex wp-block-gallery-is-layout-flex\">\n<figure class=\"wp-block-image size-large\"><img loading=\"lazy\" decoding=\"async\" width=\"1024\" height=\"683\" data-id=\"675222\" src=\"https:\/\/diariodominicano.com\/wp-content\/uploads\/2026\/04\/Centro-Cultural-Banreservas-convoca-al-Premio-de-Relatos-con-Bachata-2026-en-la-Feria-Regional-del-Libro-del-Cibao-1024x683.jpg\" alt=\"\" class=\"wp-image-675222\" srcset=\"https:\/\/diariodominicano.com\/wp-content\/uploads\/2026\/04\/Centro-Cultural-Banreservas-convoca-al-Premio-de-Relatos-con-Bachata-2026-en-la-Feria-Regional-del-Libro-del-Cibao-1024x683.jpg 1024w, https:\/\/diariodominicano.com\/wp-content\/uploads\/2026\/04\/Centro-Cultural-Banreservas-convoca-al-Premio-de-Relatos-con-Bachata-2026-en-la-Feria-Regional-del-Libro-del-Cibao-300x200.jpg 300w, https:\/\/diariodominicano.com\/wp-content\/uploads\/2026\/04\/Centro-Cultural-Banreservas-convoca-al-Premio-de-Relatos-con-Bachata-2026-en-la-Feria-Regional-del-Libro-del-Cibao-768x512.jpg 768w, https:\/\/diariodominicano.com\/wp-content\/uploads\/2026\/04\/Centro-Cultural-Banreservas-convoca-al-Premio-de-Relatos-con-Bachata-2026-en-la-Feria-Regional-del-Libro-del-Cibao-1536x1024.jpg 1536w, https:\/\/diariodominicano.com\/wp-content\/uploads\/2026\/04\/Centro-Cultural-Banreservas-convoca-al-Premio-de-Relatos-con-Bachata-2026-en-la-Feria-Regional-del-Libro-del-Cibao-2048x1365.jpg 2048w, https:\/\/diariodominicano.com\/wp-content\/uploads\/2026\/04\/Centro-Cultural-Banreservas-convoca-al-Premio-de-Relatos-con-Bachata-2026-en-la-Feria-Regional-del-Libro-del-Cibao-816x544.jpg 816w\" sizes=\"auto, (max-width: 1024px) 100vw, 1024px\" \/><\/figure>\n<\/figure>\n\n\n\n<p>La convocatoria est\u00e1 abierta a autores mayores de edad, dominicanos (sin importar su lugar de residencia) y extranjeros con residencia legal en el pa\u00eds. &nbsp;<\/p>\n\n\n\n<p>De acuerdo con las bases, no podr\u00e1n concursar quienes hayan resultado ganadores o hayan obtenido menciones en la edici\u00f3n anterior. Las obras deber\u00e1n tener como elemento central la bachata, en cualquiera de sus vertientes. \u00a0<\/p>\n\n\n\n<figure class=\"wp-block-gallery has-nested-images columns-default is-cropped wp-block-gallery-2 is-layout-flex wp-block-gallery-is-layout-flex\">\n<figure class=\"wp-block-image size-large\"><img loading=\"lazy\" decoding=\"async\" width=\"1024\" height=\"682\" data-id=\"675221\" src=\"https:\/\/diariodominicano.com\/wp-content\/uploads\/2026\/04\/Centro-Cultural-Banreservas-convoca-al-Premio-de-Relatos-con-Bachata-2026-la-Feria-Regional-del-Libro-del-Cibao-1024x682.jpg\" alt=\"\" class=\"wp-image-675221\" srcset=\"https:\/\/diariodominicano.com\/wp-content\/uploads\/2026\/04\/Centro-Cultural-Banreservas-convoca-al-Premio-de-Relatos-con-Bachata-2026-la-Feria-Regional-del-Libro-del-Cibao-1024x682.jpg 1024w, https:\/\/diariodominicano.com\/wp-content\/uploads\/2026\/04\/Centro-Cultural-Banreservas-convoca-al-Premio-de-Relatos-con-Bachata-2026-la-Feria-Regional-del-Libro-del-Cibao-300x200.jpg 300w, https:\/\/diariodominicano.com\/wp-content\/uploads\/2026\/04\/Centro-Cultural-Banreservas-convoca-al-Premio-de-Relatos-con-Bachata-2026-la-Feria-Regional-del-Libro-del-Cibao-768x512.jpg 768w, https:\/\/diariodominicano.com\/wp-content\/uploads\/2026\/04\/Centro-Cultural-Banreservas-convoca-al-Premio-de-Relatos-con-Bachata-2026-la-Feria-Regional-del-Libro-del-Cibao-1536x1023.jpg 1536w, https:\/\/diariodominicano.com\/wp-content\/uploads\/2026\/04\/Centro-Cultural-Banreservas-convoca-al-Premio-de-Relatos-con-Bachata-2026-la-Feria-Regional-del-Libro-del-Cibao-816x544.jpg 816w, https:\/\/diariodominicano.com\/wp-content\/uploads\/2026\/04\/Centro-Cultural-Banreservas-convoca-al-Premio-de-Relatos-con-Bachata-2026-la-Feria-Regional-del-Libro-del-Cibao.jpg 1600w\" sizes=\"auto, (max-width: 1024px) 100vw, 1024px\" \/><\/figure>\n<\/figure>\n\n\n\n<p>Los interesados deber\u00e1n enviar un \u00fanico relato in\u00e9dito, escrito en espa\u00f1ol, con una extensi\u00f3n de entre tres y doce p\u00e1ginas. El documento debe remitirse en formato Word, a doble espacio y bajo el sistema de seud\u00f3nimo y plica, al correo electr\u00f3nico&nbsp;<a href=\"mailto:centrocultural-concursos@banreservas.com\" target=\"_blank\" rel=\"noreferrer noopener\">centrocultural-concursos@banreservas.com<\/a>. La fecha l\u00edmite para la recepci\u00f3n de los textos es el 23 de julio de 2026, a las 11:59 de la noche.<\/p>\n\n\n\n<p>El certamen otorgar\u00e1 un primer premio de RD$60,000, un segundo de RD$40,000 y un tercero de RD$30,000, adem\u00e1s de cinco menciones de honor de RD$10,000 cada una. &nbsp;<\/p>\n\n\n\n<p>Como parte esencial del concurso, los relatos ganadores y las menciones de honor ser\u00e1n publicados en una antolog\u00eda bajo el sello de Luna Insomne Editores, pasando a formar parte de sus colecciones.<\/p>\n\n\n\n<p>Buz\u00f3n Gerencia de Medios de Comunicaci\u00f3n <a href=\"mailto:buzoninformefinancie@banreservas.com\">buzoninformefinancie@banreservas.com<\/a><\/p>\n","protected":false},"excerpt":{"rendered":"<p>El Centro Cultural Banreservas, en el marco de la Feria Regional del Libro y la Cultura del Cibao, convoca a la edici\u00f3n 2026 del Premio de Relatos Banreservas, que este a\u00f1o estar\u00e1 dedicada a la bachata. &nbsp; El Premio Banreservas de Relatos, organizado en alianza con Luna Insomne Editores y la Fundaci\u00f3n Cultural Lado B, [&hellip;]<\/p>\n","protected":false},"author":7,"featured_media":675223,"comment_status":"closed","ping_status":"closed","sticky":false,"template":"","format":"standard","meta":{"footnotes":""},"categories":[21],"tags":[5621,873,5620],"class_list":["post-675217","post","type-post","status-publish","format-standard","has-post-thumbnail","hentry","category-cultura","tag-bachata","tag-centro-cultural-banreservas","tag-feria-regional-del-libro-del-cibao"],"_links":{"self":[{"href":"https:\/\/diariodominicano.com\/index.php?rest_route=\/wp\/v2\/posts\/675217","targetHints":{"allow":["GET"]}}],"collection":[{"href":"https:\/\/diariodominicano.com\/index.php?rest_route=\/wp\/v2\/posts"}],"about":[{"href":"https:\/\/diariodominicano.com\/index.php?rest_route=\/wp\/v2\/types\/post"}],"author":[{"embeddable":true,"href":"https:\/\/diariodominicano.com\/index.php?rest_route=\/wp\/v2\/users\/7"}],"replies":[{"embeddable":true,"href":"https:\/\/diariodominicano.com\/index.php?rest_route=%2Fwp%2Fv2%2Fcomments&post=675217"}],"version-history":[{"count":1,"href":"https:\/\/diariodominicano.com\/index.php?rest_route=\/wp\/v2\/posts\/675217\/revisions"}],"predecessor-version":[{"id":675224,"href":"https:\/\/diariodominicano.com\/index.php?rest_route=\/wp\/v2\/posts\/675217\/revisions\/675224"}],"wp:featuredmedia":[{"embeddable":true,"href":"https:\/\/diariodominicano.com\/index.php?rest_route=\/wp\/v2\/media\/675223"}],"wp:attachment":[{"href":"https:\/\/diariodominicano.com\/index.php?rest_route=%2Fwp%2Fv2%2Fmedia&parent=675217"}],"wp:term":[{"taxonomy":"category","embeddable":true,"href":"https:\/\/diariodominicano.com\/index.php?rest_route=%2Fwp%2Fv2%2Fcategories&post=675217"},{"taxonomy":"post_tag","embeddable":true,"href":"https:\/\/diariodominicano.com\/index.php?rest_route=%2Fwp%2Fv2%2Ftags&post=675217"}],"curies":[{"name":"wp","href":"https:\/\/api.w.org\/{rel}","templated":true}]}}