{"id":675092,"date":"2026-04-24T00:36:04","date_gmt":"2026-04-24T04:36:04","guid":{"rendered":"https:\/\/diariodominicano.com\/?p=675092"},"modified":"2026-04-24T00:36:10","modified_gmt":"2026-04-24T04:36:10","slug":"rusia-respondera-a-nuevo-paquete-de-sanciones-de-la-ue-vicecanciller","status":"publish","type":"post","link":"https:\/\/diariodominicano.com\/?p=675092","title":{"rendered":"Rusia responder\u00e1 a nuevo paquete de sanciones de la UE, vicecanciller"},"content":{"rendered":"\n<p>Mosc\u00fa, 23 abr (Prensa Latina) Rusia responder\u00e1 al nuevo paquete de sanciones de la Uni\u00f3n Europea (UE) despu\u00e9s de que estudie atentamente su contenido, declar\u00f3 hoy el vicecanciller del pa\u00eds eslavo, Alexandr Grushk\u00f3.<\/p>\n\n\n\n<ul class=\"wp-block-list\">\n<li><a href=\"https:\/\/www.prensa-latina.cu\/2026\/04\/23\/\"><time>abril 23, 2026 | 15:23<\/time><\/a><\/li>\n<\/ul>\n\n\n\n<ul class=\"wp-block-list\">\n<li><a href=\"https:\/\/www.prensa-latina.cu\/2026\/04\/23\/rusia-respondera-a-nuevo-paquete-de-sanciones-de-la-ue-vicecanciller\/#\"><\/a><\/li>\n\n\n\n<li><a href=\"https:\/\/www.prensa-latina.cu\/2026\/04\/23\/rusia-respondera-a-nuevo-paquete-de-sanciones-de-la-ue-vicecanciller\/#\"><\/a><\/li>\n\n\n\n<li><a href=\"https:\/\/www.prensa-latina.cu\/2026\/04\/23\/rusia-respondera-a-nuevo-paquete-de-sanciones-de-la-ue-vicecanciller\/#\"><\/a><\/li>\n\n\n\n<li><a href=\"https:\/\/www.prensa-latina.cu\/2026\/04\/23\/rusia-respondera-a-nuevo-paquete-de-sanciones-de-la-ue-vicecanciller\/#\"><\/a><\/li>\n<\/ul>\n\n\n\n<p>\u00abReaccionaremos despu\u00e9s de examinar atentamente el paquete aprobado\u00bb, dijo Grushk\u00f3 a la agencia de noticias Sputnik al regresar de la ceremonia de apertura del Consulado de Honor de Rusia en Novi Sad, Serbia.<\/p>\n\n\n\n<p>El diplom\u00e1tico coment\u00f3 que es importante analizar detalladamente las restricciones a nivel de expertos.<\/p>\n\n\n\n<p>\u00abYa conocemos la pr\u00e1ctica de la UE: coger el micr\u00f3fono y hacer declaraciones ruidosas. Pero despu\u00e9s los expertos leer\u00e1n atentamente los reglamentos, las directrices y dem\u00e1s documentos. As\u00ed sabremos qu\u00e9 medidas adoptan para contener nuestras posibilidades y socavar la base de recursos, afirm\u00f3 Grushk\u00f3.<\/p>\n\n\n\n<p>Este jueves los pa\u00edses de la UE aprobaron el 20 paquete de sanciones contra Rusia.<\/p>\n\n\n\n<p>Seg\u00fan la base de datos Castellum.AI, actualizada por \u00faltima vez el pasado 15 de agosto, se activaron unas 23 mil 960 sanciones individuales y sectoriales contra Rusia desde el comienzo de su operaci\u00f3n militar especial en Ucrania, el 24 de febrero de 2022.<\/p>\n\n\n\n<p>El presidente Vlad\u00edmir Putin sostiene que la pol\u00edtica de contenci\u00f3n frente a Rusia forma parte de la estrategia a largo plazo de Occidente, cuyas sanciones asestan un duro golpe a la econom\u00eda mundial.<\/p>\n\n\n\n<p>lam\/gfa<\/p>\n\n\n\n<ul class=\"wp-block-list\">\n<li>#<a href=\"https:\/\/www.prensa-latina.cu\/etiqueta\/nuevo\/\">nuevo<\/a>\u00a0#<a href=\"https:\/\/www.prensa-latina.cu\/etiqueta\/paquete\/\">paquete<\/a>\u00a0#<a href=\"https:\/\/www.prensa-latina.cu\/etiqueta\/rusia\/\">Rusia<\/a>\u00a0#<a href=\"https:\/\/www.prensa-latina.cu\/etiqueta\/sanciones\/\">sanciones<\/a>\u00a0#<a href=\"https:\/\/www.prensa-latina.cu\/etiqueta\/ue\/\">UE<\/a><\/li>\n<\/ul>\n","protected":false},"excerpt":{"rendered":"<p>Mosc\u00fa, 23 abr (Prensa Latina) Rusia responder\u00e1 al nuevo paquete de sanciones de la Uni\u00f3n Europea (UE) despu\u00e9s de que estudie atentamente su contenido, declar\u00f3 hoy el vicecanciller del pa\u00eds eslavo, Alexandr Grushk\u00f3. \u00abReaccionaremos despu\u00e9s de examinar atentamente el paquete aprobado\u00bb, dijo Grushk\u00f3 a la agencia de noticias Sputnik al regresar de la ceremonia de [&hellip;]<\/p>\n","protected":false},"author":2,"featured_media":675093,"comment_status":"open","ping_status":"closed","sticky":false,"template":"","format":"standard","meta":{"footnotes":""},"categories":[23],"tags":[3560],"class_list":["post-675092","post","type-post","status-publish","format-standard","has-post-thumbnail","hentry","category-internacional","tag-rusia"],"_links":{"self":[{"href":"https:\/\/diariodominicano.com\/index.php?rest_route=\/wp\/v2\/posts\/675092","targetHints":{"allow":["GET"]}}],"collection":[{"href":"https:\/\/diariodominicano.com\/index.php?rest_route=\/wp\/v2\/posts"}],"about":[{"href":"https:\/\/diariodominicano.com\/index.php?rest_route=\/wp\/v2\/types\/post"}],"author":[{"embeddable":true,"href":"https:\/\/diariodominicano.com\/index.php?rest_route=\/wp\/v2\/users\/2"}],"replies":[{"embeddable":true,"href":"https:\/\/diariodominicano.com\/index.php?rest_route=%2Fwp%2Fv2%2Fcomments&post=675092"}],"version-history":[{"count":1,"href":"https:\/\/diariodominicano.com\/index.php?rest_route=\/wp\/v2\/posts\/675092\/revisions"}],"predecessor-version":[{"id":675094,"href":"https:\/\/diariodominicano.com\/index.php?rest_route=\/wp\/v2\/posts\/675092\/revisions\/675094"}],"wp:featuredmedia":[{"embeddable":true,"href":"https:\/\/diariodominicano.com\/index.php?rest_route=\/wp\/v2\/media\/675093"}],"wp:attachment":[{"href":"https:\/\/diariodominicano.com\/index.php?rest_route=%2Fwp%2Fv2%2Fmedia&parent=675092"}],"wp:term":[{"taxonomy":"category","embeddable":true,"href":"https:\/\/diariodominicano.com\/index.php?rest_route=%2Fwp%2Fv2%2Fcategories&post=675092"},{"taxonomy":"post_tag","embeddable":true,"href":"https:\/\/diariodominicano.com\/index.php?rest_route=%2Fwp%2Fv2%2Ftags&post=675092"}],"curies":[{"name":"wp","href":"https:\/\/api.w.org\/{rel}","templated":true}]}}