{"id":674944,"date":"2026-04-22T14:40:28","date_gmt":"2026-04-22T18:40:28","guid":{"rendered":"https:\/\/diariodominicano.com\/?p=674944"},"modified":"2026-04-22T14:40:39","modified_gmt":"2026-04-22T18:40:39","slug":"cine-del-intec-logra-galardones-principales-en-festivales-universitarios","status":"publish","type":"post","link":"https:\/\/diariodominicano.com\/?p=674944","title":{"rendered":"Cine del INTEC logra galardones principales en festivales universitarios"},"content":{"rendered":"\n<p>diariodominicano.com<\/p>\n\n\n\n<p><strong>Santo Domingo, R. D.,  22 de abril, 2026.-  <\/strong>Estudiantes y egresados de la carrera de Cine y Comunicaci\u00f3n Audiovisual del Instituto Tecnol\u00f3gico de Santo Domingo (INTEC) obtuvieron los premios a Mejor Pel\u00edcula y Mejor Direcci\u00f3n de Fotograf\u00eda en el festival Unibe Short Film Fest\u00a0(Uffest), y Mejor Director, Mejor Cartel y Mejor Guion en el Festival del Corto Latino Unapec (Clufest).<\/p>\n\n\n\n<p>Las egresadas Sof\u00eda Richiez y Nadia Bonilla obtuvieron el premio a Mejor Pel\u00edcula durante el festival Uffest, organizado por la Universidad Iberoamericana (Unibe), por el largometraje&nbsp;<em>De Ema para Mami<\/em>, en el que tuvieron roles de directora y productora, respectivamente.<\/p>\n\n\n\n<p>Adem\u00e1s del m\u00e1ximo galard\u00f3n, la obra obtuvo el premio a la Mejor Direcci\u00f3n de Fotograf\u00eda, realizada por el estudiante de la carrera de cine del INTEC, Diego Cepeda.&nbsp;<em>De Ema para Mami<\/em>&nbsp;aborda la tem\u00e1tica del feminicidio desde la perspectiva de la hija peque\u00f1a de una posible v\u00edctima, planteando el problema social bajo una \u00f3ptica narrativa inesperada.<\/p>\n\n\n\n<p><strong>Premios en el Clufest<\/strong><\/p>\n\n\n<div class=\"wp-block-image\">\n<figure class=\"alignleft size-full is-resized\"><img loading=\"lazy\" decoding=\"async\" width=\"670\" height=\"343\" src=\"https:\/\/diariodominicano.com\/wp-content\/uploads\/2026\/04\/Inrec-Mejor-Pelicula-en-el-Uffest-de-UNIBE-y-Diego-Cepeda-22-4-26.jpg\" alt=\"\" class=\"wp-image-674946\" style=\"aspect-ratio:1.9534267515923567;width:302px;height:auto\" srcset=\"https:\/\/diariodominicano.com\/wp-content\/uploads\/2026\/04\/Inrec-Mejor-Pelicula-en-el-Uffest-de-UNIBE-y-Diego-Cepeda-22-4-26.jpg 670w, https:\/\/diariodominicano.com\/wp-content\/uploads\/2026\/04\/Inrec-Mejor-Pelicula-en-el-Uffest-de-UNIBE-y-Diego-Cepeda-22-4-26-300x154.jpg 300w\" sizes=\"auto, (max-width: 670px) 100vw, 670px\" \/><\/figure>\n<\/div>\n\n\n<p>En tanto que, durante la primera edici\u00f3n del Festival del Corto Latino Unapec (Clufest), en que participaron producciones de universidades nacionales y de Latinoam\u00e9rica, INTEC recibi\u00f3 los premios al Mejor Director y Mejor Cartel con el cortometraje<em>&nbsp;El Loco que Pinta, y&nbsp;<\/em>Mejor Guion con la producci\u00f3n&nbsp;<em>No Te Dejes Mata<\/em>r, ambos dentro de la competencia interuniversitaria.<\/p>\n\n\n\n<p><em>El Loco que Pinta&nbsp;<\/em>fue dirigido por Paul Limardo y Mariam Rosario, y&nbsp;<em>No Te Dejes Matar<\/em>, por Claudio de los Santos.<\/p>\n\n\n\n<p>El coordinador de la carrera de Cine y Comunicaci\u00f3n Audiovisual del INTEC, Alfredo Padr\u00f3n, asegur\u00f3 que las victorias obtenidas por los estudiantes y egresados en lo que va de 2026 son la mejor muestra de la calidad de los profesionales formados en esa universidad.<\/p>\n\n\n\n<p>El jurado calificador estuvo integrado por representantes de la Direcci\u00f3n General de Cine (Dgcine), la Asociaci\u00f3n Dominicana de Profesionales de la Industria del Cine (Adocine), la Sociedad de Gesti\u00f3n de Productores Audiovisuales (Sogespa) y de la agencia de comunicaci\u00f3n especializada en cine (Cin\u00e9ate).<\/p>\n\n\n\n<p><strong>Sobre la carrera de Cine en INTEC<\/strong><\/p>\n\n\n\n<p>La carrera de la&nbsp;<strong>Licenciatura en Cine y Comunicaci\u00f3n Audiovisual&nbsp;<\/strong>del INTEC tiene el objetivo de formar profesionales integrales, con un alto dominio de las capacidades t\u00e9cnicas, el lenguaje audiovisual y est\u00e9tico, el compromiso con el ser humano y la sociedad, la identidad, las responsabilidades \u00e9ticas y la indagaci\u00f3n de las nuevas realidades del mundo que nos rodea.<\/p>\n\n\n\n<p><strong>Direcci\u00f3n de Comunicaci\u00f3n Institucional<\/strong><\/p>\n\n\n\n<p><strong>22 de abril de 2026<\/strong><\/p>\n","protected":false},"excerpt":{"rendered":"<p>diariodominicano.com Santo Domingo, R. D., 22 de abril, 2026.- Estudiantes y egresados de la carrera de Cine y Comunicaci\u00f3n Audiovisual del Instituto Tecnol\u00f3gico de Santo Domingo (INTEC) obtuvieron los premios a Mejor Pel\u00edcula y Mejor Direcci\u00f3n de Fotograf\u00eda en el festival Unibe Short Film Fest\u00a0(Uffest), y Mejor Director, Mejor Cartel y Mejor Guion en el [&hellip;]<\/p>\n","protected":false},"author":5,"featured_media":674945,"comment_status":"closed","ping_status":"closed","sticky":false,"template":"","format":"standard","meta":{"footnotes":""},"categories":[21,20,27],"tags":[],"class_list":["post-674944","post","type-post","status-publish","format-standard","has-post-thumbnail","hentry","category-cultura","category-dominicana-hoy","category-portada"],"_links":{"self":[{"href":"https:\/\/diariodominicano.com\/index.php?rest_route=\/wp\/v2\/posts\/674944","targetHints":{"allow":["GET"]}}],"collection":[{"href":"https:\/\/diariodominicano.com\/index.php?rest_route=\/wp\/v2\/posts"}],"about":[{"href":"https:\/\/diariodominicano.com\/index.php?rest_route=\/wp\/v2\/types\/post"}],"author":[{"embeddable":true,"href":"https:\/\/diariodominicano.com\/index.php?rest_route=\/wp\/v2\/users\/5"}],"replies":[{"embeddable":true,"href":"https:\/\/diariodominicano.com\/index.php?rest_route=%2Fwp%2Fv2%2Fcomments&post=674944"}],"version-history":[{"count":1,"href":"https:\/\/diariodominicano.com\/index.php?rest_route=\/wp\/v2\/posts\/674944\/revisions"}],"predecessor-version":[{"id":674947,"href":"https:\/\/diariodominicano.com\/index.php?rest_route=\/wp\/v2\/posts\/674944\/revisions\/674947"}],"wp:featuredmedia":[{"embeddable":true,"href":"https:\/\/diariodominicano.com\/index.php?rest_route=\/wp\/v2\/media\/674945"}],"wp:attachment":[{"href":"https:\/\/diariodominicano.com\/index.php?rest_route=%2Fwp%2Fv2%2Fmedia&parent=674944"}],"wp:term":[{"taxonomy":"category","embeddable":true,"href":"https:\/\/diariodominicano.com\/index.php?rest_route=%2Fwp%2Fv2%2Fcategories&post=674944"},{"taxonomy":"post_tag","embeddable":true,"href":"https:\/\/diariodominicano.com\/index.php?rest_route=%2Fwp%2Fv2%2Ftags&post=674944"}],"curies":[{"name":"wp","href":"https:\/\/api.w.org\/{rel}","templated":true}]}}