{"id":674778,"date":"2026-04-21T20:06:56","date_gmt":"2026-04-22T00:06:56","guid":{"rendered":"https:\/\/diariodominicano.com\/?p=674778"},"modified":"2026-04-21T20:07:07","modified_gmt":"2026-04-22T00:07:07","slug":"la-violencia-se-esta-normalizando","status":"publish","type":"post","link":"https:\/\/diariodominicano.com\/?p=674778","title":{"rendered":"La violencia se est\u00e1 normalizando"},"content":{"rendered":"\n<p><em>Al analizar la muerte del chofer, Deivy Carlos Abreu, la ex vicepresidenta Margarita Cede\u00f1o lo considera un&nbsp; s\u00edntoma preocupante de la presencia de la ley de la selva.<\/em><\/p>\n\n\n\n<p>Para la ex vicepresidenta de la Republica, Margarita Cede\u00f1o, el asesinato del chofer &nbsp;Deivy Carlos Abreu Quezada,&nbsp; &nbsp;a causa de una herida de arma blanca, en un hecho ocurrido&nbsp; en uno de los estacionamientos &nbsp;del Palacio de Justicia de Santiago, no es un hecho que se pueda considerar aislado, calific\u00e1ndolo como \u201cun &nbsp;s\u00edntoma muy preocupante de la presencia de la ley de la selva y de la ausencia de cultura ciudadana\u201d.<\/p>\n\n\n\n<p>La opini\u00f3n de la ex vicemandataria se destaca en un escrito que titul\u00f3 \u201cCuando la calle sustituye al Estado\u00bb publicado en el List\u00edn Diario y Vanguardia del Pueblo en el que plantea la necesidad de actuar para impedir que se imponga &nbsp;la ley del m\u00e1s fuerte.<\/p>\n\n\n\n<p>Cede\u00f1o explica en el escrito&nbsp; que el punto de quiebre en el caso de Santiago, \u201cno fue el incidente de tr\u00e1nsito, sino la decisi\u00f3n colectiva de escalar el conflicto hasta la muerte. Lo que pudo resolverse con una discusi\u00f3n amigable, o incluso con la intervenci\u00f3n de una autoridad, degener\u00f3 en una acci\u00f3n violenta de grupo\u201d.<\/p>\n\n\n\n<p>La tambi\u00e9n integrante del Comit\u00e9 Pol\u00edtico del Partido de la Liberaci\u00f3n Dominicana (PLD) &nbsp;considera que en &nbsp;ausencia de sanci\u00f3n efectiva, la violencia se normaliza, sobretodo, cuando &nbsp;quienes participan en estos actos no enfrentan consecuencias claras y oportunas, el mensaje impl\u00edcito es peligroso: actuar al margen de la ley puede salir gratis.<\/p>\n\n\n\n<p>\u201cLa &nbsp;soluci\u00f3n no pasa exclusivamente por endurecer penas. El enfoque debe ser m\u00e1s integral. La construcci\u00f3n de cultura ciudadana requiere pol\u00edticas p\u00fablicas sostenidas que integren educaci\u00f3n c\u00edvica, campa\u00f1as de sensibilizaci\u00f3n y, crucialmente, el ejemplo desde el liderazgo pol\u00edtico y social. No se puede exigir comportamiento ciudadano en la base si en la c\u00faspide se legitiman pr\u00e1cticas de confrontaci\u00f3n, irrespeto o abuso\u201d, argument\u00f3.<\/p>\n\n\n\n<p>Margarita Cede\u00f1o considera que la &nbsp;Rep\u00fablica Dominicana necesita avanzar en esa direcci\u00f3n,&nbsp; porque lo que est\u00e1 en juego no es s\u00f3lo la reducci\u00f3n de incidentes violentos, sino la calidad misma de la vida en sociedad.<\/p>\n\n\n\n<p>\u201cUna comunidad donde cualquier conflicto menor puede escalar hasta consecuencias fatales es una comunidad donde la incertidumbre domina, donde el miedo sustituye la confianza y donde el espacio p\u00fablico deja de ser un lugar de convivencia para convertirse en un terreno de riesgo visible y constante\u201d, afirma.<\/p>\n\n\n\n<p>Para concluir su exposici\u00f3n significando que el caso que ha indignado a toda la sociedad, \u00abNO&nbsp;basta con indignarse ni con exigir justicia. Es imprescindible preguntarnos qu\u00e9 tipo de sociedad estamos construyendo y qu\u00e9 comportamientos estamos tolerando. Hay que actuar ya o la ley de la selva se impondr\u00e1\u201d<\/p>\n\n\n\n<p><strong>SECRETARIA DE COMUNICACIONES<\/strong><\/p>\n","protected":false},"excerpt":{"rendered":"<p>Al analizar la muerte del chofer, Deivy Carlos Abreu, la ex vicepresidenta Margarita Cede\u00f1o lo considera un&nbsp; s\u00edntoma preocupante de la presencia de la ley de la selva. Para la ex vicepresidenta de la Republica, Margarita Cede\u00f1o, el asesinato del chofer &nbsp;Deivy Carlos Abreu Quezada,&nbsp; &nbsp;a causa de una herida de arma blanca, en un [&hellip;]<\/p>\n","protected":false},"author":7,"featured_media":674781,"comment_status":"closed","ping_status":"closed","sticky":false,"template":"","format":"standard","meta":{"footnotes":""},"categories":[36,22,27],"tags":[3735,175],"class_list":["post-674778","post","type-post","status-publish","format-standard","has-post-thumbnail","hentry","category-hombresmujeresycosas","category-politica","category-portada","tag-margarita-cedeno","tag-pld"],"_links":{"self":[{"href":"https:\/\/diariodominicano.com\/index.php?rest_route=\/wp\/v2\/posts\/674778","targetHints":{"allow":["GET"]}}],"collection":[{"href":"https:\/\/diariodominicano.com\/index.php?rest_route=\/wp\/v2\/posts"}],"about":[{"href":"https:\/\/diariodominicano.com\/index.php?rest_route=\/wp\/v2\/types\/post"}],"author":[{"embeddable":true,"href":"https:\/\/diariodominicano.com\/index.php?rest_route=\/wp\/v2\/users\/7"}],"replies":[{"embeddable":true,"href":"https:\/\/diariodominicano.com\/index.php?rest_route=%2Fwp%2Fv2%2Fcomments&post=674778"}],"version-history":[{"count":1,"href":"https:\/\/diariodominicano.com\/index.php?rest_route=\/wp\/v2\/posts\/674778\/revisions"}],"predecessor-version":[{"id":674782,"href":"https:\/\/diariodominicano.com\/index.php?rest_route=\/wp\/v2\/posts\/674778\/revisions\/674782"}],"wp:featuredmedia":[{"embeddable":true,"href":"https:\/\/diariodominicano.com\/index.php?rest_route=\/wp\/v2\/media\/674781"}],"wp:attachment":[{"href":"https:\/\/diariodominicano.com\/index.php?rest_route=%2Fwp%2Fv2%2Fmedia&parent=674778"}],"wp:term":[{"taxonomy":"category","embeddable":true,"href":"https:\/\/diariodominicano.com\/index.php?rest_route=%2Fwp%2Fv2%2Fcategories&post=674778"},{"taxonomy":"post_tag","embeddable":true,"href":"https:\/\/diariodominicano.com\/index.php?rest_route=%2Fwp%2Fv2%2Ftags&post=674778"}],"curies":[{"name":"wp","href":"https:\/\/api.w.org\/{rel}","templated":true}]}}