{"id":673993,"date":"2026-04-16T12:37:08","date_gmt":"2026-04-16T16:37:08","guid":{"rendered":"https:\/\/diariodominicano.com\/?p=673993"},"modified":"2026-04-16T12:37:58","modified_gmt":"2026-04-16T16:37:58","slug":"veinte-anos-de-prision-para-hombre-que-violo-a-una-adolescente-en-espaillat","status":"publish","type":"post","link":"https:\/\/diariodominicano.com\/?p=673993","title":{"rendered":"Veinte a\u00f1os de prisi\u00f3n para hombre que viol\u00f3 a una adolescente en Espaillat"},"content":{"rendered":"\n<p><strong>SANTO DOMINGO (Rep\u00fablica Dominicana).-<\/strong>&nbsp;Acogiendo la acusaci\u00f3n presentada por el Ministerio P\u00fablico, los jueces de un tribunal de Espaillat condenaron a 20 a\u00f1os de prisi\u00f3n a un hombre que agredi\u00f3 y viol\u00f3 sexualmente a una adolescente en el a\u00f1o 2023.<\/p>\n\n\n\n<p>Juan P\u00e9rez fue condenado a la pena privativa de libertad y al pago de una indemnizaci\u00f3n de 2 millones de pesos al establecerse su culpabilidad en el caso.<\/p>\n\n\n\n<p>El expediente detalla que el procesado viol\u00f3 a la adolescente de 14 a\u00f1os en momentos en que la v\u00edctima se encontraba sola en su vivienda. Indica que cometi\u00f3 los hechos en varias ocasiones y que amenazaba constantemente a la joven, advirti\u00e9ndole que s\u00ed contaba lo ocurrido la matar\u00eda a ella y a otros familiares cercanos. El caso fue descubierto en el mes de junio del a\u00f1o 2023.<\/p>\n\n\n\n<p>La investigaci\u00f3n estuvo a cargo del fiscal Joan Vargas. Mientras que la litigaci\u00f3n del caso el Ministerio P\u00fablico estuvo representado por la procuradora de corte Ang\u00e9lica Castillo y la fiscal Yesiely Fabr\u00e9, quienes sustentaron la solicitud de la imposici\u00f3n de la pena con diferentes elementos de prueba.<\/p>\n\n\n\n<p>En el proceso la v\u00edctima estuvo representada por el Ministerio de la Mujer, a trav\u00e9s de las abogadas Teresa Minaya y Wanda Guzm\u00e1n, quienes solicitaron a favor de su representada el pago de una indemnizaci\u00f3n de 10 millones de pesos.<\/p>\n\n\n\n<p>P\u00e9rez fue hallado culpable de violar varios art\u00edculos del C\u00f3digo Penal Dominicano, modificado por la Ley 24-97 sobre Violencia de G\u00e9nero, que sanciona los delitos de agresi\u00f3n y violaci\u00f3n sexual.<\/p>\n\n\n\n<p>El tribunal orden\u00f3 el cumplimiento de la sentencia en el Centro de Correcci\u00f3n y Rehabilitaci\u00f3n (CCR) La Isleta, de Moca, provincia Espaillat.<\/p>\n\n\n\n<p><strong>Direcci\u00f3n General de Comunicaci\u00f3n, Prensa, y RRPP<\/strong><\/p>\n\n\n\n<p>Ministerio P\u00fablico.&nbsp;R.D.<\/p>\n\n\n\n<p>Comunicaciones PGR <a href=\"mailto:comunicaciones@pgr.gob.do\">comunicaciones@pgr.gob.do<\/a> &nbsp;<\/p>\n","protected":false},"excerpt":{"rendered":"<p>SANTO DOMINGO (Rep\u00fablica Dominicana).-&nbsp;Acogiendo la acusaci\u00f3n presentada por el Ministerio P\u00fablico, los jueces de un tribunal de Espaillat condenaron a 20 a\u00f1os de prisi\u00f3n a un hombre que agredi\u00f3 y viol\u00f3 sexualmente a una adolescente en el a\u00f1o 2023. Juan P\u00e9rez fue condenado a la pena privativa de libertad y al pago de una indemnizaci\u00f3n [&hellip;]<\/p>\n","protected":false},"author":7,"featured_media":269996,"comment_status":"closed","ping_status":"closed","sticky":false,"template":"","format":"standard","meta":{"footnotes":""},"categories":[24],"tags":[171,701],"class_list":["post-673993","post","type-post","status-publish","format-standard","has-post-thumbnail","hentry","category-justicia-y-derecho","tag-ministerio-publico","tag-puerto-plata-2"],"_links":{"self":[{"href":"https:\/\/diariodominicano.com\/index.php?rest_route=\/wp\/v2\/posts\/673993","targetHints":{"allow":["GET"]}}],"collection":[{"href":"https:\/\/diariodominicano.com\/index.php?rest_route=\/wp\/v2\/posts"}],"about":[{"href":"https:\/\/diariodominicano.com\/index.php?rest_route=\/wp\/v2\/types\/post"}],"author":[{"embeddable":true,"href":"https:\/\/diariodominicano.com\/index.php?rest_route=\/wp\/v2\/users\/7"}],"replies":[{"embeddable":true,"href":"https:\/\/diariodominicano.com\/index.php?rest_route=%2Fwp%2Fv2%2Fcomments&post=673993"}],"version-history":[{"count":1,"href":"https:\/\/diariodominicano.com\/index.php?rest_route=\/wp\/v2\/posts\/673993\/revisions"}],"predecessor-version":[{"id":673994,"href":"https:\/\/diariodominicano.com\/index.php?rest_route=\/wp\/v2\/posts\/673993\/revisions\/673994"}],"wp:featuredmedia":[{"embeddable":true,"href":"https:\/\/diariodominicano.com\/index.php?rest_route=\/wp\/v2\/media\/269996"}],"wp:attachment":[{"href":"https:\/\/diariodominicano.com\/index.php?rest_route=%2Fwp%2Fv2%2Fmedia&parent=673993"}],"wp:term":[{"taxonomy":"category","embeddable":true,"href":"https:\/\/diariodominicano.com\/index.php?rest_route=%2Fwp%2Fv2%2Fcategories&post=673993"},{"taxonomy":"post_tag","embeddable":true,"href":"https:\/\/diariodominicano.com\/index.php?rest_route=%2Fwp%2Fv2%2Ftags&post=673993"}],"curies":[{"name":"wp","href":"https:\/\/api.w.org\/{rel}","templated":true}]}}