{"id":673895,"date":"2026-04-15T21:45:59","date_gmt":"2026-04-16T01:45:59","guid":{"rendered":"https:\/\/diariodominicano.com\/?p=673895"},"modified":"2026-04-16T00:20:38","modified_gmt":"2026-04-16T04:20:38","slug":"senado-de-mexico-aprueba-nueva-ley-federal-de-cine","status":"publish","type":"post","link":"https:\/\/diariodominicano.com\/?p=673895","title":{"rendered":"Senado de M\u00e9xico aprueba nueva ley federal de cine"},"content":{"rendered":"\n<p>Ciudad de M\u00e9xico, 15 abr (Prensa Latina) El Senado de M\u00e9xico aprob\u00f3 hoy la nueva Ley Federal de Cine y el Audiovisual, con el objetivo de fomentar y regular la producci\u00f3n, distribuci\u00f3n, difusi\u00f3n, promoci\u00f3n, comercializaci\u00f3n, circulaci\u00f3n, exhibici\u00f3n y preservaci\u00f3n de estas obras.<\/p>\n\n\n\n<ul class=\"wp-block-list\">\n<li><a href=\"https:\/\/www.prensa-latina.cu\/2026\/04\/15\/\"><time>abril 15, 2026 | 21:06<\/time><\/a><\/li>\n<\/ul>\n\n\n\n<ul class=\"wp-block-list\">\n<li><a href=\"https:\/\/www.prensa-latina.cu\/2026\/04\/15\/senado-de-mexico-aprueba-nueva-ley-federal-de-cine\/#\"><\/a><\/li>\n\n\n\n<li><a href=\"https:\/\/www.prensa-latina.cu\/2026\/04\/15\/senado-de-mexico-aprueba-nueva-ley-federal-de-cine\/#\"><\/a><\/li>\n\n\n\n<li><a href=\"https:\/\/www.prensa-latina.cu\/2026\/04\/15\/senado-de-mexico-aprueba-nueva-ley-federal-de-cine\/#\"><\/a><\/li>\n\n\n\n<li><a href=\"https:\/\/www.prensa-latina.cu\/2026\/04\/15\/senado-de-mexico-aprueba-nueva-ley-federal-de-cine\/#\"><\/a><\/li>\n<\/ul>\n\n\n\n<p>El documento \u2013que adem\u00e1s abroga la Ley Federal de Cinematograf\u00eda-, fue avalado en lo general con 87 votos a favor, uno en contra y 18 abstenciones, mientras en lo particular, 82 legisladores lo apoyaron, uno lo rechaz\u00f3 y 17 se abstuvieron.<\/p>\n\n\n\n<p>Al presentar el dictamen correspondiente a la iniciativa enviada por la mandataria Claudia Sheinbaum, el presidente de la Comisi\u00f3n de Radio, Televisi\u00f3n y Cinematograf\u00eda, Jos\u00e9 Antonio Cruz, destac\u00f3 la importancia de esta legislaci\u00f3n.<\/p>\n\n\n\n<p>\u201cReconoce los grandes cambios tecnol\u00f3gicos en la industria, de tal manera que no s\u00f3lo incluye las pel\u00edculas tradicionales, sino tambi\u00e9n las obras audiovisuales que vemos en nuestras peque\u00f1as pantallas y los streamings o videos\u201d, explic\u00f3.<\/p>\n\n\n\n<p>Otra innovaci\u00f3n, agreg\u00f3, es que establece una cuota de pantalla dirigida al cine y los audiovisuales mexicanos para que las programaciones de las salas contemplen el trabajo de cineastas, productores, directores, actores, actrices y t\u00e9cnicos de la industria nacional.<\/p>\n\n\n\n<p>Por su parte, la presidenta de la Comisi\u00f3n de Cultura, Beatriz Mojica, consider\u00f3 que la normativa fortalece al cine nacional como una actividad cultural y econ\u00f3mica de inter\u00e9s p\u00fablico, lo que significa que el Estado reconoce con mayor claridad su responsabilidad de impulsarlo.<\/p>\n\n\n\n<p>\u201cEn tiempos de plataformas, algoritmos e inteligencia artificial, el Estado tiene que garantizar innovaci\u00f3n, pero tambi\u00e9n derechos, autor\u00eda, libertad creativa, diversidad cultural y protecci\u00f3n del trabajo humano detr\u00e1s de cada obra\u201d, a\u00f1adi\u00f3 por su parte el senador Manuel Huerta.<\/p>\n\n\n\n<p>Karla Guadalupe Toledo, del opositor Partido Revolucionario Institucional, resalt\u00f3 que la norma responde a una deuda pendiente con quienes hacen posible la industria cinematogr\u00e1fica: creadores, t\u00e9cnicos y productores que durante a\u00f1os resintieron condiciones.<\/p>\n\n\n\n<p>Por el gobernante Morena, Javier Corral afirm\u00f3 que esta reforma impulsa la restituci\u00f3n de un cap\u00edtulo de fomento en la producci\u00f3n nacional, con una progresividad de los recursos p\u00fablicos que se aplicar\u00e1n a trav\u00e9s de fondos y est\u00edmulos fiscales.<\/p>\n\n\n\n<p>La presidenta de la Mesa Directiva, Laura Itzel Castillo, instruy\u00f3 remitir el proyecto decreto al Ejecutivo Federal.<\/p>\n\n\n\n<p>npg\/las<\/p>\n\n\n\n<ul class=\"wp-block-list\">\n<li>#<a href=\"https:\/\/www.prensa-latina.cu\/etiqueta\/cine\/\">cine<\/a>\u00a0#<a href=\"https:\/\/www.prensa-latina.cu\/etiqueta\/mexico\/\">M\u00e9xico<\/a>\u00a0#<a href=\"https:\/\/www.prensa-latina.cu\/etiqueta\/senado\/\">senado<\/a><\/li>\n<\/ul>\n","protected":false},"excerpt":{"rendered":"<p>Ciudad de M\u00e9xico, 15 abr (Prensa Latina) El Senado de M\u00e9xico aprob\u00f3 hoy la nueva Ley Federal de Cine y el Audiovisual, con el objetivo de fomentar y regular la producci\u00f3n, distribuci\u00f3n, difusi\u00f3n, promoci\u00f3n, comercializaci\u00f3n, circulaci\u00f3n, exhibici\u00f3n y preservaci\u00f3n de estas obras. El documento \u2013que adem\u00e1s abroga la Ley Federal de Cinematograf\u00eda-, fue avalado en [&hellip;]<\/p>\n","protected":false},"author":2,"featured_media":0,"comment_status":"closed","ping_status":"closed","sticky":false,"template":"","format":"standard","meta":{"footnotes":""},"categories":[21,25],"tags":[4246],"class_list":["post-673895","post","type-post","status-publish","format-standard","hentry","category-cultura","category-gente","tag-mexico-3"],"_links":{"self":[{"href":"https:\/\/diariodominicano.com\/index.php?rest_route=\/wp\/v2\/posts\/673895","targetHints":{"allow":["GET"]}}],"collection":[{"href":"https:\/\/diariodominicano.com\/index.php?rest_route=\/wp\/v2\/posts"}],"about":[{"href":"https:\/\/diariodominicano.com\/index.php?rest_route=\/wp\/v2\/types\/post"}],"author":[{"embeddable":true,"href":"https:\/\/diariodominicano.com\/index.php?rest_route=\/wp\/v2\/users\/2"}],"replies":[{"embeddable":true,"href":"https:\/\/diariodominicano.com\/index.php?rest_route=%2Fwp%2Fv2%2Fcomments&post=673895"}],"version-history":[{"count":1,"href":"https:\/\/diariodominicano.com\/index.php?rest_route=\/wp\/v2\/posts\/673895\/revisions"}],"predecessor-version":[{"id":673896,"href":"https:\/\/diariodominicano.com\/index.php?rest_route=\/wp\/v2\/posts\/673895\/revisions\/673896"}],"wp:attachment":[{"href":"https:\/\/diariodominicano.com\/index.php?rest_route=%2Fwp%2Fv2%2Fmedia&parent=673895"}],"wp:term":[{"taxonomy":"category","embeddable":true,"href":"https:\/\/diariodominicano.com\/index.php?rest_route=%2Fwp%2Fv2%2Fcategories&post=673895"},{"taxonomy":"post_tag","embeddable":true,"href":"https:\/\/diariodominicano.com\/index.php?rest_route=%2Fwp%2Fv2%2Ftags&post=673895"}],"curies":[{"name":"wp","href":"https:\/\/api.w.org\/{rel}","templated":true}]}}