{"id":673861,"date":"2026-04-15T20:36:04","date_gmt":"2026-04-16T00:36:04","guid":{"rendered":"https:\/\/diariodominicano.com\/?p=673861"},"modified":"2026-04-15T21:27:21","modified_gmt":"2026-04-16T01:27:21","slug":"lluvias-de-bendiciones-para-el-presidente-luis-abinader-en-villa-altagracia","status":"publish","type":"post","link":"https:\/\/diariodominicano.com\/?p=673861","title":{"rendered":"Por disposici\u00f3n del presidente Abinader  Luis Acosta Moreta, Luis \u201cEl Gallo\u201d, encabeza asistencia social dirigida a familias damnificadas por los fuertes aguaceros en Villa Altagracia"},"content":{"rendered":"\n<p>Luis \u201cEl Gallo\u201d entrega raciones alimenticias a familias afectadas por desbordamientos de r\u00edos y ca\u00f1adas en el municipio de Villa Altagracia, provincia San Crist\u00f3bal<\/p>\n\n\n\n<p>MUNICIPIO DE VILLA ALTAGRACIA, PROVINCIA SAN CRIST\u00d3BAL. \u2013 Por disposici\u00f3n del presidente de la Rep\u00fablica, Luis Abinader, el presidente de la Uni\u00f3n Dem\u00f3crata Cristiana \u2013UDC\u2010, Luis Acosta Moreta, Luis \u201cEl Gallo\u201d, encabez\u00f3 un amplio operativo de asistencia social dirigido a familias damnificadas por los fuertes aguaceros que han provocado el desbordamiento de r\u00edos y ca\u00f1adas, as\u00ed como inundaciones en sectores vulnerables de este municipio.<\/p>\n\n\n\n<figure class=\"wp-block-gallery has-nested-images columns-default is-cropped wp-block-gallery-1 is-layout-flex wp-block-gallery-is-layout-flex\">\n<figure class=\"wp-block-image size-large\"><img loading=\"lazy\" decoding=\"async\" width=\"1024\" height=\"576\" data-id=\"673876\" src=\"https:\/\/diariodominicano.com\/wp-content\/uploads\/2026\/04\/Lluvias-de-bendiciones-para-el-presidente-Luis-Abinader-en-VA-1-1024x576.jpg\" alt=\"\" class=\"wp-image-673876\" srcset=\"https:\/\/diariodominicano.com\/wp-content\/uploads\/2026\/04\/Lluvias-de-bendiciones-para-el-presidente-Luis-Abinader-en-VA-1-1024x576.jpg 1024w, https:\/\/diariodominicano.com\/wp-content\/uploads\/2026\/04\/Lluvias-de-bendiciones-para-el-presidente-Luis-Abinader-en-VA-1-300x169.jpg 300w, https:\/\/diariodominicano.com\/wp-content\/uploads\/2026\/04\/Lluvias-de-bendiciones-para-el-presidente-Luis-Abinader-en-VA-1-768x432.jpg 768w, https:\/\/diariodominicano.com\/wp-content\/uploads\/2026\/04\/Lluvias-de-bendiciones-para-el-presidente-Luis-Abinader-en-VA-1-816x459.jpg 816w, https:\/\/diariodominicano.com\/wp-content\/uploads\/2026\/04\/Lluvias-de-bendiciones-para-el-presidente-Luis-Abinader-en-VA-1.jpg 1200w\" sizes=\"auto, (max-width: 1024px) 100vw, 1024px\" \/><\/figure>\n<\/figure>\n\n\n\n<p>Durante la jornada fueron distribuidas raciones alimenticias casa por casa a las familias afectadas, muchas de las cuales perdieron enseres del hogar, ajuares y pertenencias tras la acumulaci\u00f3n de agua en zonas de alto riesgo, quedando en condiciones precarias y con necesidades urgentes de asistencia.<\/p>\n\n\n\n<figure class=\"wp-block-gallery has-nested-images columns-default is-cropped wp-block-gallery-2 is-layout-flex wp-block-gallery-is-layout-flex\">\n<figure class=\"wp-block-image size-large\"><img loading=\"lazy\" decoding=\"async\" width=\"1024\" height=\"576\" data-id=\"673874\" src=\"https:\/\/diariodominicano.com\/wp-content\/uploads\/2026\/04\/Lluvias-de-bendiciones-para-el-presidente-Luis-Abinader-en-Villa-Altagracia-1-1024x576.jpg\" alt=\"\" class=\"wp-image-673874\" srcset=\"https:\/\/diariodominicano.com\/wp-content\/uploads\/2026\/04\/Lluvias-de-bendiciones-para-el-presidente-Luis-Abinader-en-Villa-Altagracia-1-1024x576.jpg 1024w, https:\/\/diariodominicano.com\/wp-content\/uploads\/2026\/04\/Lluvias-de-bendiciones-para-el-presidente-Luis-Abinader-en-Villa-Altagracia-1-300x169.jpg 300w, https:\/\/diariodominicano.com\/wp-content\/uploads\/2026\/04\/Lluvias-de-bendiciones-para-el-presidente-Luis-Abinader-en-Villa-Altagracia-1-768x432.jpg 768w, https:\/\/diariodominicano.com\/wp-content\/uploads\/2026\/04\/Lluvias-de-bendiciones-para-el-presidente-Luis-Abinader-en-Villa-Altagracia-1-816x459.jpg 816w, https:\/\/diariodominicano.com\/wp-content\/uploads\/2026\/04\/Lluvias-de-bendiciones-para-el-presidente-Luis-Abinader-en-Villa-Altagracia-1.jpg 1200w\" sizes=\"auto, (max-width: 1024px) 100vw, 1024px\" \/><\/figure>\n<\/figure>\n\n\n\n<p>La entrega tambi\u00e9n se realiz\u00f3 a transe\u00fantes que transitaban por las calles y mediante filas organizadas y ordenadas, garantizando una distribuci\u00f3n directa y equitativa. El operativo fue ejecutado con el apoyo de la Brigada de Asistencia Social del Partido Uni\u00f3n Dem\u00f3crata Cristiana (UDC), quienes acompa\u00f1aron la jornada solidaria en los sectores impactados.<\/p>\n\n\n\n<figure class=\"wp-block-gallery has-nested-images columns-default is-cropped wp-block-gallery-3 is-layout-flex wp-block-gallery-is-layout-flex\">\n<figure class=\"wp-block-image size-large\"><img loading=\"lazy\" decoding=\"async\" width=\"1024\" height=\"576\" data-id=\"673875\" src=\"https:\/\/diariodominicano.com\/wp-content\/uploads\/2026\/04\/Lluvias-bendiciones-para-el-presidente-Luis-Abinader-en-Villa-Altagracia-1-1024x576.jpg\" alt=\"\" class=\"wp-image-673875\" srcset=\"https:\/\/diariodominicano.com\/wp-content\/uploads\/2026\/04\/Lluvias-bendiciones-para-el-presidente-Luis-Abinader-en-Villa-Altagracia-1-1024x576.jpg 1024w, https:\/\/diariodominicano.com\/wp-content\/uploads\/2026\/04\/Lluvias-bendiciones-para-el-presidente-Luis-Abinader-en-Villa-Altagracia-1-300x169.jpg 300w, https:\/\/diariodominicano.com\/wp-content\/uploads\/2026\/04\/Lluvias-bendiciones-para-el-presidente-Luis-Abinader-en-Villa-Altagracia-1-768x432.jpg 768w, https:\/\/diariodominicano.com\/wp-content\/uploads\/2026\/04\/Lluvias-bendiciones-para-el-presidente-Luis-Abinader-en-Villa-Altagracia-1-816x459.jpg 816w, https:\/\/diariodominicano.com\/wp-content\/uploads\/2026\/04\/Lluvias-bendiciones-para-el-presidente-Luis-Abinader-en-Villa-Altagracia-1.jpg 1200w\" sizes=\"auto, (max-width: 1024px) 100vw, 1024px\" \/><\/figure>\n<\/figure>\n\n\n\n<p>La jornada se desarroll\u00f3 en los barrios El Silencio, El Resbal\u00f3n, Barrio Duarte, Lo Arremangao, La Delicia, La 30 de Marzo y Barrio La Plata, comunidades que registraron inundaciones significativas debido al desbordamiento de ca\u00f1adas y la crecida de r\u00edos, afectando a decenas de hogares y provocando p\u00e9rdidas materiales a numerosas familias.<\/p>\n\n\n\n<p>En los diferentes sectores visitados, los residentes beneficiados expresaron su agradecimiento al presidente Luis Abinader, clamando \u201clluvias de bendiciones, \u00e9xitos y salud\u201d para el mandatario por las ayudas enviadas a las familias afectadas. \u201cMuchas bendiciones, presidente Abinader, gracias por las ayudas\u201d, manifestaron comunitarios mientras recib\u00edan las raciones alimenticias.<\/p>\n\n\n\n<p>*<strong>Operativo por disposici\u00f3n presidencial<\/strong>*<\/p>\n\n\n\n<p>Luis \u201cEl Gallo\u201d explic\u00f3 que la iniciativa responde a las orientaciones del presidente Luis Abinader de acudir en auxilio de la poblaci\u00f3n m\u00e1s necesitada ante situaciones de emergencia. Indic\u00f3 que, tras un levantamiento dispuesto por el mandatario, quien expres\u00f3 que \u201clo m\u00e1s importante es la comida, primero la comida\u201d, se dispuso la entrega inmediata de raciones alimenticias en las zonas afectadas por las lluvias en Villa Altagracia.<\/p>\n\n\n\n<p>El dirigente pol\u00edtico tambi\u00e9n hizo un llamado a las instituciones gubernamentales para que acudan con enseres del hogar, ropas y art\u00edculos de primera necesidad, se\u00f1alando que en sectores como El Resbal\u00f3n hay familias que lo perdieron todo y no tienen d\u00f3nde dormir ni ropa para vestirse, por lo que requieren asistencia urgente.<\/p>\n\n\n\n<p>Asimismo, Luis \u201cEl Gallo\u201d exhort\u00f3 a los partidos de oposici\u00f3n, a los empresarios y a todos los sectores de la sociedad a unirse y apoyar al presidente Luis Abinader en esta dif\u00edcil situaci\u00f3n, dejando de lado la politiquer\u00eda y concentrando los esfuerzos en ayudar a los m\u00e1s necesitados.<\/p>\n\n\n\n<p>\u201cVamos a ayudar a quienes m\u00e1s lo necesitan y dejemos de hablar caball\u00e1. No es tiempo de politiquer\u00eda, sino de apoyo solidario ante estas lluvias que han causado estragos en el pa\u00eds, sumado a los problemas globales que tambi\u00e9n afectan a la Rep\u00fablica Dominicana\u201d, expres\u00f3.<\/p>\n\n\n\n<p>Finalmente, Luis \u201cEl Gallo\u201d reafirm\u00f3 que continuar\u00e1 desarrollando operativos de asistencia social en coordinaci\u00f3n con las disposiciones del presidente Luis Abinader, con el prop\u00f3sito de llevar apoyo directo a las comunidades impactadas y acompa\u00f1ar a las familias afectadas por los fen\u00f3menos atmosf\u00e9ricos que inciden en el pa\u00eds.<\/p>\n\n\n\n<p>Direcci\u00f3n de Prensa UDC<\/p>\n\n\n\n<p>La Peque priky72@gmail.com<\/p>\n","protected":false},"excerpt":{"rendered":"<p>Luis \u201cEl Gallo\u201d entrega raciones alimenticias a familias afectadas por desbordamientos de r\u00edos y ca\u00f1adas en el municipio de Villa Altagracia, provincia San Crist\u00f3bal MUNICIPIO DE VILLA ALTAGRACIA, PROVINCIA SAN CRIST\u00d3BAL. \u2013 Por disposici\u00f3n del presidente de la Rep\u00fablica, Luis Abinader, el presidente de la Uni\u00f3n Dem\u00f3crata Cristiana \u2013UDC\u2010, Luis Acosta Moreta, Luis \u201cEl Gallo\u201d, [&hellip;]<\/p>\n","protected":false},"author":7,"featured_media":673873,"comment_status":"open","ping_status":"closed","sticky":false,"template":"","format":"standard","meta":{"footnotes":""},"categories":[22],"tags":[114,1854,1733],"class_list":["post-673861","post","type-post","status-publish","format-standard","has-post-thumbnail","hentry","category-politica","tag-luis-el-gallo","tag-presidente-abinader","tag-villa-altagracia"],"_links":{"self":[{"href":"https:\/\/diariodominicano.com\/index.php?rest_route=\/wp\/v2\/posts\/673861","targetHints":{"allow":["GET"]}}],"collection":[{"href":"https:\/\/diariodominicano.com\/index.php?rest_route=\/wp\/v2\/posts"}],"about":[{"href":"https:\/\/diariodominicano.com\/index.php?rest_route=\/wp\/v2\/types\/post"}],"author":[{"embeddable":true,"href":"https:\/\/diariodominicano.com\/index.php?rest_route=\/wp\/v2\/users\/7"}],"replies":[{"embeddable":true,"href":"https:\/\/diariodominicano.com\/index.php?rest_route=%2Fwp%2Fv2%2Fcomments&post=673861"}],"version-history":[{"count":2,"href":"https:\/\/diariodominicano.com\/index.php?rest_route=\/wp\/v2\/posts\/673861\/revisions"}],"predecessor-version":[{"id":673884,"href":"https:\/\/diariodominicano.com\/index.php?rest_route=\/wp\/v2\/posts\/673861\/revisions\/673884"}],"wp:featuredmedia":[{"embeddable":true,"href":"https:\/\/diariodominicano.com\/index.php?rest_route=\/wp\/v2\/media\/673873"}],"wp:attachment":[{"href":"https:\/\/diariodominicano.com\/index.php?rest_route=%2Fwp%2Fv2%2Fmedia&parent=673861"}],"wp:term":[{"taxonomy":"category","embeddable":true,"href":"https:\/\/diariodominicano.com\/index.php?rest_route=%2Fwp%2Fv2%2Fcategories&post=673861"},{"taxonomy":"post_tag","embeddable":true,"href":"https:\/\/diariodominicano.com\/index.php?rest_route=%2Fwp%2Fv2%2Ftags&post=673861"}],"curies":[{"name":"wp","href":"https:\/\/api.w.org\/{rel}","templated":true}]}}