{"id":673406,"date":"2026-04-13T00:00:49","date_gmt":"2026-04-13T04:00:49","guid":{"rendered":"https:\/\/diariodominicano.com\/?p=673406"},"modified":"2026-04-13T00:02:53","modified_gmt":"2026-04-13T04:02:53","slug":"pascua-del-dolor-a-la-esperanza-una-oportunidad-para-comenzar-de-nuevo","status":"publish","type":"post","link":"https:\/\/diariodominicano.com\/?p=673406","title":{"rendered":"Pascua: del dolor a la esperanza \u2014 una oportunidad para comenzar de nuevo"},"content":{"rendered":"\n<p>Por: Elis Peralta&nbsp;<\/p>\n\n\n\n<p>La Pascua no es solo una tradici\u00f3n, es el coraz\u00f3n de la fe cristiana: la celebraci\u00f3n de la vida que vence a la muerte. Nos recuerda que, aun en medio del dolor, siempre es posible renacer.<\/p>\n\n\n\n<p><\/p>\n\n\n\n<p>El ap\u00f3stol Pablo lo expres\u00f3 con fuerza: \u201cSi Cristo no resucit\u00f3, vana es nuestra fe.\u201d Con esto deja claro que la Pascua es la base de la esperanza cristiana.<\/p>\n\n\n\n<h2 class=\"wp-block-heading\">\u00bfCu\u00e1ndo se vive la Pascua?<\/h2>\n\n\n\n<p>La Pascua comienza el Domingo de Resurrecci\u00f3n, despu\u00e9s de la Semana Santa, y se celebra durante 50 d\u00edas hasta Pentecost\u00e9s. No es un solo d\u00eda, sino un tiempo para vivir la alegr\u00eda, la fe y la renovaci\u00f3n.<\/p>\n\n\n\n<h2 class=\"wp-block-heading\">\u00bfPor qu\u00e9 debemos vivirla hoy?<\/h2>\n\n\n\n<p>En un mundo lleno de incertidumbre, la Pascua nos ofrece algo que muchos buscan: sentido, paz y esperanza.<\/p>\n\n\n\n<p>Te\u00f3logos como Santo Tom\u00e1s de Aquino ense\u00f1an que la resurrecci\u00f3n abre la puerta a una vida nueva. Karl Rahner afirma que revela el destino del ser humano, y Joseph Ratzinger insiste en que no es un mito, sino una realidad que transforma la historia.<\/p>\n\n\n\n<p>Todos coinciden en algo: la Pascua cambia la vida del ser humano.<\/p>\n\n\n\n<p>Un llamado para hoy<\/p>\n\n\n\n<p>La Pascua no es solo para recordarla, es para vivirla:<\/p>\n\n\n\n<ul class=\"wp-block-list\">\n<li>Renueva tu fe<\/li>\n\n\n\n<li>Perdona<\/li>\n\n\n\n<li>Ama m\u00e1s<\/li>\n\n\n\n<li>Comienza de nuevo<\/li>\n<\/ul>\n\n\n\n<p>Hoy m\u00e1s que nunca, el mundo necesita personas que vivan con esperanza.<\/p>\n\n\n\n<p>La Pascua es una invitaci\u00f3n a dejar atr\u00e1s lo viejo y abrir el coraz\u00f3n a una vida nueva. Es creer que la luz siempre puede vencer la oscuridad.<\/p>\n\n\n\n<p>Porque la Pascua no es solo un acontecimiento\u2026 es una oportunidad para transformar tu vida.<\/p>\n\n\n\n<p>Saludos Cordiales<\/p>\n\n\n\n<p>Elis Peralta<\/p>\n\n\n\n<p><a href=\"mailto:prensasdqtours@gmail.com\" target=\"_blank\" rel=\"noreferrer noopener\">prensasdqtours@gmail.com<\/a><br>Directora General<\/p>\n","protected":false},"excerpt":{"rendered":"<p>Por: Elis Peralta&nbsp; La Pascua no es solo una tradici\u00f3n, es el coraz\u00f3n de la fe cristiana: la celebraci\u00f3n de la vida que vence a la muerte. Nos recuerda que, aun en medio del dolor, siempre es posible renacer. El ap\u00f3stol Pablo lo expres\u00f3 con fuerza: \u201cSi Cristo no resucit\u00f3, vana es nuestra fe.\u201d Con [&hellip;]<\/p>\n","protected":false},"author":2,"featured_media":673407,"comment_status":"open","ping_status":"closed","sticky":false,"template":"","format":"standard","meta":{"footnotes":""},"categories":[19,16],"tags":[1416],"class_list":["post-673406","post","type-post","status-publish","format-standard","has-post-thumbnail","hentry","category-mi-voz","category-opiniones","tag-elis-peralta"],"_links":{"self":[{"href":"https:\/\/diariodominicano.com\/index.php?rest_route=\/wp\/v2\/posts\/673406","targetHints":{"allow":["GET"]}}],"collection":[{"href":"https:\/\/diariodominicano.com\/index.php?rest_route=\/wp\/v2\/posts"}],"about":[{"href":"https:\/\/diariodominicano.com\/index.php?rest_route=\/wp\/v2\/types\/post"}],"author":[{"embeddable":true,"href":"https:\/\/diariodominicano.com\/index.php?rest_route=\/wp\/v2\/users\/2"}],"replies":[{"embeddable":true,"href":"https:\/\/diariodominicano.com\/index.php?rest_route=%2Fwp%2Fv2%2Fcomments&post=673406"}],"version-history":[{"count":2,"href":"https:\/\/diariodominicano.com\/index.php?rest_route=\/wp\/v2\/posts\/673406\/revisions"}],"predecessor-version":[{"id":673410,"href":"https:\/\/diariodominicano.com\/index.php?rest_route=\/wp\/v2\/posts\/673406\/revisions\/673410"}],"wp:featuredmedia":[{"embeddable":true,"href":"https:\/\/diariodominicano.com\/index.php?rest_route=\/wp\/v2\/media\/673407"}],"wp:attachment":[{"href":"https:\/\/diariodominicano.com\/index.php?rest_route=%2Fwp%2Fv2%2Fmedia&parent=673406"}],"wp:term":[{"taxonomy":"category","embeddable":true,"href":"https:\/\/diariodominicano.com\/index.php?rest_route=%2Fwp%2Fv2%2Fcategories&post=673406"},{"taxonomy":"post_tag","embeddable":true,"href":"https:\/\/diariodominicano.com\/index.php?rest_route=%2Fwp%2Fv2%2Ftags&post=673406"}],"curies":[{"name":"wp","href":"https:\/\/api.w.org\/{rel}","templated":true}]}}