{"id":672144,"date":"2026-03-31T22:33:51","date_gmt":"2026-04-01T02:33:51","guid":{"rendered":"https:\/\/diariodominicano.com\/?p=672144"},"modified":"2026-04-01T03:44:08","modified_gmt":"2026-04-01T07:44:08","slug":"lula-promulga-ley-que-amplia-dias-de-licencia-por-paternidad-en-brasil","status":"publish","type":"post","link":"https:\/\/diariodominicano.com\/?p=672144","title":{"rendered":"Lula promulga ley que amplia d\u00edas de licencia por paternidad en Brasil"},"content":{"rendered":"\n<p>diariodominicano.com<\/p>\n\n\n\n<p>SAO PAULO, 31 mar (Xinhua) &#8212; El presidente de Brasil, Luiz In\u00e1cio Lula da Silva, promulg\u00f3 hoy martes una ley que ampl\u00eda de forma gradual la licencia por paternidad en el pa\u00eds, que pasar\u00e1 de los actuales cinco d\u00edas a 10 d\u00edas en 2027, 15 d\u00edas en 2028 y 20 en 2029.<\/p>\n\n\n\n<p>La norma, que fue aprobada por el Congreso Nacional tras a\u00f1os de debate, busca incentivar una mayor participaci\u00f3n de los padres en el cuidado de los hijos reci\u00e9n nacidos o adoptados.<\/p>\n\n\n\n<p>\u00abSon 38 a\u00f1os de espera para reglamentar la licencia por paternidad y ampliarla. Hoy tiene cinco d\u00edas y luego pasar\u00e1 a 10, 15 y 20 d\u00edas. Esta fue una conquista conjunta de la sociedad civil con el Parlamento y con nuestra participaci\u00f3n\u00bb, afirm\u00f3 la ministra de Relaciones Institucionales, Gleisi Hoffmann.<\/p>\n\n\n\n<p>Durante la sanci\u00f3n, Lula da Silva destac\u00f3 el car\u00e1cter social de la medida y su impacto en la din\u00e1mica familiar<\/p>\n\n\n\n<p>\u00abEsta ley va a ense\u00f1ar a los hombres a ba\u00f1ar a sus hijos, a despertarse por la noche para cuidarlos cuando lloran. Tendr\u00e1n que aprender a cambiar pa\u00f1ales. Es una ley que sanciono con mucho placer\u00bb, agreg\u00f3 el mandatario brasile\u00f1o.<\/p>\n\n\n\n<p>El proyecto hab\u00eda sido aprobado por el Senado el pasado 4 de marzo y formaba parte de una discusi\u00f3n legislativa iniciada hace 19 a\u00f1os, cuando fue presentado en 2007 por la entonces senadora Patr\u00edcia Saboya.<\/p>\n\n\n\n<p>Entre los argumentos a favor de la iniciativa figura el fortalecimiento del v\u00ednculo familiar y la promoci\u00f3n de una distribuci\u00f3n m\u00e1s equitativa de las responsabilidades en el hogar desde el nacimiento o adopci\u00f3n de los hijos.<\/p>\n\n\n\n<p>Al aprobarse en la C\u00e1mara de Diputados en noviembre del a\u00f1o pasado, el relator del proyecto, Pedro Campos, sostuvo que \u00abning\u00fan derecho es m\u00e1s fundamental que el de nacer rodeado de cuidado\u00bb y record\u00f3 que el tema se debate desde la Asamblea Constituyente que dio origen a la Constituci\u00f3n de 1988.<\/p>\n","protected":false},"excerpt":{"rendered":"<p>diariodominicano.com SAO PAULO, 31 mar (Xinhua) &#8212; El presidente de Brasil, Luiz In\u00e1cio Lula da Silva, promulg\u00f3 hoy martes una ley que ampl\u00eda de forma gradual la licencia por paternidad en el pa\u00eds, que pasar\u00e1 de los actuales cinco d\u00edas a 10 d\u00edas en 2027, 15 d\u00edas en 2028 y 20 en 2029. La norma, [&hellip;]<\/p>\n","protected":false},"author":5,"featured_media":672145,"comment_status":"closed","ping_status":"closed","sticky":false,"template":"","format":"standard","meta":{"footnotes":""},"categories":[1],"tags":[2998],"class_list":["post-672144","post","type-post","status-publish","format-standard","has-post-thumbnail","hentry","category-editorial","tag-brasil"],"_links":{"self":[{"href":"https:\/\/diariodominicano.com\/index.php?rest_route=\/wp\/v2\/posts\/672144","targetHints":{"allow":["GET"]}}],"collection":[{"href":"https:\/\/diariodominicano.com\/index.php?rest_route=\/wp\/v2\/posts"}],"about":[{"href":"https:\/\/diariodominicano.com\/index.php?rest_route=\/wp\/v2\/types\/post"}],"author":[{"embeddable":true,"href":"https:\/\/diariodominicano.com\/index.php?rest_route=\/wp\/v2\/users\/5"}],"replies":[{"embeddable":true,"href":"https:\/\/diariodominicano.com\/index.php?rest_route=%2Fwp%2Fv2%2Fcomments&post=672144"}],"version-history":[{"count":2,"href":"https:\/\/diariodominicano.com\/index.php?rest_route=\/wp\/v2\/posts\/672144\/revisions"}],"predecessor-version":[{"id":672192,"href":"https:\/\/diariodominicano.com\/index.php?rest_route=\/wp\/v2\/posts\/672144\/revisions\/672192"}],"wp:featuredmedia":[{"embeddable":true,"href":"https:\/\/diariodominicano.com\/index.php?rest_route=\/wp\/v2\/media\/672145"}],"wp:attachment":[{"href":"https:\/\/diariodominicano.com\/index.php?rest_route=%2Fwp%2Fv2%2Fmedia&parent=672144"}],"wp:term":[{"taxonomy":"category","embeddable":true,"href":"https:\/\/diariodominicano.com\/index.php?rest_route=%2Fwp%2Fv2%2Fcategories&post=672144"},{"taxonomy":"post_tag","embeddable":true,"href":"https:\/\/diariodominicano.com\/index.php?rest_route=%2Fwp%2Fv2%2Ftags&post=672144"}],"curies":[{"name":"wp","href":"https:\/\/api.w.org\/{rel}","templated":true}]}}