{"id":671901,"date":"2026-03-30T00:56:47","date_gmt":"2026-03-30T04:56:47","guid":{"rendered":"https:\/\/diariodominicano.com\/?p=671901"},"modified":"2026-03-31T02:04:49","modified_gmt":"2026-03-31T06:04:49","slug":"criar-cerdos","status":"publish","type":"post","link":"https:\/\/diariodominicano.com\/?p=671901","title":{"rendered":"Criar Cerdos"},"content":{"rendered":"\n<p><strong>Jes\u00fas Antonio Fern\u00e1ndez Olmedo<\/strong><\/p>\n\n\n\n<p><strong>Hay padres biol\u00f3gicos,&nbsp;pero no hay educadores responsables con equidad.<\/strong><\/p>\n\n\n\n<p><strong>Los padres tienen hijos, pero no saben educarlos.<\/strong><\/p>\n\n\n\n<p><strong>Se hacen colegas de sus hijos y los tratan al mismo nivel<\/strong><\/p>\n\n\n\n<p><strong>no vaya a ser que se vayan a \u00abtraumatizar\u00bb.<\/strong><\/p>\n\n\n\n<p><strong>Esto genera un enorme desconcierto en la sociedad por s\u00ed<\/strong><\/p>\n\n\n\n<p><strong>no fuera poco el que hay con las guerras y la locura&nbsp;<\/strong><\/p>\n\n\n\n<p><strong>colectiva de un mundo que ya no sabe a d\u00f3nde va.<\/strong><\/p>\n\n\n\n<p><strong>Los maestros han sido despose\u00eddos de autoridad y por<\/strong><\/p>\n\n\n\n<p><strong>tanto no pueden influir en nada pr\u00e1cticamente y no&nbsp;<\/strong><\/p>\n\n\n\n<p><strong>son referencia&nbsp;para los alumnos.<\/strong><\/p>\n\n\n\n<p><strong>Las leyes de educaci\u00f3n no funcionan porque no dan prioridad<\/strong><\/p>\n\n\n\n<p><strong>al profesor y a los padres.<\/strong><\/p>\n\n\n\n<p><strong>As\u00ed vale mejor que no se tengan hijos porque se est\u00e1n preparando<\/strong><\/p>\n\n\n\n<p><strong>personas d\u00e9biles presto al suicidio , alcoholismo, drogadici\u00f3n,<\/strong><\/p>\n\n\n\n<p><strong>delincuencia y dem\u00e1s.<\/strong><\/p>\n\n\n\n<p><strong>Son muy pocos los que van a salir adelante.<\/strong><\/p>\n\n\n\n<p><strong>Es un mundo sin referencias morales ni \u00e9ticas y por&nbsp;<\/strong><\/p>\n\n\n\n<p><strong>tanto el resultado ser\u00e1 demencial.<\/strong><\/p>\n\n\n\n<p><strong>Ya estamos viendo los insultos a profesores, faltas&nbsp;<\/strong><\/p>\n\n\n\n<p><strong>de respeto, violencia&nbsp;incluso y etc&#8230;<\/strong><\/p>\n\n\n\n<p><strong>La violencia y el acoso est\u00e1 instalada en las aulas.<\/strong><\/p>\n\n\n\n<p><strong>Ya estamos viendo esos resultados : una degeneraci\u00f3n social<\/strong><\/p>\n\n\n\n<p><strong>enorme, no s\u00f3lo pol\u00edtica , cultural sino en la base de la sociedad<\/strong><\/p>\n\n\n\n<p><strong>est\u00e1 ya instalada&nbsp;la corrupci\u00f3n.<\/strong><\/p>\n\n\n\n<p><strong>Porque no existe la lucha, la \u00e9tica y el ser humano ha<\/strong><\/p>\n\n\n\n<p><strong>perdido la esencia.<\/strong><\/p>\n\n\n\n<p><strong>S\u00f3lo se deja llevar por sue\u00f1os constantes virtuales que s\u00f3lo<\/strong><\/p>\n\n\n\n<p><strong>est\u00e1n en su mente pero cuando topa con la realidad<\/strong><\/p>\n\n\n\n<p><strong>esta&nbsp;es muy diferente.<\/strong><\/p>\n\n\n\n<p><strong>La culpa la tienen por supuesto , empezando por la base social<\/strong><\/p>\n\n\n\n<p><strong>y la esencia de una sociedad que es la familia , los padres<\/strong><\/p>\n\n\n\n<p><strong>que son condescendientes con los hijos en todo.<\/strong><\/p>\n\n\n\n<p><strong>As\u00ed cr\u00edan cerdos&nbsp;u otros elementos muy desagradables&nbsp;<\/strong><\/p>\n\n\n\n<p><strong>para la sociedad.<\/strong><\/p>\n\n\n\n<p><strong>Jes\u00fas Antonio Fern\u00e1ndez Olmedo <a href=\"mailto:jesusantoniofernandezolmedo@gmail.com\">jesusantoniofernandezolmedo@gmail.com<\/a> &nbsp;<\/strong><\/p>\n","protected":false},"excerpt":{"rendered":"<p>Jes\u00fas Antonio Fern\u00e1ndez Olmedo Hay padres biol\u00f3gicos,&nbsp;pero no hay educadores responsables con equidad. Los padres tienen hijos, pero no saben educarlos. Se hacen colegas de sus hijos y los tratan al mismo nivel no vaya a ser que se vayan a \u00abtraumatizar\u00bb. Esto genera un enorme desconcierto en la sociedad por s\u00ed no fuera poco [&hellip;]<\/p>\n","protected":false},"author":7,"featured_media":671907,"comment_status":"closed","ping_status":"closed","sticky":false,"template":"","format":"standard","meta":{"footnotes":""},"categories":[16],"tags":[5310],"class_list":["post-671901","post","type-post","status-publish","format-standard","has-post-thumbnail","hentry","category-opiniones","tag-jesus-antonio-fernandez-olmedo"],"_links":{"self":[{"href":"https:\/\/diariodominicano.com\/index.php?rest_route=\/wp\/v2\/posts\/671901","targetHints":{"allow":["GET"]}}],"collection":[{"href":"https:\/\/diariodominicano.com\/index.php?rest_route=\/wp\/v2\/posts"}],"about":[{"href":"https:\/\/diariodominicano.com\/index.php?rest_route=\/wp\/v2\/types\/post"}],"author":[{"embeddable":true,"href":"https:\/\/diariodominicano.com\/index.php?rest_route=\/wp\/v2\/users\/7"}],"replies":[{"embeddable":true,"href":"https:\/\/diariodominicano.com\/index.php?rest_route=%2Fwp%2Fv2%2Fcomments&post=671901"}],"version-history":[{"count":1,"href":"https:\/\/diariodominicano.com\/index.php?rest_route=\/wp\/v2\/posts\/671901\/revisions"}],"predecessor-version":[{"id":671915,"href":"https:\/\/diariodominicano.com\/index.php?rest_route=\/wp\/v2\/posts\/671901\/revisions\/671915"}],"wp:featuredmedia":[{"embeddable":true,"href":"https:\/\/diariodominicano.com\/index.php?rest_route=\/wp\/v2\/media\/671907"}],"wp:attachment":[{"href":"https:\/\/diariodominicano.com\/index.php?rest_route=%2Fwp%2Fv2%2Fmedia&parent=671901"}],"wp:term":[{"taxonomy":"category","embeddable":true,"href":"https:\/\/diariodominicano.com\/index.php?rest_route=%2Fwp%2Fv2%2Fcategories&post=671901"},{"taxonomy":"post_tag","embeddable":true,"href":"https:\/\/diariodominicano.com\/index.php?rest_route=%2Fwp%2Fv2%2Ftags&post=671901"}],"curies":[{"name":"wp","href":"https:\/\/api.w.org\/{rel}","templated":true}]}}