{"id":670805,"date":"2026-03-20T15:07:43","date_gmt":"2026-03-20T19:07:43","guid":{"rendered":"https:\/\/diariodominicano.com\/?p=670805"},"modified":"2026-03-20T15:12:53","modified_gmt":"2026-03-20T19:12:53","slug":"valoran-en-ny-celebracion-feria-turismo-y-atracciones-samana-2026","status":"publish","type":"post","link":"https:\/\/diariodominicano.com\/?p=670805","title":{"rendered":"Valoran en NY celebraci\u00f3n feria \u201cTurismo y Atracciones Saman\u00e1 2026\u201d"},"content":{"rendered":"\n<p><strong>Por Ram\u00f3n Mercedes<\/strong><\/p>\n\n\n\n<p><strong>NUEVA YORK.-&nbsp;Samanenses residentes en esta ciudad manifestaron valorar por la celebraci\u00f3n y clausura, en su provincia, de la tercera feria \u201cTurismo y Atracciones Saman\u00e1 2026\u201d (TyA 2026), con destacada participaci\u00f3n nacional e internacional.<\/strong><\/p>\n\n\n\n<p><strong>Dicha feria, considerada uno de los eventos tur\u00edsticos m\u00e1s relevantes de la regi\u00f3n Nordeste y una importante plataforma para la promoci\u00f3n del turismo dominicano ante el mundo, se celebr\u00f3 entre el 13 y 15 del presente mes, en el exclusivo escenario de Hacienda Saman\u00e1 Bay, Hotel &amp; Residences.<\/strong><\/p>\n\n\n\n<p><strong>Durante estos tres d\u00edas, se reunieron autoridades, empresarios, inversionistas, emprendedores, artesanos, medios de comunicaci\u00f3n y visitantes, quienes participaron en una agenda cargada de conferencias internacionales.<\/strong><\/p>\n\n\n\n<p><strong>Asimismo, hubo rondas de negocios, exposiciones, experiencias gastron\u00f3micas y presentaciones culturales, resaltando el potencial de Saman\u00e1 como un destino estrat\u00e9gico para el turismo y la inversi\u00f3n, seg\u00fan un documento de prensa.<\/strong><\/p>\n\n\n\n<p><strong>Uno de los aspectos m\u00e1s destacados de esta edici\u00f3n fue la participaci\u00f3n de representantes diplom\u00e1ticos de cuatro importantes naciones en el pa\u00eds, precisan.<\/strong><\/p>\n\n\n\n<p><strong>Entre ellos, el embajador de la Rep\u00fablica Popular China en RD, Chen Luning, cuyo pa\u00eds fue invitado de honor; tambi\u00e9n los embajadores de la India, Kishan Dan Dewal (K.D. Dewal); de la Federaci\u00f3n Rusa, Alexey Victorovich; y de Panam\u00e1, Yira Elena Ramonet Garc\u00eda, lo que reafirma el creciente inter\u00e9s internacional por el desarrollo tur\u00edstico en el pa\u00eds caribe\u00f1o.<\/strong><\/p>\n\n\n\n<p><strong>El CEO de Turismo y Atracciones Saman\u00e1 2026, Kelvin Fa\u00f1a, resalt\u00f3 que esta tercera edici\u00f3n marca un paso importante en la proyecci\u00f3n internacional del evento.<\/strong><\/p>\n\n\n\n<p><strong>TyA 2026 tambi\u00e9n sirvi\u00f3 como plataforma para m\u00e1s de 40 emprendedores y artesanos locales, quienes exhibieron productos y servicios que reflejan la identidad cultural y la riqueza natural de la provincia de Saman\u00e1.<\/strong><\/p>\n\n\n\n<p><strong>Entre los atractivos m\u00e1s comentados del evento estuvieron las experiencias gastron\u00f3micas, las degustaciones de productos regionales y la creaci\u00f3n del asopao de mariscos con coco m\u00e1s grande del mundo, iniciativa liderada por la chef Solangel Vel\u00e1zquez, que capt\u00f3 la atenci\u00f3n de visitantes y medios de comunicaci\u00f3n.<\/strong><\/p>\n\n\n\n<p><strong>Con una masiva asistencia de m\u00e1s de 12 mil visitantes y una amplia cobertura medi\u00e1tica nacional e internacional, la feria reafirma su papel como una plataforma estrat\u00e9gica para impulsar el desarrollo tur\u00edstico, cultural y econ\u00f3mico de la regi\u00f3n Nordeste.<\/strong><\/p>\n\n\n\n<p><strong>Adem\u00e1s, posicionando a Saman\u00e1 como uno de los destinos m\u00e1s atractivos del Caribe. Anunciaron que el pr\u00f3ximo evento se realizar\u00e1 en esta ciudad de NY.<\/strong><\/p>\n\n\n\n<p><strong>Entre los firmantes figuran Leonardo Vel\u00e1squez, Samuel Kelly, Francisco King, Manuel Antonio Corad\u00edn, Ernesto Demorizi, Andrea de Ferrant, William Anderson, Miledys Jackson, Carlos Smith, Manolo Lavandier, Rodolfo Johnson y Elvyn Pumarol, entre otros. &nbsp;<\/strong><\/p>\n","protected":false},"excerpt":{"rendered":"<p>Por Ram\u00f3n Mercedes NUEVA YORK.-&nbsp;Samanenses residentes en esta ciudad manifestaron valorar por la celebraci\u00f3n y clausura, en su provincia, de la tercera feria \u201cTurismo y Atracciones Saman\u00e1 2026\u201d (TyA 2026), con destacada participaci\u00f3n nacional e internacional. Dicha feria, considerada uno de los eventos tur\u00edsticos m\u00e1s relevantes de la regi\u00f3n Nordeste y una importante plataforma para [&hellip;]<\/p>\n","protected":false},"author":7,"featured_media":670834,"comment_status":"closed","ping_status":"closed","sticky":false,"template":"","format":"standard","meta":{"footnotes":""},"categories":[23],"tags":[181],"class_list":["post-670805","post","type-post","status-publish","format-standard","has-post-thumbnail","hentry","category-internacional","tag-ramon-mercedes"],"_links":{"self":[{"href":"https:\/\/diariodominicano.com\/index.php?rest_route=\/wp\/v2\/posts\/670805","targetHints":{"allow":["GET"]}}],"collection":[{"href":"https:\/\/diariodominicano.com\/index.php?rest_route=\/wp\/v2\/posts"}],"about":[{"href":"https:\/\/diariodominicano.com\/index.php?rest_route=\/wp\/v2\/types\/post"}],"author":[{"embeddable":true,"href":"https:\/\/diariodominicano.com\/index.php?rest_route=\/wp\/v2\/users\/7"}],"replies":[{"embeddable":true,"href":"https:\/\/diariodominicano.com\/index.php?rest_route=%2Fwp%2Fv2%2Fcomments&post=670805"}],"version-history":[{"count":1,"href":"https:\/\/diariodominicano.com\/index.php?rest_route=\/wp\/v2\/posts\/670805\/revisions"}],"predecessor-version":[{"id":670838,"href":"https:\/\/diariodominicano.com\/index.php?rest_route=\/wp\/v2\/posts\/670805\/revisions\/670838"}],"wp:featuredmedia":[{"embeddable":true,"href":"https:\/\/diariodominicano.com\/index.php?rest_route=\/wp\/v2\/media\/670834"}],"wp:attachment":[{"href":"https:\/\/diariodominicano.com\/index.php?rest_route=%2Fwp%2Fv2%2Fmedia&parent=670805"}],"wp:term":[{"taxonomy":"category","embeddable":true,"href":"https:\/\/diariodominicano.com\/index.php?rest_route=%2Fwp%2Fv2%2Fcategories&post=670805"},{"taxonomy":"post_tag","embeddable":true,"href":"https:\/\/diariodominicano.com\/index.php?rest_route=%2Fwp%2Fv2%2Ftags&post=670805"}],"curies":[{"name":"wp","href":"https:\/\/api.w.org\/{rel}","templated":true}]}}