{"id":670151,"date":"2026-03-16T17:06:06","date_gmt":"2026-03-16T21:06:06","guid":{"rendered":"https:\/\/diariodominicano.com\/?p=670151"},"modified":"2026-03-16T17:06:19","modified_gmt":"2026-03-16T21:06:19","slug":"solidaridad-y-voz-de-aliento-para-cuba","status":"publish","type":"post","link":"https:\/\/diariodominicano.com\/?p=670151","title":{"rendered":"Solidaridad y voz de aliento para Cuba"},"content":{"rendered":"\n<p>Por Ram\u00f3n Antonio Veras<\/p>\n\n\n\n<p>1.- Est\u00e1n totalmente equivocados aquellos que creen que, al hacerse m\u00e1s cr\u00edtica la situaci\u00f3n en Cuba con el agravamiento del bloqueo, desaparecer\u00e1 la Revoluci\u00f3n Cubana.<\/p>\n\n\n\n<p>2.- Ciertamente, con el impedimento de Cuba de recibir petr\u00f3leo, se empeoran las condiciones de vida de los cubanos.<\/p>\n\n\n\n<p>3.- Pero hay que tomar en cuenta que, con el bloqueo impuesto por Estados Unidos durante m\u00e1s de 60 a\u00f1os, Cuba ha soportado una existencia con todas clases de carencias.<\/p>\n\n\n\n<p>4.- No ha sido nada llevadero el estado en que han permanecido cubanas y cubanos por espacio de m\u00e1s 60 a\u00f1os. Ha primado lo intolerable, lo insoportable.<\/p>\n\n\n\n<p>5.- No recibir combustible no es motivo para que la gente de Cuba haga un suicidio colectivo, se decida por la inmolaci\u00f3n.<\/p>\n\n\n\n<p>6.- En Cuba est\u00e1n presentes mujeres y hombres que lucharon en el Moncada, Playa Gir\u00f3n y han enfrentado a sus adversarios en distintos escenarios.<\/p>\n\n\n\n<p>7.- Personas probadas en la lucha pol\u00edtica, social y militar han sido objeto de las peores agresiones, y ahora no se van a entregar sin batallar.<\/p>\n\n\n\n<p>8.- Combatir para hacerle frente a la falta de combustible es contender dentro de la brega contra el bloqueo en general.<\/p>\n\n\n\n<p>9.- Nadie puede pensar que el imperio de occidente va a descansar en sus maquinaciones contra la Revoluci\u00f3n Cubana.<\/p>\n\n\n\n<p>10.- Lo de Cuba es estar preparada para enfrentar los ataques del imperio de occidente. La defensa ante las agresiones debe ser algo normal para lo mejor de los defensores del proceso revolucionario cubano.<\/p>\n\n\n\n<p>11.- El genocidio del que es v\u00edctima Cuba, como consecuencia del bloqueo, no puede ser aceptado tranquilamente por los que en el mundo rechazan la criminalidad.<\/p>\n\n\n\n<p>12.- En Am\u00e9rica Latina y el Caribe est\u00e1 presente el fascismo, y privar a Cuba de combustible cae dentro de los m\u00e9todos fascistoides.<\/p>\n\n\n\n<p>13.- A Cuba le corresponde seguir resistiendo y a la comunidad democr\u00e1tica internacional continuar d\u00e1ndole la m\u00e1s amplia solidaridad sin ninguna clase de reservas.<\/p>\n\n\n\n<p>14.- Los sufrimientos y privaciones que han sufrido cubanas y cubanos deben ser tomados en cuenta por las personas sensibles.<\/p>\n\n\n\n<p>15.- La falta de combustible ha hecho m\u00e1s grave la vida para Cuba, lo que debe impulsar m\u00e1s apoyo de parte de nuestros pueblos.<\/p>\n\n\n\n<p>16.- La privaci\u00f3n a Cuba de combustible no va a llevarla a entregarse, pero semejante situaci\u00f3n hace m\u00e1s imperiosa la necesidad de estar a su lado, transmiti\u00e9ndole calor solidario y d\u00e1ndole la voz de aliento para que disponga de m\u00e1s empuje.<\/p>\n","protected":false},"excerpt":{"rendered":"<p>Por Ram\u00f3n Antonio Veras 1.- Est\u00e1n totalmente equivocados aquellos que creen que, al hacerse m\u00e1s cr\u00edtica la situaci\u00f3n en Cuba con el agravamiento del bloqueo, desaparecer\u00e1 la Revoluci\u00f3n Cubana. 2.- Ciertamente, con el impedimento de Cuba de recibir petr\u00f3leo, se empeoran las condiciones de vida de los cubanos. 3.- Pero hay que tomar en cuenta [&hellip;]<\/p>\n","protected":false},"author":7,"featured_media":654589,"comment_status":"closed","ping_status":"closed","sticky":false,"template":"","format":"standard","meta":{"footnotes":""},"categories":[16],"tags":[426],"class_list":["post-670151","post","type-post","status-publish","format-standard","has-post-thumbnail","hentry","category-opiniones","tag-ramon-antonio-veras"],"_links":{"self":[{"href":"https:\/\/diariodominicano.com\/index.php?rest_route=\/wp\/v2\/posts\/670151","targetHints":{"allow":["GET"]}}],"collection":[{"href":"https:\/\/diariodominicano.com\/index.php?rest_route=\/wp\/v2\/posts"}],"about":[{"href":"https:\/\/diariodominicano.com\/index.php?rest_route=\/wp\/v2\/types\/post"}],"author":[{"embeddable":true,"href":"https:\/\/diariodominicano.com\/index.php?rest_route=\/wp\/v2\/users\/7"}],"replies":[{"embeddable":true,"href":"https:\/\/diariodominicano.com\/index.php?rest_route=%2Fwp%2Fv2%2Fcomments&post=670151"}],"version-history":[{"count":1,"href":"https:\/\/diariodominicano.com\/index.php?rest_route=\/wp\/v2\/posts\/670151\/revisions"}],"predecessor-version":[{"id":670173,"href":"https:\/\/diariodominicano.com\/index.php?rest_route=\/wp\/v2\/posts\/670151\/revisions\/670173"}],"wp:featuredmedia":[{"embeddable":true,"href":"https:\/\/diariodominicano.com\/index.php?rest_route=\/wp\/v2\/media\/654589"}],"wp:attachment":[{"href":"https:\/\/diariodominicano.com\/index.php?rest_route=%2Fwp%2Fv2%2Fmedia&parent=670151"}],"wp:term":[{"taxonomy":"category","embeddable":true,"href":"https:\/\/diariodominicano.com\/index.php?rest_route=%2Fwp%2Fv2%2Fcategories&post=670151"},{"taxonomy":"post_tag","embeddable":true,"href":"https:\/\/diariodominicano.com\/index.php?rest_route=%2Fwp%2Fv2%2Ftags&post=670151"}],"curies":[{"name":"wp","href":"https:\/\/api.w.org\/{rel}","templated":true}]}}