{"id":670140,"date":"2026-03-16T09:23:38","date_gmt":"2026-03-16T13:23:38","guid":{"rendered":"https:\/\/diariodominicano.com\/?p=670140"},"modified":"2026-03-16T09:23:49","modified_gmt":"2026-03-16T13:23:49","slug":"testigo-del-tiempo-esto-no-es-casualidad","status":"publish","type":"post","link":"https:\/\/diariodominicano.com\/?p=670140","title":{"rendered":"Testigo del tiempo \/ Esto no es casualidad"},"content":{"rendered":"\n<p> J.C. Malone<br>Los ataques de Israel y Estados Unidos contra Ir\u00e1n sacan a la luz conexiones que resultan sencillamente impensables.<br>El aumento de los precios del petr\u00f3leo no es un \u201cefecto colateral\u201d, ni un \u201ccaso aislado\u201d; es la consecuencia central y parte de una vieja agenda. \u00bfRecuerdan la Agenda 2030? Se fundamenta en terminar con los combustibles f\u00f3siles, y ahora pocos podr\u00e1n comprar los derivados del petr\u00f3leo. Esto no es casualidad.<br>En Israel y las naciones del Golfo P\u00e9rsico, nadie puede usar su celular para filmar misiles cayendo para subirlo a las redes sociales, porque es ilegal. \u00bfRecuerdan la pol\u00edtica de control medi\u00e1tico del Foro Econ\u00f3mico Mundial (FEM)? Esto no es casualidad.<br>Sin justificaci\u00f3n ni objetivos claros, estos ataques avanzan los puntos fundamentales de la vieja agenda globalista, previamente rechazada. Esto no es casualidad.<br>Imponen en guerra lo que rechazamos en la paz, esto no es casualidad.<br>Tampoco es casualidad que en la isla de Jeffrey Epstein abusen sexualmente de ni\u00f1os y sacrifiquen ni\u00f1os a deidades mal\u00e9ficas, mientras Israel ordena matar a ni\u00f1os en Gaza.<br>Y no fue un \u201cerror\u201d que, de entrada, atacando a Ir\u00e1n, bombardearan una escuela matando a m\u00e1s de 160 ni\u00f1as, es una pol\u00edtica absolutamente coherente. Este \u201csacrificio infantil\u201d, no es casualidad.<br>Por algo a la alianza del primer ministro israel\u00ed Benjam\u00edn Netanyahu y el presidente Trump le llaman \u201cel cartel de Epstein\u201d.<br>En Ir\u00e1n, el presidente Donald Trump impulsa la misma pol\u00edtica que la de George W. Bush contra el Eje Diab\u00f3lico, compuesto por Ir\u00e1n, Irak y Corea del Norte.<br>Trump retoma los argumentos y la pol\u00edtica de Bush para ampliar y poner en pr\u00e1ctica la pol\u00edtica del FEM que Joe Biden no pudo ejecutar por completo.<br>Esa es la esencia de la pol\u00edtica, alcanzar sus objetivos mientras te entretienen con espect\u00e1culos, porque al final, la pol\u00edtica es otra forma de entretenimiento.<br>Cuando Trump dice \u201chemos ganado\u201d, solo dice la verdad: toda la verdad y nada m\u00e1s que la verdad. Su triunfo no es militar.<br>Triunf\u00f3 porque logr\u00f3 imponer la agenda globalista que jur\u00f3 rechazar, est\u00e1 alcanzando lo que Joe Biden nunca alcanz\u00f3.<\/p>\n\n\n\n<p>Sigueme en Youtube&#8230;<\/p>\n\n\n\n<p><a href=\"https:\/\/www.youtube.com\/channel\/UCC_JSYrYV93iklTEhAjiBqQ?view_as=subscriber\">https:\/\/www.youtube.com\/channel\/UCC_JSYrYV93iklTEhAjiBqQ?view_as=subscriber<\/a><\/p>\n","protected":false},"excerpt":{"rendered":"<p>J.C. MaloneLos ataques de Israel y Estados Unidos contra Ir\u00e1n sacan a la luz conexiones que resultan sencillamente impensables.El aumento de los precios del petr\u00f3leo no es un \u201cefecto colateral\u201d, ni un \u201ccaso aislado\u201d; es la consecuencia central y parte de una vieja agenda. \u00bfRecuerdan la Agenda 2030? Se fundamenta en terminar con los combustibles [&hellip;]<\/p>\n","protected":false},"author":2,"featured_media":630598,"comment_status":"open","ping_status":"closed","sticky":false,"template":"","format":"standard","meta":{"footnotes":""},"categories":[36,19,16,27],"tags":[1663,1664],"class_list":["post-670140","post","type-post","status-publish","format-standard","has-post-thumbnail","hentry","category-hombresmujeresycosas","category-mi-voz","category-opiniones","category-portada","tag-j-c-malone","tag-testigo-del-tiempo"],"_links":{"self":[{"href":"https:\/\/diariodominicano.com\/index.php?rest_route=\/wp\/v2\/posts\/670140","targetHints":{"allow":["GET"]}}],"collection":[{"href":"https:\/\/diariodominicano.com\/index.php?rest_route=\/wp\/v2\/posts"}],"about":[{"href":"https:\/\/diariodominicano.com\/index.php?rest_route=\/wp\/v2\/types\/post"}],"author":[{"embeddable":true,"href":"https:\/\/diariodominicano.com\/index.php?rest_route=\/wp\/v2\/users\/2"}],"replies":[{"embeddable":true,"href":"https:\/\/diariodominicano.com\/index.php?rest_route=%2Fwp%2Fv2%2Fcomments&post=670140"}],"version-history":[{"count":1,"href":"https:\/\/diariodominicano.com\/index.php?rest_route=\/wp\/v2\/posts\/670140\/revisions"}],"predecessor-version":[{"id":670141,"href":"https:\/\/diariodominicano.com\/index.php?rest_route=\/wp\/v2\/posts\/670140\/revisions\/670141"}],"wp:featuredmedia":[{"embeddable":true,"href":"https:\/\/diariodominicano.com\/index.php?rest_route=\/wp\/v2\/media\/630598"}],"wp:attachment":[{"href":"https:\/\/diariodominicano.com\/index.php?rest_route=%2Fwp%2Fv2%2Fmedia&parent=670140"}],"wp:term":[{"taxonomy":"category","embeddable":true,"href":"https:\/\/diariodominicano.com\/index.php?rest_route=%2Fwp%2Fv2%2Fcategories&post=670140"},{"taxonomy":"post_tag","embeddable":true,"href":"https:\/\/diariodominicano.com\/index.php?rest_route=%2Fwp%2Fv2%2Ftags&post=670140"}],"curies":[{"name":"wp","href":"https:\/\/api.w.org\/{rel}","templated":true}]}}