{"id":670131,"date":"2026-03-16T08:55:28","date_gmt":"2026-03-16T12:55:28","guid":{"rendered":"https:\/\/diariodominicano.com\/?p=670131"},"modified":"2026-03-16T08:55:33","modified_gmt":"2026-03-16T12:55:33","slug":"presidenta-mexicana-enviara-nueva-iniciativa-de-reforma-al-congreso","status":"publish","type":"post","link":"https:\/\/diariodominicano.com\/?p=670131","title":{"rendered":"Presidenta mexicana enviar\u00e1 nueva iniciativa de reforma al Congreso"},"content":{"rendered":"\n<p>Ciudad de M\u00e9xico, 16 mar (Prensa Latina) La presidenta de M\u00e9xico, Claudia Sheinbaum, enviar\u00e1 hoy al Congreso una iniciativa dirigida a reducir costos del sistema pol\u00edtico y a fortalecer las consultas populares.<\/p>\n\n\n\n<ul class=\"wp-block-list\">\n<li><a href=\"https:\/\/www.prensa-latina.cu\/2026\/03\/16\/\"><time>marzo 16, 2026 | 00:08<\/time><\/a><\/li>\n<\/ul>\n\n\n\n<ul class=\"wp-block-list\">\n<li><a href=\"https:\/\/www.prensa-latina.cu\/2026\/03\/16\/presidenta-mexicana-enviara-nueva-iniciativa-de-reforma-al-congreso\/#\"><\/a><\/li>\n\n\n\n<li><a href=\"https:\/\/www.prensa-latina.cu\/2026\/03\/16\/presidenta-mexicana-enviara-nueva-iniciativa-de-reforma-al-congreso\/#\"><\/a><\/li>\n\n\n\n<li><a href=\"https:\/\/www.prensa-latina.cu\/2026\/03\/16\/presidenta-mexicana-enviara-nueva-iniciativa-de-reforma-al-congreso\/#\"><\/a><\/li>\n\n\n\n<li><a href=\"https:\/\/www.prensa-latina.cu\/2026\/03\/16\/presidenta-mexicana-enviara-nueva-iniciativa-de-reforma-al-congreso\/#\"><\/a><\/li>\n<\/ul>\n\n\n\n<p>El nuevo proyecto, presentado por la mandataria el jueves \u00faltimo, resulta el denominado Plan B de la reforma electoral, rechazada un d\u00eda antes en la C\u00e1mara de Diputados, pese a que sus principales puntos recibieron m\u00e1s de un 80 por ciento de apoyo popular en una reciente encuesta de Enkoll.<\/p>\n\n\n\n<p>La jefa del Ejecutivo record\u00f3 que la propuesta \u201cten\u00eda el objetivo de disminuir los privilegios en los partidos pol\u00edticos y en el INE (Instituto Nacional Electoral), as\u00ed como fortalecer la participaci\u00f3n de la gente\u201d.<\/p>\n\n\n\n<p>En ese sentido, mencion\u00f3 que el \u201cPlan B\u201d contempla poner un tope m\u00e1ximo a los gastos destinados a los congresos locales, regidores y el Senado, y a\u00f1adi\u00f3 que los recursos recuperados (unos 223 millones de d\u00f3lares) quedar\u00edan en las demarcaciones para resolver necesidades ciudadanas.<\/p>\n\n\n\n<p>Tambi\u00e9n propone ampliar la participaci\u00f3n en las consultas p\u00fablicas para incluir temas electorales, y la posibilidad de que la revocaci\u00f3n de mandato pueda votarse en el tercer o cuarto a\u00f1o del sexenio.<\/p>\n\n\n\n<p>\u201cVamos a enviar (el proyecto) el lunes. (\u2026) Yo espero que pase. Si no pasa, tampoco pasa nada, pero nosotros tenemos un mandato y una convicci\u00f3n\u201d, asever\u00f3 al agregar que la cuarta transformaci\u00f3n demostr\u00f3 que la honestidad, la austeridad republicana y el acabar con privilegios dan resultados.<\/p>\n\n\n\n<p>Consider\u00f3 que la desaprobaci\u00f3n de la reforma electoral no constituye una derrota, y expres\u00f3 su satisfacci\u00f3n por haberla enviado, pues \u201cla gente sabe que uno no est\u00e1 dispuesto a negociar todo\u201d.<\/p>\n\n\n\n<p>\u201c\u00bfPor qu\u00e9 tenemos el apoyo popular que tenemos? No mentimos, no robamos y no traicionamos al pueblo\u201d, declar\u00f3.<\/p>\n\n\n\n<p>Miembros de la C\u00e1mara de Diputados impidieron el avance de la reforma electoral dirigida, entre otras cuestiones, a disminuir costos de los comicios y modificar las diputaciones y senadur\u00edas plurinominales para que los cargos se eligieran directamente por el voto ciudadano.<\/p>\n\n\n\n<p>Si bien el proyecto alcanz\u00f3 259 votos a favor, fundamentalmente con sufragios del gobernante partido Morena, frente a 234 del resto de las formaciones y una abstenci\u00f3n, no lleg\u00f3 a la mayor\u00eda calificada necesaria para el visto bueno a cambios en la Constituci\u00f3n.<\/p>\n\n\n\n<p>Tanto el Partido del Trabajo como el Verde Ecologista, aliados de Morena, hab\u00edan expresado desde antes su rechazo a la propuesta.<\/p>\n\n\n\n<p>Anoche, las dirigencias nacionales de las tres organizaciones pol\u00edticas anunciaron su total respaldo al \u201cPlan B\u201d.<\/p>\n\n\n\n<p>mem\/las<\/p>\n\n\n\n<ul class=\"wp-block-list\">\n<li>#<a href=\"https:\/\/www.prensa-latina.cu\/etiqueta\/congreso\/\">congreso<\/a>\u00a0#<a href=\"https:\/\/www.prensa-latina.cu\/etiqueta\/mexico\/\">M\u00e9xico<\/a>\u00a0#<a href=\"https:\/\/www.prensa-latina.cu\/etiqueta\/morena\/\">morena<\/a>\u00a0#<a href=\"https:\/\/www.prensa-latina.cu\/etiqueta\/pt\/\">pt<\/a>\u00a0#<a href=\"https:\/\/www.prensa-latina.cu\/etiqueta\/sheinbaum\/\">sheinbaum<\/a>\u00a0#<a href=\"https:\/\/www.prensa-latina.cu\/etiqueta\/verde-ecologista\/\">verde ecologista<\/a><\/li>\n<\/ul>\n","protected":false},"excerpt":{"rendered":"<p>Ciudad de M\u00e9xico, 16 mar (Prensa Latina) La presidenta de M\u00e9xico, Claudia Sheinbaum, enviar\u00e1 hoy al Congreso una iniciativa dirigida a reducir costos del sistema pol\u00edtico y a fortalecer las consultas populares. El nuevo proyecto, presentado por la mandataria el jueves \u00faltimo, resulta el denominado Plan B de la reforma electoral, rechazada un d\u00eda antes [&hellip;]<\/p>\n","protected":false},"author":2,"featured_media":670132,"comment_status":"open","ping_status":"closed","sticky":false,"template":"","format":"standard","meta":{"footnotes":""},"categories":[23],"tags":[],"class_list":["post-670131","post","type-post","status-publish","format-standard","has-post-thumbnail","hentry","category-internacional"],"_links":{"self":[{"href":"https:\/\/diariodominicano.com\/index.php?rest_route=\/wp\/v2\/posts\/670131","targetHints":{"allow":["GET"]}}],"collection":[{"href":"https:\/\/diariodominicano.com\/index.php?rest_route=\/wp\/v2\/posts"}],"about":[{"href":"https:\/\/diariodominicano.com\/index.php?rest_route=\/wp\/v2\/types\/post"}],"author":[{"embeddable":true,"href":"https:\/\/diariodominicano.com\/index.php?rest_route=\/wp\/v2\/users\/2"}],"replies":[{"embeddable":true,"href":"https:\/\/diariodominicano.com\/index.php?rest_route=%2Fwp%2Fv2%2Fcomments&post=670131"}],"version-history":[{"count":1,"href":"https:\/\/diariodominicano.com\/index.php?rest_route=\/wp\/v2\/posts\/670131\/revisions"}],"predecessor-version":[{"id":670133,"href":"https:\/\/diariodominicano.com\/index.php?rest_route=\/wp\/v2\/posts\/670131\/revisions\/670133"}],"wp:featuredmedia":[{"embeddable":true,"href":"https:\/\/diariodominicano.com\/index.php?rest_route=\/wp\/v2\/media\/670132"}],"wp:attachment":[{"href":"https:\/\/diariodominicano.com\/index.php?rest_route=%2Fwp%2Fv2%2Fmedia&parent=670131"}],"wp:term":[{"taxonomy":"category","embeddable":true,"href":"https:\/\/diariodominicano.com\/index.php?rest_route=%2Fwp%2Fv2%2Fcategories&post=670131"},{"taxonomy":"post_tag","embeddable":true,"href":"https:\/\/diariodominicano.com\/index.php?rest_route=%2Fwp%2Fv2%2Ftags&post=670131"}],"curies":[{"name":"wp","href":"https:\/\/api.w.org\/{rel}","templated":true}]}}