{"id":670122,"date":"2026-03-16T03:09:29","date_gmt":"2026-03-16T07:09:29","guid":{"rendered":"https:\/\/diariodominicano.com\/?p=670122"},"modified":"2026-03-16T03:09:50","modified_gmt":"2026-03-16T07:09:50","slug":"abinader-entrega-escuela-comunal-barrio-lindo-para-900-estudiantes-de-villa-mella","status":"publish","type":"post","link":"https:\/\/diariodominicano.com\/?p=670122","title":{"rendered":"Abinader entrega Escuela Comunal Barrio Lindo para 900 estudiantes de Villa Mella"},"content":{"rendered":"\n<h3 class=\"wp-block-heading\">Con una infraestructura de 26 aulas y \u00e1reas especializadas, el nuevo plantel garantiza un entorno educativo de excelencia y bienestar para las familias de Santo Domingo Norte.<\/h3>\n\n\n\n<p>15 de Marzo 2026 <\/p>\n\n\n\n<p>Villa Mella, RD.\u2013 El \u00a0<strong>presidente Luis Abinader<\/strong>\u00a0inaugur\u00f3 la\u00a0<strong>Escuela Comunal Barrio Lindo<\/strong>, una imponente infraestructura dise\u00f1ada bajo los m\u00e1s\u00a0<strong>altos est\u00e1ndares de comodidad y seguridad,<\/strong>\u00a0cuyo impacto beneficiar\u00e1 a\u00a0<strong>900 estudiantes.<\/strong><\/p>\n\n\n\n<p>La entrega de este plantel, que cuenta con<strong>&nbsp;26 aulas modernas<\/strong>, marca un&nbsp;<strong>avance significativo<\/strong>&nbsp;en la calidad de vida escolar en Villa Mella, Santo Domingo Norte.<\/p>\n\n\n\n<p>Durante el acto, el ministro de Educaci\u00f3n,&nbsp;<strong>Luis Miguel De Camps<\/strong>, afirm\u00f3 que el Gobierno cree en el&nbsp;<strong>potencial de los<\/strong>&nbsp;<strong>j\u00f3venes<\/strong>&nbsp;y en el papel fundamental de la escuela como punto de partida de la comunidad, donde se forman<strong>&nbsp;los valores y talentos de los estudiantes.<\/strong><\/p>\n\n\n\n<p>Se\u00f1al\u00f3 que el presidente Luis Abinader impulsa el fortalecimiento del sistema educativo para garantizar&nbsp;<strong>espacios adecuados&nbsp;<\/strong>que favorezcan<strong>&nbsp;el aprendizaje, el desarrollo y el bienestar de los alumnos.<\/strong><\/p>\n\n\n\n<figure class=\"wp-block-image\"><img decoding=\"async\" src=\"https:\/\/www.presidencia.gob.do\/sites\/default\/files\/inline-images\/1001405390.jpg\" alt=\"\"\/><\/figure>\n\n\n\n<p>De Camps indic\u00f3 que se trabaja en la creaci\u00f3n de condiciones que permitan a cada estudiante&nbsp;<strong>desarrollarse plenamente<\/strong>. En ese sentido, asegur\u00f3 que continuar\u00e1n los esfuerzos para contar con planteles educativos que contribuyan a formar&nbsp;<strong>ciudadanos \u00edntegros y comprometidos con la sociedad.<\/strong><\/p>\n\n\n\n<p><strong>Una estructura integral para la excelencia acad\u00e9mica<\/strong><\/p>\n\n\n\n<p>La Escuela Comunal Barrio Lindo ha sido equipada con todas las&nbsp;<strong>\u00e1reas administrativas y de servicios&nbsp;<\/strong>necesarias para un&nbsp;<strong>funcionamiento \u00f3ptimo<\/strong>. El plantel dispone de espacios destinados a la direcci\u00f3n, subdirecci\u00f3n, recepci\u00f3n y sal\u00f3n de profesores, adem\u00e1s de \u00e1reas operativas estrat\u00e9gicas como oficinas t\u00e9cnicas, archivo y dep\u00f3sitos.<\/p>\n\n\n\n<p>Pensando en la salud y el desarrollo emocional de los alumnos, la obra incluye unidades de enfermer\u00eda y orientaci\u00f3n, garantizando una&nbsp;<strong>atenci\u00f3n integral dentro del mismo recinto.<\/strong><\/p>\n\n\n\n<p><strong>Facilidades y modernidad t\u00e9cnica<\/strong><\/p>\n\n\n\n<figure class=\"wp-block-image\"><img decoding=\"async\" src=\"https:\/\/www.presidencia.gob.do\/sites\/default\/files\/inline-images\/1001404271.jpg\" alt=\"\"\/><\/figure>\n\n\n\n<p>El dise\u00f1o arquitect\u00f3nico no solo prioriza el \u00e1rea docente, sino tambi\u00e9n la recreaci\u00f3n y el paisajismo. Entre sus principales caracter\u00edsticas destacan:<\/p>\n\n\n\n<p><strong>\u00c1reas de recreaci\u00f3n<\/strong>: Amplios espacios de juego, \u00e1reas exteriores y un \u00e1rea c\u00edvica para actos patri\u00f3ticos.<\/p>\n\n\n\n<p><strong>Seguridad y servicios<\/strong>: Front\u00f3n con garita en verja para el control de acceso, ba\u00f1os modernos y una cisterna de 8,000 galones para asegurar el suministro de agua constante.<\/p>\n\n\n\n<p><strong>Entorno<\/strong>: Un cuidado trabajo de paisajismo que embellece el entorno escolar y fomenta el respeto por el medio ambiente.<\/p>\n\n\n\n<p>El acto de inauguraci\u00f3n cont\u00f3 con la presencia de autoridades del Ministerio de Educaci\u00f3n y l\u00edderes comunitarios de Santo Domingo Norte, quienes celebraron que los j\u00f3venes de Barrio Lindo finalmente tengan acceso a&nbsp;<strong>un plantel que combina capacidad t\u00e9cnica con la m\u00e1xima comodidad.<\/strong><\/p>\n\n\n\n<p>Con esta acci\u00f3n, el Gobierno dominicano reafirma que la inversi\u00f3n en infraestructura educativa es&nbsp;<strong>la herramienta m\u00e1s poderosa para la transformaci\u00f3n social y la dignidad de la gente.<\/strong><\/p>\n\n\n\n<p>Con informaci\u00f3n de la Presidencia de la Rep\u00fablica.<\/p>\n","protected":false},"excerpt":{"rendered":"<p>Con una infraestructura de 26 aulas y \u00e1reas especializadas, el nuevo plantel garantiza un entorno educativo de excelencia y bienestar para las familias de Santo Domingo Norte. 15 de Marzo 2026 Villa Mella, RD.\u2013 El \u00a0presidente Luis Abinader\u00a0inaugur\u00f3 la\u00a0Escuela Comunal Barrio Lindo, una imponente infraestructura dise\u00f1ada bajo los m\u00e1s\u00a0altos est\u00e1ndares de comodidad y seguridad,\u00a0cuyo impacto [&hellip;]<\/p>\n","protected":false},"author":28,"featured_media":670123,"comment_status":"open","ping_status":"closed","sticky":false,"template":"","format":"standard","meta":{"footnotes":""},"categories":[20],"tags":[4105,5142],"class_list":["post-670122","post","type-post","status-publish","format-standard","has-post-thumbnail","hentry","category-dominicana-hoy","tag-abinader","tag-barrio-lindo"],"_links":{"self":[{"href":"https:\/\/diariodominicano.com\/index.php?rest_route=\/wp\/v2\/posts\/670122","targetHints":{"allow":["GET"]}}],"collection":[{"href":"https:\/\/diariodominicano.com\/index.php?rest_route=\/wp\/v2\/posts"}],"about":[{"href":"https:\/\/diariodominicano.com\/index.php?rest_route=\/wp\/v2\/types\/post"}],"author":[{"embeddable":true,"href":"https:\/\/diariodominicano.com\/index.php?rest_route=\/wp\/v2\/users\/28"}],"replies":[{"embeddable":true,"href":"https:\/\/diariodominicano.com\/index.php?rest_route=%2Fwp%2Fv2%2Fcomments&post=670122"}],"version-history":[{"count":2,"href":"https:\/\/diariodominicano.com\/index.php?rest_route=\/wp\/v2\/posts\/670122\/revisions"}],"predecessor-version":[{"id":670125,"href":"https:\/\/diariodominicano.com\/index.php?rest_route=\/wp\/v2\/posts\/670122\/revisions\/670125"}],"wp:featuredmedia":[{"embeddable":true,"href":"https:\/\/diariodominicano.com\/index.php?rest_route=\/wp\/v2\/media\/670123"}],"wp:attachment":[{"href":"https:\/\/diariodominicano.com\/index.php?rest_route=%2Fwp%2Fv2%2Fmedia&parent=670122"}],"wp:term":[{"taxonomy":"category","embeddable":true,"href":"https:\/\/diariodominicano.com\/index.php?rest_route=%2Fwp%2Fv2%2Fcategories&post=670122"},{"taxonomy":"post_tag","embeddable":true,"href":"https:\/\/diariodominicano.com\/index.php?rest_route=%2Fwp%2Fv2%2Ftags&post=670122"}],"curies":[{"name":"wp","href":"https:\/\/api.w.org\/{rel}","templated":true}]}}