{"id":670081,"date":"2026-03-16T02:12:07","date_gmt":"2026-03-16T06:12:07","guid":{"rendered":"https:\/\/diariodominicano.com\/?p=670081"},"modified":"2026-03-16T02:12:16","modified_gmt":"2026-03-16T06:12:16","slug":"cuba-evoca-aniversario-148-de-la-protesta-de-baragua","status":"publish","type":"post","link":"https:\/\/diariodominicano.com\/?p=670081","title":{"rendered":"Cuba evoca aniversario 148 de la Protesta de Baragu\u00e1"},"content":{"rendered":"\n<p>La Habana, 15 mar (Prensa Latina) \u00abSe dice Baragu\u00e1 y nos asalta desde la historia la intransingencia de Antonio Maceo frente a un pacto sin independencia\u00bb, expres\u00f3 el presidente cubano, Miguel D\u00edaz-Canel, al evocar el glorioso pasaje de la historia cubana.<\/p>\n\n\n\n<ul class=\"wp-block-list\">\n<li><a href=\"https:\/\/www.prensa-latina.cu\/2026\/03\/15\/\"><time>marzo 15, 2026 | 10:39<\/time><\/a><\/li>\n<\/ul>\n\n\n\n<ul class=\"wp-block-list\">\n<li><a href=\"https:\/\/www.prensa-latina.cu\/2026\/03\/15\/cuba-evoca-aniversario-148-de-la-protesta-de-baragua\/#\"><\/a><\/li>\n\n\n\n<li><a href=\"https:\/\/www.prensa-latina.cu\/2026\/03\/15\/cuba-evoca-aniversario-148-de-la-protesta-de-baragua\/#\"><\/a><\/li>\n\n\n\n<li><a href=\"https:\/\/www.prensa-latina.cu\/2026\/03\/15\/cuba-evoca-aniversario-148-de-la-protesta-de-baragua\/#\"><\/a><\/li>\n\n\n\n<li><a href=\"https:\/\/www.prensa-latina.cu\/2026\/03\/15\/cuba-evoca-aniversario-148-de-la-protesta-de-baragua\/#\"><\/a><\/li>\n<\/ul>\n\n\n\n<p>\u00abA ese legado de dignidad nos deberemos siempre\u00bb, escribi\u00f3 el mandatario en el post de la red social X.<\/p>\n\n\n\n<p>Por su parte el primer ministro de la naci\u00f3n, Manuel Marrero, acot\u00f3 que este hecho hist\u00f3rico coloc\u00f3 las banderas de la Patria en su sitial m\u00e1s alto y reafirm\u00f3 que la intransingencia cubana permanece intacta.<\/p>\n\n\n\n<p>A 148 a\u00f1os de la Protesta de Baragu\u00e1 el pueblo de Cuba ratifica al imperialismo que ante el intento de socavar su soberan\u00eda dar\u00e1 la respuesta decisiva del Tit\u00e1n de Bronce: \u00abNo nos entendemos\u00bb.<\/p>\n\n\n\n<p>Cuba recuerda esta p\u00e1gina de su historia, as\u00ed como la valent\u00eda y firmeza de su protagonista, con inmenso orgullo. No en vano el estandarte del pa\u00eds ha sido un eterno Baragu\u00e1.<\/p>\n\n\n\n<p>oda\/bbb<\/p>\n\n\n\n<ul class=\"wp-block-list\">\n<li>#<a href=\"https:\/\/www.prensa-latina.cu\/etiqueta\/cuba\/\">cuba<\/a><\/li>\n<\/ul>\n","protected":false},"excerpt":{"rendered":"<p>La Habana, 15 mar (Prensa Latina) \u00abSe dice Baragu\u00e1 y nos asalta desde la historia la intransingencia de Antonio Maceo frente a un pacto sin independencia\u00bb, expres\u00f3 el presidente cubano, Miguel D\u00edaz-Canel, al evocar el glorioso pasaje de la historia cubana. \u00abA ese legado de dignidad nos deberemos siempre\u00bb, escribi\u00f3 el mandatario en el post [&hellip;]<\/p>\n","protected":false},"author":28,"featured_media":670082,"comment_status":"open","ping_status":"closed","sticky":false,"template":"","format":"standard","meta":{"footnotes":""},"categories":[21,26],"tags":[5140],"class_list":["post-670081","post","type-post","status-publish","format-standard","has-post-thumbnail","hentry","category-cultura","category-efemerides","tag-cuba-evoca-aniversario-148-de-la-protesta-de-baragua"],"_links":{"self":[{"href":"https:\/\/diariodominicano.com\/index.php?rest_route=\/wp\/v2\/posts\/670081","targetHints":{"allow":["GET"]}}],"collection":[{"href":"https:\/\/diariodominicano.com\/index.php?rest_route=\/wp\/v2\/posts"}],"about":[{"href":"https:\/\/diariodominicano.com\/index.php?rest_route=\/wp\/v2\/types\/post"}],"author":[{"embeddable":true,"href":"https:\/\/diariodominicano.com\/index.php?rest_route=\/wp\/v2\/users\/28"}],"replies":[{"embeddable":true,"href":"https:\/\/diariodominicano.com\/index.php?rest_route=%2Fwp%2Fv2%2Fcomments&post=670081"}],"version-history":[{"count":1,"href":"https:\/\/diariodominicano.com\/index.php?rest_route=\/wp\/v2\/posts\/670081\/revisions"}],"predecessor-version":[{"id":670083,"href":"https:\/\/diariodominicano.com\/index.php?rest_route=\/wp\/v2\/posts\/670081\/revisions\/670083"}],"wp:featuredmedia":[{"embeddable":true,"href":"https:\/\/diariodominicano.com\/index.php?rest_route=\/wp\/v2\/media\/670082"}],"wp:attachment":[{"href":"https:\/\/diariodominicano.com\/index.php?rest_route=%2Fwp%2Fv2%2Fmedia&parent=670081"}],"wp:term":[{"taxonomy":"category","embeddable":true,"href":"https:\/\/diariodominicano.com\/index.php?rest_route=%2Fwp%2Fv2%2Fcategories&post=670081"},{"taxonomy":"post_tag","embeddable":true,"href":"https:\/\/diariodominicano.com\/index.php?rest_route=%2Fwp%2Fv2%2Ftags&post=670081"}],"curies":[{"name":"wp","href":"https:\/\/api.w.org\/{rel}","templated":true}]}}