{"id":670071,"date":"2026-03-16T02:03:16","date_gmt":"2026-03-16T06:03:16","guid":{"rendered":"https:\/\/diariodominicano.com\/?p=670071"},"modified":"2026-03-16T02:03:19","modified_gmt":"2026-03-16T06:03:19","slug":"brasil-celebra-el-cine-nacional-tras-paso-por-los-oscar","status":"publish","type":"post","link":"https:\/\/diariodominicano.com\/?p=670071","title":{"rendered":"Brasil celebra el cine nacional tras paso por los Oscar"},"content":{"rendered":"\n<p>Brasilia, 16 mar (Prensa Latina) Aunque Brasil qued\u00f3 sin lauros en la 98 edici\u00f3n de los premios Oscar, la presencia del gigante sudamericano en el importante evento cinematogr\u00e1fico es celebrada hoy con gran orgullo y admiraci\u00f3n en este pa\u00eds.<\/p>\n\n\n\n<ul class=\"wp-block-list\">\n<li><a href=\"https:\/\/www.prensa-latina.cu\/2026\/03\/16\/\"><time>marzo 16, 2026 | 01:26<\/time><\/a><\/li>\n<\/ul>\n\n\n\n<ul class=\"wp-block-list\">\n<li><a href=\"https:\/\/www.prensa-latina.cu\/2026\/03\/16\/brasil-celebra-el-cine-nacional-tras-paso-por-los-oscar\/#\"><\/a><\/li>\n\n\n\n<li><a href=\"https:\/\/www.prensa-latina.cu\/2026\/03\/16\/brasil-celebra-el-cine-nacional-tras-paso-por-los-oscar\/#\"><\/a><\/li>\n\n\n\n<li><a href=\"https:\/\/www.prensa-latina.cu\/2026\/03\/16\/brasil-celebra-el-cine-nacional-tras-paso-por-los-oscar\/#\"><\/a><\/li>\n\n\n\n<li><a href=\"https:\/\/www.prensa-latina.cu\/2026\/03\/16\/brasil-celebra-el-cine-nacional-tras-paso-por-los-oscar\/#\"><\/a><\/li>\n<\/ul>\n\n\n\n<p>En la ceremonia celebrada anoche en la ciudad estadounidense de Los \u00c1ngeles la cinta El agente secreto, dirigida por Kleber Mendon\u00e7a Filho y protagonizada por Wagner Moura, no se impuso en ninguna de las cuatro categor\u00edas a las que estaba nominada (mejor pel\u00edcula, mejor pel\u00edcula internacional, mejor actor y mejor direcci\u00f3n de reparto).<\/p>\n\n\n\n<p>Otro brasile\u00f1o que se encontraba en la carrera por la estatuilla dorada, Adolpho Veloso, tampoco conquist\u00f3 el lauro a mejor fotograf\u00eda por el filme Sue\u00f1os de Tren.<\/p>\n\n\n\n<p>Sin embargo, las redes sociales aqu\u00ed se llenaron de mensajes de reconocimiento y admiraci\u00f3n para los artistas implicados en esas producciones y para la cinematograf\u00eda brasile\u00f1a en general, como reflejo de un orgullo nacional que se ha venido acrecentando con los crecientes \u00e9xitos del s\u00e9ptimo arte en el pa\u00eds.<\/p>\n\n\n\n<p>\u201cEs un gran orgullo ver a nuestros artistas en la ceremonia de los \u00d3scar una vez m\u00e1s. Cinco nominaciones al premio cinematogr\u00e1fico m\u00e1s importante del mundo demuestran, una vez m\u00e1s, la fuerza de nuestro cine y el talento de nuestros actores, actrices, directores y todo el equipo t\u00e9cnico que hace posible este arte\u201d, escribi\u00f3 el presidente Luiz In\u00e1cio Lula da Silva.<\/p>\n\n\n\n<p>Asimismo, el Ministerio de Cultura destac\u00f3 en esas plataformas que, m\u00e1s importante que los Oscar, es despertar el orgullo de ser brasile\u00f1o en toda una naci\u00f3n. \u201cFue hermoso, una vez m\u00e1s, reconocernos y ver nuestras historias llegar al mundo\u201d.<\/p>\n\n\n\n<p>Por su parte, la diputada federal Dandara Tonantzin manifest\u00f3 que, aun sin ganar el premio a la mejor pel\u00edcula internacional, se hizo historia. \u201cEl agente secreto es magn\u00edfica, y a\u00fan m\u00e1s porque celebra nuestra lengua, nuestra gente, nuestras historias, narrativas y recuerdos\u201d, expres\u00f3.<\/p>\n\n\n\n<p>La legisladora realiz\u00f3 otra publicaci\u00f3n en la que resalt\u00f3 la presencia de la actriz Alice Carvalho en la ceremonia portando un broche en su pecho con un dibujo invertido de Am\u00e9rica Latina, \u201cpara afirmar que nuestro punto de referencia debe ser la propia Latinoam\u00e9rica. \u00a1Una cr\u00edtica al colonialismo cultural y una forma de exaltar su identidad y el arte latinoamericano!\u201d<\/p>\n\n\n\n<p>Tonantzin agreg\u00f3 que el broche usado por Carvalho lleva la inscripci\u00f3n Abya Yala, \u201ct\u00e9rmino utilizado por diversos pueblos ind\u00edgenas para referirse al continente que recibi\u00f3 el nombre de Am\u00e9rica, como grito que cuestiona las narrativas dominantes y valora la diversidad de los pueblos, cosmovisiones, lenguas, tradiciones y costumbres\u201d de la regi\u00f3n.<\/p>\n\n\n\n<p>Su colega en la C\u00e1mara de Diputados Camila Jara apunt\u00f3: \u201cNo ganamos, pero Brasil se erige como un gigante\u201d y agreg\u00f3 que este es el mejor momento para el cine del pa\u00eds.<\/p>\n\n\n\n<p>rob\/mar<\/p>\n\n\n\n<ul class=\"wp-block-list\">\n<li>#<a href=\"https:\/\/www.prensa-latina.cu\/etiqueta\/brasil\/\">brasil<\/a><\/li>\n<\/ul>\n","protected":false},"excerpt":{"rendered":"<p>Brasilia, 16 mar (Prensa Latina) Aunque Brasil qued\u00f3 sin lauros en la 98 edici\u00f3n de los premios Oscar, la presencia del gigante sudamericano en el importante evento cinematogr\u00e1fico es celebrada hoy con gran orgullo y admiraci\u00f3n en este pa\u00eds. En la ceremonia celebrada anoche en la ciudad estadounidense de Los \u00c1ngeles la cinta El agente [&hellip;]<\/p>\n","protected":false},"author":28,"featured_media":670072,"comment_status":"open","ping_status":"closed","sticky":false,"template":"","format":"standard","meta":{"footnotes":""},"categories":[21,25],"tags":[5138],"class_list":["post-670071","post","type-post","status-publish","format-standard","has-post-thumbnail","hentry","category-cultura","category-gente","tag-brasil-celebra"],"_links":{"self":[{"href":"https:\/\/diariodominicano.com\/index.php?rest_route=\/wp\/v2\/posts\/670071","targetHints":{"allow":["GET"]}}],"collection":[{"href":"https:\/\/diariodominicano.com\/index.php?rest_route=\/wp\/v2\/posts"}],"about":[{"href":"https:\/\/diariodominicano.com\/index.php?rest_route=\/wp\/v2\/types\/post"}],"author":[{"embeddable":true,"href":"https:\/\/diariodominicano.com\/index.php?rest_route=\/wp\/v2\/users\/28"}],"replies":[{"embeddable":true,"href":"https:\/\/diariodominicano.com\/index.php?rest_route=%2Fwp%2Fv2%2Fcomments&post=670071"}],"version-history":[{"count":1,"href":"https:\/\/diariodominicano.com\/index.php?rest_route=\/wp\/v2\/posts\/670071\/revisions"}],"predecessor-version":[{"id":670074,"href":"https:\/\/diariodominicano.com\/index.php?rest_route=\/wp\/v2\/posts\/670071\/revisions\/670074"}],"wp:featuredmedia":[{"embeddable":true,"href":"https:\/\/diariodominicano.com\/index.php?rest_route=\/wp\/v2\/media\/670072"}],"wp:attachment":[{"href":"https:\/\/diariodominicano.com\/index.php?rest_route=%2Fwp%2Fv2%2Fmedia&parent=670071"}],"wp:term":[{"taxonomy":"category","embeddable":true,"href":"https:\/\/diariodominicano.com\/index.php?rest_route=%2Fwp%2Fv2%2Fcategories&post=670071"},{"taxonomy":"post_tag","embeddable":true,"href":"https:\/\/diariodominicano.com\/index.php?rest_route=%2Fwp%2Fv2%2Ftags&post=670071"}],"curies":[{"name":"wp","href":"https:\/\/api.w.org\/{rel}","templated":true}]}}