{"id":670069,"date":"2026-03-16T01:59:39","date_gmt":"2026-03-16T05:59:39","guid":{"rendered":"https:\/\/diariodominicano.com\/?p=670069"},"modified":"2026-03-16T01:59:41","modified_gmt":"2026-03-16T05:59:41","slug":"compartiendo-dialogos-conmigo-mismo-82","status":"publish","type":"post","link":"https:\/\/diariodominicano.com\/?p=670069","title":{"rendered":"COMPARTIENDO DI\u00c1LOGOS CONMIGO MISMO"},"content":{"rendered":"\n<p class=\"wp-block-paragraph\"><strong>LA LUZ VIENE DE MI SE\u00d1OR<\/strong><\/p>\n\n\n\n<p class=\"wp-block-paragraph\"><strong><em>\u00a1ALEGR\u00c9MONOS!: El glorioso albor, del perpetuo memorial de vida, nos injerta en la Eucarist\u00eda que Jesucristo instituy\u00f3 la noche en que fue entregado, lo que es aliento y alimento para los creyentes. Jam\u00e1s desfallezcamos en rememorarlo, mientras seamos peregrinos en la tierra. Nos vendr\u00e1 bien dejarnos abrazar por la cruz y alumbrarnos con su Palabra. De aqu\u00ed brota el j\u00fabilo cristiano, el gozo del amor y de ser amado, uni\u00e9ndonos a la liturgia del cielo.<\/em><\/strong><\/p>\n\n\n\n<p class=\"wp-block-paragraph\"><strong>I.- EL SE\u00d1OR ILUMINA EL CORAZ\u00d3N<a><\/a><a><\/a><a><\/a><a><\/a><a><\/a><a><\/a><a><\/a><a><\/a><a><\/a><a><\/a><a><\/a><a><\/a><a><\/a><a><\/a><a><\/a><a><\/a><a><\/a><a><\/a><a><\/a><a><\/a><a><\/a><a><\/a><a><\/a><a><\/a><\/strong><\/p>\n\n\n\n<p class=\"wp-block-paragraph\"><a>Jes\u00fas es mi gu\u00eda en cada despertar,<\/a><\/p>\n\n\n\n<p class=\"wp-block-paragraph\">su pauta es el espacio de la calma,&nbsp;<\/p>\n\n\n\n<p class=\"wp-block-paragraph\">y su modelo me endereza a diario,<\/p>\n\n\n\n<p class=\"wp-block-paragraph\">llev\u00e1ndome hacia lugares seguros,<\/p>\n\n\n\n<p class=\"wp-block-paragraph\">que me elevan las fibras interiores.<\/p>\n\n\n\n<p class=\"wp-block-paragraph\">Seguir sus andares me reconforta,<\/p>\n\n\n\n<p class=\"wp-block-paragraph\">me conforta y vivifica los rumbos,<\/p>\n\n\n\n<p class=\"wp-block-paragraph\">porque todo resplandece de pasi\u00f3n,<\/p>\n\n\n\n<p class=\"wp-block-paragraph\">con un oleaje que vierte existencia,&nbsp;<\/p>\n\n\n\n<p class=\"wp-block-paragraph\">y alumbra hacia pulsos templados.<\/p>\n\n\n\n<p class=\"wp-block-paragraph\">Lo hermoso es dejarse reconducir,&nbsp;<\/p>\n\n\n\n<p class=\"wp-block-paragraph\">por quien es la verdad y la bondad;<\/p>\n\n\n\n<p class=\"wp-block-paragraph\">pues, aunque camine por negruras,<\/p>\n\n\n\n<p class=\"wp-block-paragraph\">nada temo porque \u00c9l me custodia,<\/p>\n\n\n\n<p class=\"wp-block-paragraph\">me da savia y me revive el \u00e1nimo.<\/p>\n\n\n\n<p class=\"wp-block-paragraph\"><strong>II.- DE LAS TINIEBLAS A LA LUZ<\/strong><\/p>\n\n\n\n<p class=\"wp-block-paragraph\">Necesitamos de la pujanza serena,<\/p>\n\n\n\n<p class=\"wp-block-paragraph\">para empaparnos de transparencia,<\/p>\n\n\n\n<p class=\"wp-block-paragraph\">antes de que las nubes de la tierra,<\/p>\n\n\n\n<p class=\"wp-block-paragraph\">nos ensucien el brillo de la mirada,<\/p>\n\n\n\n<p class=\"wp-block-paragraph\">al estar por las cloacas caminando.<\/p>\n\n\n\n<p class=\"wp-block-paragraph\">Miremos a las estrellas y vivamos,<\/p>\n\n\n\n<p class=\"wp-block-paragraph\">dej\u00e9monos acariciar y charlemos,<\/p>\n\n\n\n<p class=\"wp-block-paragraph\">que no s\u00f3lo con los labios se dice,<\/p>\n\n\n\n<p class=\"wp-block-paragraph\">tambi\u00e9n con las pupilas del alma,<\/p>\n\n\n\n<p class=\"wp-block-paragraph\">se escriben los mejores alborozos.<\/p>\n\n\n\n<p class=\"wp-block-paragraph\">No hay mayor regocijo que verse,<\/p>\n\n\n\n<p class=\"wp-block-paragraph\">que sentirse poes\u00eda y besar hondo,<\/p>\n\n\n\n<p class=\"wp-block-paragraph\">que abrazarse a la Cruz de Cristo,<\/p>\n\n\n\n<p class=\"wp-block-paragraph\">para apreciar la sublime sanaci\u00f3n,<\/p>\n\n\n\n<p class=\"wp-block-paragraph\">y sentir que Dios nos resplandece.&nbsp;<\/p>\n\n\n\n<p class=\"wp-block-paragraph\"><strong>III.- EL SALTO DEL NO SER AL SER<\/strong><\/p>\n\n\n\n<p class=\"wp-block-paragraph\">Con el Sacrificado se realza la paz,<\/p>\n\n\n\n<p class=\"wp-block-paragraph\">se purgan los males y las malicias;<\/p>\n\n\n\n<p class=\"wp-block-paragraph\">nada permanece y todo se renueva,<\/p>\n\n\n\n<p class=\"wp-block-paragraph\">pues al absorber el h\u00e1lito celestial,<\/p>\n\n\n\n<p class=\"wp-block-paragraph\">pasamos del no ser a ser del limbo.<\/p>\n\n\n\n<p class=\"wp-block-paragraph\">Busquemos ese reinicio de pureza;<\/p>\n\n\n\n<p class=\"wp-block-paragraph\">aprendamos a mirarnos y a vernos,<\/p>\n\n\n\n<p class=\"wp-block-paragraph\">pues creo que prolifera la ceguera,&nbsp;<\/p>\n\n\n\n<p class=\"wp-block-paragraph\">ante el mont\u00f3n de noches vertidas,<\/p>\n\n\n\n<p class=\"wp-block-paragraph\">que nos deslumbran y desorientan.<\/p>\n\n\n\n<p class=\"wp-block-paragraph\">El salto mortal a la aureola eterna,<\/p>\n\n\n\n<p class=\"wp-block-paragraph\">nos rellena y nos llena de ternura,<\/p>\n\n\n\n<p class=\"wp-block-paragraph\">para estar pr\u00f3ximos y colindantes,<\/p>\n\n\n\n<p class=\"wp-block-paragraph\">con el amor de amar amor divino,<\/p>\n\n\n\n<p class=\"wp-block-paragraph\">que es como nos serenamos el yo.<\/p>\n\n\n\n<p class=\"wp-block-paragraph\">&nbsp;<strong>V\u00edctor CORCOBA HERRERO<\/strong><strong><\/strong><\/p>\n\n\n\n<p class=\"wp-block-paragraph\"><a href=\"mailto:corcoba@telefonica.net\" target=\"_blank\" rel=\"noreferrer noopener\"><strong>corcoba@telefonica.net<\/strong><\/a><\/p>\n\n\n\n<p class=\"wp-block-paragraph\"><strong>14 de marzo de 2025.-<\/strong><\/p>\n","protected":false},"excerpt":{"rendered":"<p>LA LUZ VIENE DE MI SE\u00d1OR \u00a1ALEGR\u00c9MONOS!: El glorioso albor, del perpetuo memorial de vida, nos injerta en la Eucarist\u00eda que Jesucristo instituy\u00f3 la noche en que fue entregado, lo que es aliento y alimento para los creyentes. Jam\u00e1s desfallezcamos en rememorarlo, mientras seamos peregrinos en la tierra. Nos vendr\u00e1 bien dejarnos abrazar por la [&hellip;]<\/p>\n","protected":false},"author":28,"featured_media":493386,"comment_status":"open","ping_status":"closed","sticky":false,"template":"","format":"standard","meta":{"footnotes":""},"categories":[21],"tags":[5137],"class_list":["post-670069","post","type-post","status-publish","format-standard","has-post-thumbnail","hentry","category-cultura","tag-la-luz-viene-de-mi-senor"],"_links":{"self":[{"href":"https:\/\/diariodominicano.com\/index.php?rest_route=\/wp\/v2\/posts\/670069","targetHints":{"allow":["GET"]}}],"collection":[{"href":"https:\/\/diariodominicano.com\/index.php?rest_route=\/wp\/v2\/posts"}],"about":[{"href":"https:\/\/diariodominicano.com\/index.php?rest_route=\/wp\/v2\/types\/post"}],"author":[{"embeddable":true,"href":"https:\/\/diariodominicano.com\/index.php?rest_route=\/wp\/v2\/users\/28"}],"replies":[{"embeddable":true,"href":"https:\/\/diariodominicano.com\/index.php?rest_route=%2Fwp%2Fv2%2Fcomments&post=670069"}],"version-history":[{"count":1,"href":"https:\/\/diariodominicano.com\/index.php?rest_route=\/wp\/v2\/posts\/670069\/revisions"}],"predecessor-version":[{"id":670070,"href":"https:\/\/diariodominicano.com\/index.php?rest_route=\/wp\/v2\/posts\/670069\/revisions\/670070"}],"wp:featuredmedia":[{"embeddable":true,"href":"https:\/\/diariodominicano.com\/index.php?rest_route=\/wp\/v2\/media\/493386"}],"wp:attachment":[{"href":"https:\/\/diariodominicano.com\/index.php?rest_route=%2Fwp%2Fv2%2Fmedia&parent=670069"}],"wp:term":[{"taxonomy":"category","embeddable":true,"href":"https:\/\/diariodominicano.com\/index.php?rest_route=%2Fwp%2Fv2%2Fcategories&post=670069"},{"taxonomy":"post_tag","embeddable":true,"href":"https:\/\/diariodominicano.com\/index.php?rest_route=%2Fwp%2Fv2%2Ftags&post=670069"}],"curies":[{"name":"wp","href":"https:\/\/api.w.org\/{rel}","templated":true}]}}