{"id":670029,"date":"2026-03-16T01:18:48","date_gmt":"2026-03-16T05:18:48","guid":{"rendered":"https:\/\/diariodominicano.com\/?p=670029"},"modified":"2026-03-16T01:22:54","modified_gmt":"2026-03-16T05:22:54","slug":"pld-reporta-cumple-su-linea-organizativa-y-electoral-posicionando-miembros-y-militantes-en-los-comites-intermedios-de-recintos-electorales","status":"publish","type":"post","link":"https:\/\/diariodominicano.com\/?p=670029","title":{"rendered":"PLD reporta cumple su L\u00ednea Organizativa y Electoral posicionando miembros y militantes en los Comit\u00e9s Intermedios de Recintos Electorales"},"content":{"rendered":"\n<p>En Sabaneta.<\/p>\n\n\n\n<p><strong>El Partido de la Liberaci\u00f3n Dominicana (PLD)<\/strong>&nbsp;inform\u00f3 aprovech\u00f3 el fin de semana para formalizar el posicionamiento de decenas de Comit\u00e9s Intermedios en los recintos electorales, cumpliendo as\u00ed con el mandato de su l\u00ednea organizativa y electoral.<\/p>\n\n\n\n<figure class=\"wp-block-image size-large\"><img loading=\"lazy\" decoding=\"async\" width=\"1024\" height=\"768\" src=\"https:\/\/diariodominicano.com\/wp-content\/uploads\/2026\/03\/Ocoa-1024x768.jpeg\" alt=\"\" class=\"wp-image-670032\" srcset=\"https:\/\/diariodominicano.com\/wp-content\/uploads\/2026\/03\/Ocoa-1024x768.jpeg 1024w, https:\/\/diariodominicano.com\/wp-content\/uploads\/2026\/03\/Ocoa-300x225.jpeg 300w, https:\/\/diariodominicano.com\/wp-content\/uploads\/2026\/03\/Ocoa-768x576.jpeg 768w, https:\/\/diariodominicano.com\/wp-content\/uploads\/2026\/03\/Ocoa-1536x1152.jpeg 1536w, https:\/\/diariodominicano.com\/wp-content\/uploads\/2026\/03\/Ocoa-816x612.jpeg 816w, https:\/\/diariodominicano.com\/wp-content\/uploads\/2026\/03\/Ocoa.jpeg 1600w\" sizes=\"auto, (max-width: 1024px) 100vw, 1024px\" \/><\/figure>\n\n\n\n<p><strong>En Ocoa.<\/strong><\/p>\n\n\n\n<p>La Comisi\u00f3n de Implementaci\u00f3n de la L\u00ednea Organizativa y Electoral recibi\u00f3 los reportes de toda la geograf\u00eda nacional, informando del paso dado acorde &nbsp;a la normativa para la implementaci\u00f3n de la LOE.<\/p>\n\n\n\n<p>Junto al reporte del posicionamiento se recibieron las fotograf\u00edas e im\u00e1genes de ese paso, definido como notable para garantizar el triunfo en las venideras elecciones.<\/p>\n\n\n\n<figure class=\"wp-block-image size-large\"><img loading=\"lazy\" decoding=\"async\" width=\"660\" height=\"1024\" src=\"https:\/\/diariodominicano.com\/wp-content\/uploads\/2026\/03\/Arroyo-Salado-Maria-Trinidad-Sanchez-660x1024.jpeg\" alt=\"\" class=\"wp-image-670034\" srcset=\"https:\/\/diariodominicano.com\/wp-content\/uploads\/2026\/03\/Arroyo-Salado-Maria-Trinidad-Sanchez-660x1024.jpeg 660w, https:\/\/diariodominicano.com\/wp-content\/uploads\/2026\/03\/Arroyo-Salado-Maria-Trinidad-Sanchez-194x300.jpeg 194w, https:\/\/diariodominicano.com\/wp-content\/uploads\/2026\/03\/Arroyo-Salado-Maria-Trinidad-Sanchez-768x1191.jpeg 768w, https:\/\/diariodominicano.com\/wp-content\/uploads\/2026\/03\/Arroyo-Salado-Maria-Trinidad-Sanchez-991x1536.jpeg 991w, https:\/\/diariodominicano.com\/wp-content\/uploads\/2026\/03\/Arroyo-Salado-Maria-Trinidad-Sanchez-816x1265.jpeg 816w, https:\/\/diariodominicano.com\/wp-content\/uploads\/2026\/03\/Arroyo-Salado-Maria-Trinidad-Sanchez.jpeg 1032w\" sizes=\"auto, (max-width: 660px) 100vw, 660px\" \/><\/figure>\n\n\n\n<p>En Arroyo Salado, Mar\u00eda Trinidad S\u00e1nchez.<\/p>\n\n\n\n<p>El posicionamiento de las estructuras partidarias en los recintos electorales es la segunda fase de la implementaci\u00f3n de la l\u00ednea organizativa, ahora estrechamente vinculada al tema electoral.<\/p>\n\n\n\n<p>En esta fase, los presidentes de Comit\u00e9s Intermedios quedar\u00e1n confirmados en el recinto electoral donde ejercen el derecho al voto y con \u00e9l los militantes y miembros.<\/p>\n\n\n\n<figure class=\"wp-block-image size-large\"><img loading=\"lazy\" decoding=\"async\" width=\"1024\" height=\"768\" src=\"https:\/\/diariodominicano.com\/wp-content\/uploads\/2026\/03\/Monte-Plata-1024x768.jpeg\" alt=\"\" class=\"wp-image-670038\" srcset=\"https:\/\/diariodominicano.com\/wp-content\/uploads\/2026\/03\/Monte-Plata-1024x768.jpeg 1024w, https:\/\/diariodominicano.com\/wp-content\/uploads\/2026\/03\/Monte-Plata-300x225.jpeg 300w, https:\/\/diariodominicano.com\/wp-content\/uploads\/2026\/03\/Monte-Plata-768x576.jpeg 768w, https:\/\/diariodominicano.com\/wp-content\/uploads\/2026\/03\/Monte-Plata-1536x1152.jpeg 1536w, https:\/\/diariodominicano.com\/wp-content\/uploads\/2026\/03\/Monte-Plata-816x612.jpeg 816w, https:\/\/diariodominicano.com\/wp-content\/uploads\/2026\/03\/Monte-Plata.jpeg 1600w\" sizes=\"auto, (max-width: 1024px) 100vw, 1024px\" \/><\/figure>\n\n\n\n<p>En Monteplata.<\/p>\n\n\n\n<p>Reportaron posicionamientos de los Comit\u00e9s Intermedios de la Circunscripci\u00f3n Uno del Distrito Nacional, en el distrito municipal Sabaneta, San Juan, en Arroyo Salado, Mar\u00eda Trinidad S\u00e1nchez, en San Jos\u00e9 de Ocoa, en Juan de Herrera y Maguana, \u00a0San Juan, \u00a0el Pozo de El Factor, Mar\u00eda Trinidad S\u00e1nchez, Los Botados de Monte Plata, en Pedro Brand, en municipios y distritos municipales de la provincia Peravia, tambi\u00e9n en Las Terrenas y el municipio cabecera de Saman\u00e1, entre otros.<\/p>\n\n\n\n<p>Para impulsar la fase de posicionamiento, la Comisi\u00f3n de Implementaci\u00f3n de la L\u00ednea Organizativa y Electoral (LOE) del Partido de la Liberaci\u00f3n Dominicana (PLD) program\u00f3 para la &nbsp;semana &nbsp;que inicia este lunes, una serie de encuentros, bajo el formato taller.<\/p>\n\n\n\n<p><strong>SECRETAR\u00cdA DE COMUNICACIONES<\/strong><\/p>\n\n\n\n<p><strong>15 DE MARZO DE 2026<\/strong><\/p>\n","protected":false},"excerpt":{"rendered":"<p>En Sabaneta. El Partido de la Liberaci\u00f3n Dominicana (PLD)&nbsp;inform\u00f3 aprovech\u00f3 el fin de semana para formalizar el posicionamiento de decenas de Comit\u00e9s Intermedios en los recintos electorales, cumpliendo as\u00ed con el mandato de su l\u00ednea organizativa y electoral. En Ocoa. La Comisi\u00f3n de Implementaci\u00f3n de la L\u00ednea Organizativa y Electoral recibi\u00f3 los reportes de toda [&hellip;]<\/p>\n","protected":false},"author":2,"featured_media":670030,"comment_status":"open","ping_status":"closed","sticky":false,"template":"","format":"standard","meta":{"footnotes":""},"categories":[22],"tags":[175],"class_list":["post-670029","post","type-post","status-publish","format-standard","has-post-thumbnail","hentry","category-politica","tag-pld"],"_links":{"self":[{"href":"https:\/\/diariodominicano.com\/index.php?rest_route=\/wp\/v2\/posts\/670029","targetHints":{"allow":["GET"]}}],"collection":[{"href":"https:\/\/diariodominicano.com\/index.php?rest_route=\/wp\/v2\/posts"}],"about":[{"href":"https:\/\/diariodominicano.com\/index.php?rest_route=\/wp\/v2\/types\/post"}],"author":[{"embeddable":true,"href":"https:\/\/diariodominicano.com\/index.php?rest_route=\/wp\/v2\/users\/2"}],"replies":[{"embeddable":true,"href":"https:\/\/diariodominicano.com\/index.php?rest_route=%2Fwp%2Fv2%2Fcomments&post=670029"}],"version-history":[{"count":3,"href":"https:\/\/diariodominicano.com\/index.php?rest_route=\/wp\/v2\/posts\/670029\/revisions"}],"predecessor-version":[{"id":670050,"href":"https:\/\/diariodominicano.com\/index.php?rest_route=\/wp\/v2\/posts\/670029\/revisions\/670050"}],"wp:featuredmedia":[{"embeddable":true,"href":"https:\/\/diariodominicano.com\/index.php?rest_route=\/wp\/v2\/media\/670030"}],"wp:attachment":[{"href":"https:\/\/diariodominicano.com\/index.php?rest_route=%2Fwp%2Fv2%2Fmedia&parent=670029"}],"wp:term":[{"taxonomy":"category","embeddable":true,"href":"https:\/\/diariodominicano.com\/index.php?rest_route=%2Fwp%2Fv2%2Fcategories&post=670029"},{"taxonomy":"post_tag","embeddable":true,"href":"https:\/\/diariodominicano.com\/index.php?rest_route=%2Fwp%2Fv2%2Ftags&post=670029"}],"curies":[{"name":"wp","href":"https:\/\/api.w.org\/{rel}","templated":true}]}}