{"id":670017,"date":"2026-03-16T02:20:54","date_gmt":"2026-03-16T06:20:54","guid":{"rendered":"https:\/\/diariodominicano.com\/?p=670017"},"modified":"2026-03-16T02:33:00","modified_gmt":"2026-03-16T06:33:00","slug":"dominicanos-inician-en-el-bronx-recoleccion-de-firmas-para-favorecer-oficiales-electos-en-primarias-democratas","status":"publish","type":"post","link":"https:\/\/diariodominicano.com\/?p=670017","title":{"rendered":"Dominicanos inician en El Bronx recolecci\u00f3n de firmas para favorecer oficiales electos en\u00a0Primarias Dem\u00f3cratas"},"content":{"rendered":"\n<p><strong>Por Ram\u00f3n Mercedes<\/strong><\/p>\n\n\n\n<p><strong>NUEVA YORK.-<\/strong>&nbsp;Dominicanos voluntarios y simpatizantes del Partido Dem\u00f3crata en El Bronx iniciaron este fin de semana la jornada \u201cD\u00eda de Acci\u00f3n para la Petici\u00f3n\u201d (Petition Day of Action), un esfuerzo coordinado para recolectar firmas y asegurar que varios funcionarios electos locales aparezcan en la boleta de las primarias del pr\u00f3ximo 23 de junio.<\/p>\n\n\n\n<p>Los participantes destacaron que la recolecci\u00f3n de firmas es un paso fundamental dentro del sistema electoral de Nueva York, ya que permite a los candidatos cumplir con los requisitos legales necesarios para competir oficialmente en las elecciones primarias.<\/p>\n\n\n\n<p>Coincidieron en que este tipo de iniciativas no solo fortalece la democracia local, sino que tambi\u00e9n fomenta la participaci\u00f3n comunitaria, el contacto directo entre los representantes electos y los residentes de los distritos que representan, ya que estos ser\u00e1n visitados por los equipos de trabajo.<\/p>\n\n\n\n<p>El evento cont\u00f3 con la participaci\u00f3n y el respaldo de los equipos de campa\u00f1a del congresista Adriano Espaillat (D-13), y los asamble\u00edstas estatales George \u00c1lvarez (D-78) y Jeffrey Dinowitz (D-81), quienes buscan asegurar su presencia en la boleta para las primarias dem\u00f3cratas.<\/p>\n\n\n\n<p>La actividad se llev\u00f3 a cabo en la ma\u00f1ana del pasado s\u00e1bado en el restaurante Caridad, ubicado en el 135 W de Kingsbridge Rd, en El Bronx.<\/p>\n","protected":false},"excerpt":{"rendered":"<p>Por Ram\u00f3n Mercedes NUEVA YORK.-&nbsp;Dominicanos voluntarios y simpatizantes del Partido Dem\u00f3crata en El Bronx iniciaron este fin de semana la jornada \u201cD\u00eda de Acci\u00f3n para la Petici\u00f3n\u201d (Petition Day of Action), un esfuerzo coordinado para recolectar firmas y asegurar que varios funcionarios electos locales aparezcan en la boleta de las primarias del pr\u00f3ximo 23 de [&hellip;]<\/p>\n","protected":false},"author":7,"featured_media":670046,"comment_status":"closed","ping_status":"closed","sticky":false,"template":"","format":"standard","meta":{"footnotes":""},"categories":[23],"tags":[181],"class_list":["post-670017","post","type-post","status-publish","format-standard","has-post-thumbnail","hentry","category-internacional","tag-ramon-mercedes"],"_links":{"self":[{"href":"https:\/\/diariodominicano.com\/index.php?rest_route=\/wp\/v2\/posts\/670017","targetHints":{"allow":["GET"]}}],"collection":[{"href":"https:\/\/diariodominicano.com\/index.php?rest_route=\/wp\/v2\/posts"}],"about":[{"href":"https:\/\/diariodominicano.com\/index.php?rest_route=\/wp\/v2\/types\/post"}],"author":[{"embeddable":true,"href":"https:\/\/diariodominicano.com\/index.php?rest_route=\/wp\/v2\/users\/7"}],"replies":[{"embeddable":true,"href":"https:\/\/diariodominicano.com\/index.php?rest_route=%2Fwp%2Fv2%2Fcomments&post=670017"}],"version-history":[{"count":1,"href":"https:\/\/diariodominicano.com\/index.php?rest_route=\/wp\/v2\/posts\/670017\/revisions"}],"predecessor-version":[{"id":670089,"href":"https:\/\/diariodominicano.com\/index.php?rest_route=\/wp\/v2\/posts\/670017\/revisions\/670089"}],"wp:featuredmedia":[{"embeddable":true,"href":"https:\/\/diariodominicano.com\/index.php?rest_route=\/wp\/v2\/media\/670046"}],"wp:attachment":[{"href":"https:\/\/diariodominicano.com\/index.php?rest_route=%2Fwp%2Fv2%2Fmedia&parent=670017"}],"wp:term":[{"taxonomy":"category","embeddable":true,"href":"https:\/\/diariodominicano.com\/index.php?rest_route=%2Fwp%2Fv2%2Fcategories&post=670017"},{"taxonomy":"post_tag","embeddable":true,"href":"https:\/\/diariodominicano.com\/index.php?rest_route=%2Fwp%2Fv2%2Ftags&post=670017"}],"curies":[{"name":"wp","href":"https:\/\/api.w.org\/{rel}","templated":true}]}}