{"id":670016,"date":"2026-03-16T02:16:53","date_gmt":"2026-03-16T06:16:53","guid":{"rendered":"https:\/\/diariodominicano.com\/?p=670016"},"modified":"2026-03-16T02:17:23","modified_gmt":"2026-03-16T06:17:23","slug":"agencias-de-servicios-nyc-atienden-a-envejecientes-tendrian-us32-millones-menos-en-2027-dominicanos-entre-perjudicados","status":"publish","type":"post","link":"https:\/\/diariodominicano.com\/?p=670016","title":{"rendered":"Agencias de servicios NYC atienden a envejecientes tendr\u00edan US$32 millones menos en 2027; dominicanos entre perjudicados"},"content":{"rendered":"\n<p><strong>Por Ram\u00f3n Mercedes<\/strong><\/p>\n\n\n\n<p><strong>NUEVA YORK.-<\/strong>&nbsp;El plan preliminar para las agencias de servicios que atienden a personas envejecientes en esta ciudad propone 573 millones de d\u00f3lares para el a\u00f1o fiscal 2027, unos 32 millones menos que el presupuesto actual.<\/p>\n\n\n\n<p>Miles de dominicanos, entre otras etnias, que reciben dichos servicios en los cinco condados se ver\u00edan perjudicados con la medida.<\/p>\n\n\n\n<p>Los defensores aseguran que estos fondos sostienen servicios clave para adultos mayores y piden una mayor inversi\u00f3n para ampliar programas que ya forman parte de las atenciones que ofrece la ciudad.<\/p>\n\n\n\n<p>Entre ellos: m\u00e1s vivienda asequible, m\u00e1s programas de alimentaci\u00f3n, m\u00e1s centros comunitarios para adultos mayores, apoyo para cuidadores familiares y servicios de manejo de casos que conectan a las personas con asistencia legal y otros recursos.<\/p>\n\n\n\n<p>La Asociaci\u00f3n Estadounidense de Personas Jubiladas (AARP) sostiene que alrededor de 1.7 millones de adultos mayores viven en la Gran Manzana, y la pobreza en este grupo ha aumentado casi un 50 % en la \u00faltima d\u00e9cada.<\/p>\n\n\n\n<p>\u00abAl presupuesto municipal hay que tomar en cuenta a los adultos mayores que ayudaron a construir esta ciudad\u00bb, sostuvo Wilson Guzm\u00e1n, subdirector estatal de AARP.<\/p>\n","protected":false},"excerpt":{"rendered":"<p>Por Ram\u00f3n Mercedes NUEVA YORK.-&nbsp;El plan preliminar para las agencias de servicios que atienden a personas envejecientes en esta ciudad propone 573 millones de d\u00f3lares para el a\u00f1o fiscal 2027, unos 32 millones menos que el presupuesto actual. Miles de dominicanos, entre otras etnias, que reciben dichos servicios en los cinco condados se ver\u00edan perjudicados [&hellip;]<\/p>\n","protected":false},"author":7,"featured_media":669444,"comment_status":"closed","ping_status":"closed","sticky":false,"template":"","format":"standard","meta":{"footnotes":""},"categories":[23],"tags":[3891,181],"class_list":["post-670016","post","type-post","status-publish","format-standard","has-post-thumbnail","hentry","category-internacional","tag-nyc","tag-ramon-mercedes"],"_links":{"self":[{"href":"https:\/\/diariodominicano.com\/index.php?rest_route=\/wp\/v2\/posts\/670016","targetHints":{"allow":["GET"]}}],"collection":[{"href":"https:\/\/diariodominicano.com\/index.php?rest_route=\/wp\/v2\/posts"}],"about":[{"href":"https:\/\/diariodominicano.com\/index.php?rest_route=\/wp\/v2\/types\/post"}],"author":[{"embeddable":true,"href":"https:\/\/diariodominicano.com\/index.php?rest_route=\/wp\/v2\/users\/7"}],"replies":[{"embeddable":true,"href":"https:\/\/diariodominicano.com\/index.php?rest_route=%2Fwp%2Fv2%2Fcomments&post=670016"}],"version-history":[{"count":1,"href":"https:\/\/diariodominicano.com\/index.php?rest_route=\/wp\/v2\/posts\/670016\/revisions"}],"predecessor-version":[{"id":670087,"href":"https:\/\/diariodominicano.com\/index.php?rest_route=\/wp\/v2\/posts\/670016\/revisions\/670087"}],"wp:featuredmedia":[{"embeddable":true,"href":"https:\/\/diariodominicano.com\/index.php?rest_route=\/wp\/v2\/media\/669444"}],"wp:attachment":[{"href":"https:\/\/diariodominicano.com\/index.php?rest_route=%2Fwp%2Fv2%2Fmedia&parent=670016"}],"wp:term":[{"taxonomy":"category","embeddable":true,"href":"https:\/\/diariodominicano.com\/index.php?rest_route=%2Fwp%2Fv2%2Fcategories&post=670016"},{"taxonomy":"post_tag","embeddable":true,"href":"https:\/\/diariodominicano.com\/index.php?rest_route=%2Fwp%2Fv2%2Ftags&post=670016"}],"curies":[{"name":"wp","href":"https:\/\/api.w.org\/{rel}","templated":true}]}}