{"id":670013,"date":"2026-03-16T02:02:47","date_gmt":"2026-03-16T06:02:47","guid":{"rendered":"https:\/\/diariodominicano.com\/?p=670013"},"modified":"2026-03-16T02:32:19","modified_gmt":"2026-03-16T06:32:19","slug":"empujan-a-un-hombre-sobre-las-vias-del-tren-1-en-el-alto-manhattan-presuntamente-es-dominicano","status":"publish","type":"post","link":"https:\/\/diariodominicano.com\/?p=670013","title":{"rendered":"Empujan a un hombre sobre las v\u00edas del tren 1 en el Alto Manhattan; presuntamente es dominicano"},"content":{"rendered":"\n<p><strong>Por Ram\u00f3n Mercedes<\/strong><\/p>\n\n\n\n<p><strong>NUEVA YORK.-<\/strong>&nbsp;Un hombre fue empujado a las v\u00edas del metro en la estaci\u00f3n de la calle Dyckman, en el sector de Inwood, en el Alto Manhattan, seg\u00fan inform\u00f3 la Polic\u00eda.<\/p>\n\n\n\n<p>La v\u00edctima, no identificada por las autoridades, es presuntamente dominicana y logr\u00f3 subir, herida, por sus propios medios al and\u00e9n antes de que llegara el tren 1 que pasa por el lugar. El hecho ocurri\u00f3 a las 4:00 p.m. del pasado s\u00e1bado.<\/p>\n\n\n\n<p>Fue trasladado a un hospital local para recibir tratamiento. El agresor huy\u00f3 del lugar inmediatamente despu\u00e9s de cometer el hecho. Fue descrito vistiendo una camisa y pantalones azules.<\/p>\n\n\n\n<p>Cerca de un mill\u00f3n 500 mil pasajeros abordan anualmente el tren 1 en dicha estaci\u00f3n, m\u00e1s del 80 % de ellos de origen dominicano.<\/p>\n\n\n\n<p>El metro de NYC cuenta con 472 estaciones operativas, funcionando 24\/7, conectando los cinco distritos a trav\u00e9s de 25 rutas.<\/p>\n\n\n\n<p>La Polic\u00eda solicita a cualquier persona con informaci\u00f3n sobre el caso llamar a Crime Stoppers al 1-800-577-8477 o al 1-888-577-4782. Adem\u00e1s, pueden visitar&nbsp;<a href=\"http:\/\/www.crimestoppers.nypdonline.org\/\" rel=\"noreferrer noopener\" target=\"_blank\">www.crimestoppers.nypdonline.org<\/a>&nbsp;&nbsp;o enviar un mensaje de texto al 274637 (CRIMES) e ingresar TIP577. Toda la informaci\u00f3n ser\u00e1 estrictamente confidencial.<\/p>\n","protected":false},"excerpt":{"rendered":"<p>Por Ram\u00f3n Mercedes NUEVA YORK.-&nbsp;Un hombre fue empujado a las v\u00edas del metro en la estaci\u00f3n de la calle Dyckman, en el sector de Inwood, en el Alto Manhattan, seg\u00fan inform\u00f3 la Polic\u00eda. La v\u00edctima, no identificada por las autoridades, es presuntamente dominicana y logr\u00f3 subir, herida, por sus propios medios al and\u00e9n antes de [&hellip;]<\/p>\n","protected":false},"author":7,"featured_media":670048,"comment_status":"closed","ping_status":"closed","sticky":false,"template":"","format":"standard","meta":{"footnotes":""},"categories":[23],"tags":[181],"class_list":["post-670013","post","type-post","status-publish","format-standard","has-post-thumbnail","hentry","category-internacional","tag-ramon-mercedes"],"_links":{"self":[{"href":"https:\/\/diariodominicano.com\/index.php?rest_route=\/wp\/v2\/posts\/670013","targetHints":{"allow":["GET"]}}],"collection":[{"href":"https:\/\/diariodominicano.com\/index.php?rest_route=\/wp\/v2\/posts"}],"about":[{"href":"https:\/\/diariodominicano.com\/index.php?rest_route=\/wp\/v2\/types\/post"}],"author":[{"embeddable":true,"href":"https:\/\/diariodominicano.com\/index.php?rest_route=\/wp\/v2\/users\/7"}],"replies":[{"embeddable":true,"href":"https:\/\/diariodominicano.com\/index.php?rest_route=%2Fwp%2Fv2%2Fcomments&post=670013"}],"version-history":[{"count":1,"href":"https:\/\/diariodominicano.com\/index.php?rest_route=\/wp\/v2\/posts\/670013\/revisions"}],"predecessor-version":[{"id":670073,"href":"https:\/\/diariodominicano.com\/index.php?rest_route=\/wp\/v2\/posts\/670013\/revisions\/670073"}],"wp:featuredmedia":[{"embeddable":true,"href":"https:\/\/diariodominicano.com\/index.php?rest_route=\/wp\/v2\/media\/670048"}],"wp:attachment":[{"href":"https:\/\/diariodominicano.com\/index.php?rest_route=%2Fwp%2Fv2%2Fmedia&parent=670013"}],"wp:term":[{"taxonomy":"category","embeddable":true,"href":"https:\/\/diariodominicano.com\/index.php?rest_route=%2Fwp%2Fv2%2Fcategories&post=670013"},{"taxonomy":"post_tag","embeddable":true,"href":"https:\/\/diariodominicano.com\/index.php?rest_route=%2Fwp%2Fv2%2Ftags&post=670013"}],"curies":[{"name":"wp","href":"https:\/\/api.w.org\/{rel}","templated":true}]}}