{"id":669900,"date":"2026-03-15T01:04:41","date_gmt":"2026-03-15T05:04:41","guid":{"rendered":"https:\/\/diariodominicano.com\/?p=669900"},"modified":"2026-03-15T02:46:37","modified_gmt":"2026-03-15T06:46:37","slug":"verdades-medias-verdades-y-mentiras","status":"publish","type":"post","link":"https:\/\/diariodominicano.com\/?p=669900","title":{"rendered":"Verdades, Medias Verdades y Mentiras"},"content":{"rendered":"\n<p><strong>Por Luis Fern\u00e1ndez<\/strong><\/p>\n\n\n\n<p><strong>Las verdades, medias verdades y las mentiras, siempre aparecen juntas o combinadas en la vida social y pol\u00edtica, diferenciarlas es fundamental para que las sociedades puedan defender sus derechos, comprender la realidad y tomar decisiones correctas, libres de manipulaciones interesadas, que mejoren la calidad democr\u00e1tica, evitando que terminen siendo gobernadas por ilusiones y promesas que nunca se cumplen.<\/strong><\/p>\n\n\n\n<p><strong>En la vida p\u00fablica de una naci\u00f3n y en el mundo actual, la verdad en muy pocas ocaciones circula sola, casi siempre esta rodeada de medias verdades y en muchas ocaciones es sustituida por mentiras, con el fin de imponerse como si se tratara de hechos reales, lo que contribuye a la confusi\u00f3n de las sociedades y debilita la capacidad de los ciudadanos para comprender su realidad.<\/strong><\/p>\n\n\n\n<p><strong>Sobre estos conceptos Juan Bosch dec\u00eda que, en la vida de los pueblos la verdad suele caminar con dificultad, pero la mentira avanza con rapidez, porque se apoya en el inter\u00e9s de quienes desean ocultar la realidad. La verdad exige estudio, reflexi\u00f3n y honestidad; la mentira en cambio solo necesita repetirse muchas veces para intentar convertirse en apariencia de verdad.<\/strong><\/p>\n\n\n\n<p><strong>Normalmente, han sido los poderosos los que han pretendido monopolizar las verdades como medio de conservar el poder, el poderoso dice tener el conocimiento que los dem\u00e1s no tienen y por supuesto se considera legitimado para acabar cualquier forma de expresi\u00f3n que lo ponga en duda, es la mentira usada abierta y sistem\u00e1ticamente como arma de poder para dividir y confundir a la sociedad.<\/strong><\/p>\n\n\n\n<p><strong>Vivimos rodeados de noticias falsas, que adoptan la forma de verdaderas piezas de informaci\u00f3n, con el fin de incrementar su capacidad de convencer y crear desorientaci\u00f3n en la poblaci\u00f3n, lo que nos obliga a reflexionar sobre la informaci\u00f3n que nos llega, protegernos de la mentira, dando credibilidad y autoridad a las fuentes que verdaderamente difundan hechos reales y palpables.<\/strong><\/p>\n\n\n\n<p><strong>Lastimosamente la mentira es una pr\u00e1ctica que tradicionalmente, Amplios sectores de la opini\u00f3n publica vienen relacionando con los politicos, donde los candidatos de las actuales democracias representativas aparecen como mentirosos compulsivos, lamentablemente la ausencia de veracidad, la ocultaci\u00f3n de informaci\u00f3n, la tergiversaci\u00f3n y el secretismo a acompa\u00f1ado a nuestras \u00e9lites pol\u00edticas.<\/strong><\/p>\n\n\n\n<p><strong>Los pol\u00edticos especialmente los de derecha frecuentemente utilizan las medias verdades y las mentiras, para manipular la opini\u00f3n p\u00fablica distorsionando la percepci\u00f3n ciudadana, eludiendo los problemas fundamentales de la poblaci\u00f3n, atacando a la oposici\u00f3n pol\u00edtica con falsedades, calumnias y difamaciones, acciones que fortalecen con promesas seductoras, exageradas y mentiras descaradas.<\/strong><\/p>\n\n\n\n<p><strong>En la Rep\u00fablica Dominicana que padece un periodo de franco retroceso, lo que ha sido posible por la desastrosa y deficiente gesti\u00f3n del Partido Revolucionario Moderno PRM, lo que ha sido fruto de pol\u00edticas publicas mal concebidas y peor ejecutadas, se ha hecho com\u00fan el uso de medias verdades y mentiras, lo que esta provocando una perdida de confianza de los ciudadanos en las instituciones y en los politicos.<\/strong><\/p>\n\n\n\n<p><strong>Una poblaci\u00f3n donde predomina la sensaci\u00f3n del estancamiento y la incertidumbre, la principal preocupacion social es el alto costo de la vida, la reducci\u00f3n de la autosuficiencia alimentaria y se cuestiona el desbordado endeudamiento publico, destinado en una proporci\u00f3n importante a pago de intereses, lo que esta incidiendo negativamente en la inversion del estado en los servicios esenciales.<\/strong><\/p>\n\n\n\n<p><strong>En un pais que en materia de seguridad existe falta de transparencia en las estad\u00edsticas oficiales y contradicciones en las cifras de homicidios y feminicidios, con una cr\u00edtica gesti\u00f3n del sistema energ\u00e9tico, caracterizado por abusivos y continuos apagones, alto costo de la factura el\u00e9ctrica y perdidas crecientes; graves deficiencias en el sector salud, escasez de medicamentos y deterioro hospitalario.<\/strong><\/p>\n\n\n\n<p><strong>La grave situacion del pais no puede ser ocultada con discursos y declaraciones que son propaganda pol\u00edtica y que solo distorsionan la realidad aumentando la desconfianza, la credibilidad del pais y la calidad de la vida democr\u00e1tica de la naci\u00f3n, al pueblo dominicano hay que hablarle claro, con la verdad en las manos, se necesitan respuestas y acciones concretas frente a una realidad que dista mucho de los discursos oficialistas.<\/strong><\/p>\n\n\n\n<p><strong>Hay mucha incredulidad entre los dominicanos, en la capacidad del pais para avanzar, la realidad que se esta viviendo en la Rep\u00fablica Dominicana no puede ser peor, el uso de la falsedad y las medias verdades, para pintarle a la poblaci\u00f3n pajaritos en el aire, deben cesar de modo que no se siga confundiendo a un pueblo que solo reclama soluciones y un cambio de rumbo que mejore las condiciones de vida de la poblaci\u00f3n.<\/strong><\/p>\n\n\n\n<p><strong>Luis Fern\u00e1ndez, Pol\u00edtico, escritor y comunicador<\/strong><\/p>\n\n\n\n<p><strong>Luis Fern\u00e1ndez <a href=\"mailto:luismfernandezv@gmail.com\">luismfernandezv@gmail.com<\/a><\/strong><\/p>\n\n\n\n<p><\/p>\n","protected":false},"excerpt":{"rendered":"<p>Por Luis Fern\u00e1ndez Las verdades, medias verdades y las mentiras, siempre aparecen juntas o combinadas en la vida social y pol\u00edtica, diferenciarlas es fundamental para que las sociedades puedan defender sus derechos, comprender la realidad y tomar decisiones correctas, libres de manipulaciones interesadas, que mejoren la calidad democr\u00e1tica, evitando que terminen siendo gobernadas por ilusiones [&hellip;]<\/p>\n","protected":false},"author":2,"featured_media":598241,"comment_status":"open","ping_status":"closed","sticky":false,"template":"","format":"standard","meta":{"footnotes":""},"categories":[19,16],"tags":[1786],"class_list":["post-669900","post","type-post","status-publish","format-standard","has-post-thumbnail","hentry","category-mi-voz","category-opiniones","tag-luis-fernandez"],"_links":{"self":[{"href":"https:\/\/diariodominicano.com\/index.php?rest_route=\/wp\/v2\/posts\/669900","targetHints":{"allow":["GET"]}}],"collection":[{"href":"https:\/\/diariodominicano.com\/index.php?rest_route=\/wp\/v2\/posts"}],"about":[{"href":"https:\/\/diariodominicano.com\/index.php?rest_route=\/wp\/v2\/types\/post"}],"author":[{"embeddable":true,"href":"https:\/\/diariodominicano.com\/index.php?rest_route=\/wp\/v2\/users\/2"}],"replies":[{"embeddable":true,"href":"https:\/\/diariodominicano.com\/index.php?rest_route=%2Fwp%2Fv2%2Fcomments&post=669900"}],"version-history":[{"count":2,"href":"https:\/\/diariodominicano.com\/index.php?rest_route=\/wp\/v2\/posts\/669900\/revisions"}],"predecessor-version":[{"id":669944,"href":"https:\/\/diariodominicano.com\/index.php?rest_route=\/wp\/v2\/posts\/669900\/revisions\/669944"}],"wp:featuredmedia":[{"embeddable":true,"href":"https:\/\/diariodominicano.com\/index.php?rest_route=\/wp\/v2\/media\/598241"}],"wp:attachment":[{"href":"https:\/\/diariodominicano.com\/index.php?rest_route=%2Fwp%2Fv2%2Fmedia&parent=669900"}],"wp:term":[{"taxonomy":"category","embeddable":true,"href":"https:\/\/diariodominicano.com\/index.php?rest_route=%2Fwp%2Fv2%2Fcategories&post=669900"},{"taxonomy":"post_tag","embeddable":true,"href":"https:\/\/diariodominicano.com\/index.php?rest_route=%2Fwp%2Fv2%2Ftags&post=669900"}],"curies":[{"name":"wp","href":"https:\/\/api.w.org\/{rel}","templated":true}]}}