{"id":669785,"date":"2026-03-14T18:22:54","date_gmt":"2026-03-14T22:22:54","guid":{"rendered":"https:\/\/diariodominicano.com\/?p=669785"},"modified":"2026-03-14T18:22:56","modified_gmt":"2026-03-14T22:22:56","slug":"las-cicatrices-psicologicas-de-la-guerra","status":"publish","type":"post","link":"https:\/\/diariodominicano.com\/?p=669785","title":{"rendered":"Las cicatrices psicol\u00f3gicas de la guerra"},"content":{"rendered":"\n<p><strong>Por Doctor Ram\u00f3n Ceballo<\/strong><\/p>\n\n\n\n<p><strong>Las guerras suelen analizarse desde sus consecuencias pol\u00edticas, territoriales o econ\u00f3micas. Sin embargo, uno de los da\u00f1os m\u00e1s profundos y duraderos ocurre en la mente humana. Los conflictos armados no solo destruyen ciudades e infraestructuras; tambi\u00e9n dejan cicatrices invisibles en millones de personas.<\/strong><\/p>\n\n\n\n<p><strong>La exposici\u00f3n prolongada a la violencia, el miedo constante, la p\u00e9rdida de seres queridos y el desplazamiento forzado generan efectos psicol\u00f3gicos que pueden persistir durante a\u00f1os o incluso generaciones.<\/strong><\/p>\n\n\n\n<p><strong>Uno de los trastornos m\u00e1s frecuentes asociados a la guerra es el&nbsp;trastorno de estr\u00e9s postraum\u00e1tico (TEPT). Este problema psicol\u00f3gico aparece cuando una persona ha vivido o presenciado situaciones extremadamente traum\u00e1ticas, como bombardeos, asesinatos o torturas.<\/strong><\/p>\n\n\n\n<p><strong>Quienes lo padecen pueden experimentar recuerdos intrusivos, pesadillas recurrentes, ansiedad intensa y una sensaci\u00f3n permanente de amenaza. Diversos estudios realizados tras conflictos armados indican que entre el 20 % y el 40 % de las poblaciones expuestas directamente a la guerra desarrollan s\u00edntomas relacionados con este trastorno.<\/strong><\/p>\n\n\n\n<p><strong>Adem\u00e1s del TEPT, la depresi\u00f3n y los trastornos de ansiedad son comunes en contextos b\u00e9licos. La incertidumbre constante, la p\u00e9rdida de familiares y la destrucci\u00f3n del entorno social generan sentimientos de desesperanza, tristeza profunda y aislamiento.<\/strong><\/p>\n\n\n\n<p><strong>En muchos casos, las personas enfrentan un duelo prolongado que dificulta reconstruir sus vidas una vez finalizado el conflicto. En poblaciones desplazadas o refugiadas, estas condiciones suelen agravarse debido a la precariedad econ\u00f3mica, la discriminaci\u00f3n y la falta de acceso a servicios de salud.<\/strong><\/p>\n\n\n\n<p><strong>Los ni\u00f1os constituyen uno de los grupos m\u00e1s vulnerables. La exposici\u00f3n temprana a la violencia puede afectar el desarrollo emocional, cognitivo y social. Muchos menores que crecen en zonas de conflicto presentan problemas de aprendizaje, dificultades para regular sus emociones y conductas agresivas o retra\u00eddas.<\/strong><\/p>\n\n\n\n<p><strong>Tambi\u00e9n es frecuente que desarrollen miedo persistente, problemas de sue\u00f1o y desconfianza hacia el entorno. La infancia marcada por la guerra puede influir negativamente en la construcci\u00f3n de la identidad y en la capacidad de establecer relaciones saludables en la vida adulta.<\/strong><\/p>\n\n\n\n<p><strong>Los combatientes tambi\u00e9n enfrentan graves consecuencias psicol\u00f3gicas. Soldados que regresan del frente suelen experimentar sentimientos de culpa, recuerdos traum\u00e1ticos y dificultades para reintegrarse a la vida civil.&nbsp;<\/strong><\/p>\n\n\n\n<p><strong>Este fen\u00f3meno se ha documentado en m\u00faltiples conflictos contempor\u00e1neos, donde muchos veteranos enfrentan depresi\u00f3n, abuso de sustancias y pensamientos suicidas. La transici\u00f3n desde el ambiente militar hacia la vida cotidiana puede resultar particularmente compleja cuando no existen programas adecuados de apoyo psicol\u00f3gico.<\/strong><\/p>\n\n\n\n<p><strong>Otro aspecto importante es el impacto colectivo de la guerra. Las sociedades que han vivido conflictos prolongados suelen desarrollar lo que algunos especialistas llaman&nbsp;trauma social. Este fen\u00f3meno se manifiesta en altos niveles de desconfianza, polarizaci\u00f3n pol\u00edtica, violencia interpersonal y debilitamiento del tejido comunitario. La memoria del conflicto, transmitida a trav\u00e9s de generaciones, puede mantener abiertas heridas que dificultan la reconciliaci\u00f3n y la estabilidad social.<\/strong><\/p>\n\n\n\n<p><strong>Frente a este panorama, organismos internacionales y especialistas en salud mental destacan la importancia de incorporar la atenci\u00f3n psicol\u00f3gica dentro de las pol\u00edticas de reconstrucci\u00f3n postb\u00e9lica. Programas de apoyo comunitario, tratamiento psicol\u00f3gico especializado y estrategias educativas pueden contribuir a reducir los efectos emocionales del conflicto. Reconstruir hospitales y carreteras es fundamental, pero tambi\u00e9n lo es sanar las heridas invisibles que la guerra deja en la mente de las personas.<\/strong><\/p>\n\n\n\n<p><strong>En definitiva, las guerras no terminan cuando cesan los combates. Sus consecuencias psicol\u00f3gicas contin\u00faan afectando a individuos y sociedades durante d\u00e9cadas. Comprender el impacto de los conflictos armados en la salud mental resulta esencial para promover procesos de recuperaci\u00f3n que permitan a las comunidades reconstruir no solo sus ciudades, sino tambi\u00e9n su bienestar emocional.<\/strong><\/p>\n\n\n\n<p><strong>Ramon Ceballo <a href=\"mailto:raceballo@yahoo.com\">raceballo@yahoo.com<\/a><\/strong><\/p>\n","protected":false},"excerpt":{"rendered":"<p>Por Doctor Ram\u00f3n Ceballo Las guerras suelen analizarse desde sus consecuencias pol\u00edticas, territoriales o econ\u00f3micas. Sin embargo, uno de los da\u00f1os m\u00e1s profundos y duraderos ocurre en la mente humana. Los conflictos armados no solo destruyen ciudades e infraestructuras; tambi\u00e9n dejan cicatrices invisibles en millones de personas. La exposici\u00f3n prolongada a la violencia, el miedo [&hellip;]<\/p>\n","protected":false},"author":7,"featured_media":666827,"comment_status":"closed","ping_status":"closed","sticky":false,"template":"","format":"standard","meta":{"footnotes":""},"categories":[16],"tags":[1728],"class_list":["post-669785","post","type-post","status-publish","format-standard","has-post-thumbnail","hentry","category-opiniones","tag-dr-ramon-ceballo"],"_links":{"self":[{"href":"https:\/\/diariodominicano.com\/index.php?rest_route=\/wp\/v2\/posts\/669785","targetHints":{"allow":["GET"]}}],"collection":[{"href":"https:\/\/diariodominicano.com\/index.php?rest_route=\/wp\/v2\/posts"}],"about":[{"href":"https:\/\/diariodominicano.com\/index.php?rest_route=\/wp\/v2\/types\/post"}],"author":[{"embeddable":true,"href":"https:\/\/diariodominicano.com\/index.php?rest_route=\/wp\/v2\/users\/7"}],"replies":[{"embeddable":true,"href":"https:\/\/diariodominicano.com\/index.php?rest_route=%2Fwp%2Fv2%2Fcomments&post=669785"}],"version-history":[{"count":1,"href":"https:\/\/diariodominicano.com\/index.php?rest_route=\/wp\/v2\/posts\/669785\/revisions"}],"predecessor-version":[{"id":669807,"href":"https:\/\/diariodominicano.com\/index.php?rest_route=\/wp\/v2\/posts\/669785\/revisions\/669807"}],"wp:featuredmedia":[{"embeddable":true,"href":"https:\/\/diariodominicano.com\/index.php?rest_route=\/wp\/v2\/media\/666827"}],"wp:attachment":[{"href":"https:\/\/diariodominicano.com\/index.php?rest_route=%2Fwp%2Fv2%2Fmedia&parent=669785"}],"wp:term":[{"taxonomy":"category","embeddable":true,"href":"https:\/\/diariodominicano.com\/index.php?rest_route=%2Fwp%2Fv2%2Fcategories&post=669785"},{"taxonomy":"post_tag","embeddable":true,"href":"https:\/\/diariodominicano.com\/index.php?rest_route=%2Fwp%2Fv2%2Ftags&post=669785"}],"curies":[{"name":"wp","href":"https:\/\/api.w.org\/{rel}","templated":true}]}}