{"id":669776,"date":"2026-03-14T03:00:34","date_gmt":"2026-03-14T07:00:34","guid":{"rendered":"https:\/\/diariodominicano.com\/?p=669776"},"modified":"2026-03-14T19:37:01","modified_gmt":"2026-03-14T23:37:01","slug":"mexico-destaca-cooperacion-historica-con-eeuu-en-seguridad-con-respeto-a-soberania","status":"publish","type":"post","link":"https:\/\/diariodominicano.com\/?p=669776","title":{"rendered":"M\u00e9xico destaca cooperaci\u00f3n hist\u00f3rica con EEUU en seguridad con respeto a soberan\u00eda"},"content":{"rendered":"\n<p><em>spanish.news.cn<\/em>|<em>&nbsp;2026-03-14 07:31:15<\/em>|<\/p>\n\n\n\n<p>M\u00c9XICO, 13 mar (Xinhua) &#8212; El Gobierno de M\u00e9xico destac\u00f3 este viernes que la cooperaci\u00f3n en materia de seguridad con Estados Unidos ha alcanzado \u00abniveles hist\u00f3ricos\u00bb, basada en principios de respeto a la soberan\u00eda, responsabilidad compartida y colaboraci\u00f3n sin subordinaci\u00f3n, se\u00f1al\u00f3 la Secretar\u00eda de Relaciones Exteriores (SRE) en un comunicado.<\/p>\n\n\n\n<p>La canciller\u00eda mexicana afirm\u00f3 que la relaci\u00f3n bilateral en seguridad se sustenta en el respeto a la integridad territorial de ambos pa\u00edses, as\u00ed como en la confianza mutua para enfrentar retos comunes como el tr\u00e1fico de drogas y de armas.<\/p>\n\n\n\n<p>\u00abCon base en los principios de respeto a la soberan\u00eda y la integridad territorial, responsabilidad compartida y diferenciada, respeto y confianza mutua, y cooperaci\u00f3n sin subordinaci\u00f3n, la relaci\u00f3n en materia de seguridad entre M\u00e9xico y Estados Unidos ha alcanzado niveles hist\u00f3ricos de colaboraci\u00f3n\u00bb, indic\u00f3.<\/p>\n\n\n\n<p>Agreg\u00f3 que el intercambio de informaci\u00f3n e inteligencia entre ambos pa\u00edses, junto con acciones del Gabinete de Seguridad de M\u00e9xico, ha permitido realizar operativos contra generadores de violencia.<\/p>\n\n\n\n<p>Entre ellos mencion\u00f3 el operativo realizado el pasado 22 de febrero contra Rub\u00e9n Oseguera Cervantes, alias \u00abEl Mencho\u00bb, l\u00edder del grupo criminal C\u00e1rtel Jalisco Nueva Generaci\u00f3n, as\u00ed como la detenci\u00f3n y posterior traslado a Estados Unidos de Samuel \u00abN\u00bb, se\u00f1alado como uno de los fugitivos m\u00e1s buscados por el Bur\u00f3 Federal de Investigaciones (FBI, por sus siglas en ingl\u00e9s).<\/p>\n\n\n\n<p>La canciller\u00eda destac\u00f3 que las operaciones contra el crimen organizado transnacional se planean y ejecutan por las fuerzas de seguridad mexicanas, aunque se mantiene una estrecha colaboraci\u00f3n con agencias estadounidenses en el marco del Programa de Cooperaci\u00f3n de Seguridad Fronteriza y Aplicaci\u00f3n de la Ley.<\/p>\n\n\n\n<p>\u00abEl Gobierno de M\u00e9xico act\u00faa con firmeza con base en su estrategia nacional de seguridad y en estricto apego a sus leyes en contra de la delincuencia organizada y la impunidad\u00bb, se\u00f1al\u00f3.<\/p>\n","protected":false},"excerpt":{"rendered":"<p>spanish.news.cn|&nbsp;2026-03-14 07:31:15| M\u00c9XICO, 13 mar (Xinhua) &#8212; El Gobierno de M\u00e9xico destac\u00f3 este viernes que la cooperaci\u00f3n en materia de seguridad con Estados Unidos ha alcanzado \u00abniveles hist\u00f3ricos\u00bb, basada en principios de respeto a la soberan\u00eda, responsabilidad compartida y colaboraci\u00f3n sin subordinaci\u00f3n, se\u00f1al\u00f3 la Secretar\u00eda de Relaciones Exteriores (SRE) en un comunicado. La canciller\u00eda mexicana [&hellip;]<\/p>\n","protected":false},"author":28,"featured_media":664869,"comment_status":"open","ping_status":"closed","sticky":false,"template":"","format":"standard","meta":{"footnotes":""},"categories":[23],"tags":[3708,246],"class_list":["post-669776","post","type-post","status-publish","format-standard","has-post-thumbnail","hentry","category-internacional","tag-ee-uu-2","tag-mexico"],"_links":{"self":[{"href":"https:\/\/diariodominicano.com\/index.php?rest_route=\/wp\/v2\/posts\/669776","targetHints":{"allow":["GET"]}}],"collection":[{"href":"https:\/\/diariodominicano.com\/index.php?rest_route=\/wp\/v2\/posts"}],"about":[{"href":"https:\/\/diariodominicano.com\/index.php?rest_route=\/wp\/v2\/types\/post"}],"author":[{"embeddable":true,"href":"https:\/\/diariodominicano.com\/index.php?rest_route=\/wp\/v2\/users\/28"}],"replies":[{"embeddable":true,"href":"https:\/\/diariodominicano.com\/index.php?rest_route=%2Fwp%2Fv2%2Fcomments&post=669776"}],"version-history":[{"count":1,"href":"https:\/\/diariodominicano.com\/index.php?rest_route=\/wp\/v2\/posts\/669776\/revisions"}],"predecessor-version":[{"id":669777,"href":"https:\/\/diariodominicano.com\/index.php?rest_route=\/wp\/v2\/posts\/669776\/revisions\/669777"}],"wp:featuredmedia":[{"embeddable":true,"href":"https:\/\/diariodominicano.com\/index.php?rest_route=\/wp\/v2\/media\/664869"}],"wp:attachment":[{"href":"https:\/\/diariodominicano.com\/index.php?rest_route=%2Fwp%2Fv2%2Fmedia&parent=669776"}],"wp:term":[{"taxonomy":"category","embeddable":true,"href":"https:\/\/diariodominicano.com\/index.php?rest_route=%2Fwp%2Fv2%2Fcategories&post=669776"},{"taxonomy":"post_tag","embeddable":true,"href":"https:\/\/diariodominicano.com\/index.php?rest_route=%2Fwp%2Fv2%2Ftags&post=669776"}],"curies":[{"name":"wp","href":"https:\/\/api.w.org\/{rel}","templated":true}]}}