{"id":669758,"date":"2026-03-14T02:06:52","date_gmt":"2026-03-14T06:06:52","guid":{"rendered":"https:\/\/diariodominicano.com\/?p=669758"},"modified":"2026-03-14T19:30:39","modified_gmt":"2026-03-14T23:30:39","slug":"el-genocidio-y-el-dano-ambiental","status":"publish","type":"post","link":"https:\/\/diariodominicano.com\/?p=669758","title":{"rendered":"El genocidio y el da\u00f1o ambiental"},"content":{"rendered":"\n<p><strong>Por Rommel Santos Diaz<\/strong> <\/p>\n\n\n\n<p>Siempre que est\u00e9 presente la intenci\u00f3n exigida de destruir total o parcialmente a un grupo nacional, racial o religioso como tal, podr\u00e1 cometerse genocidio por medio de da\u00f1os ambientales o mediante actos que provocan da\u00f1os ambientales. Todo acto previsto en el art\u00edculo 6 del Estatuto de Roma debe ir acompa\u00f1ado de esta intenci\u00f3n espec\u00edfica.<\/p>\n\n\n\n<p>En el art\u00edculo 6, p\u00e1rrafo b, del Estatuto de Roma se tipifica como delito el genocidio que cause \u00b4\u00b4una lesi\u00f3n grave a la integridad f\u00edsica o mental de los miembros del grupo\u00b4\u00b4.<\/p>\n\n\n\n<p>En vista del lugar central que ocupa el entorno&nbsp; natural en la vida social, cultural, religiosa y espiritual de muchos grupos, en particular de los pueblos ind\u00edgenas, los afrodescendientes y los campesinos, los actos perpetrados con intenci\u00f3n de da\u00f1ar el medio ambiente pueden causar a los grupos protegidos lesiones corporales o mentales de gravedad suficiente para que se consideren genocidio conforme a esta disposici\u00f3n.<\/p>\n\n\n\n<p>En el articulo 6 p\u00e1rrafo c , del Estatuto de Roma se tipifica como crimen de genocidio el \u00a8\u00b4 sometimiento intencional del grupo a condiciones de existencia que hayan de acarrear su destrucci\u00f3n f\u00edsica, total o parcial\u00b4\u00b4.<\/p>\n\n\n\n<p>Esta forma de genocidio puede cometerse mediante da\u00f1os ambientales, la explotaci\u00f3n ilegal de recursos naturales o la confiscaci\u00f3n ilegal de tierras en caso de que los actos en cuesti\u00f3n priven&nbsp; al grupo afectado de sus medios de supervivencia.<\/p>\n\n\n\n<p>En la situaci\u00f3n en Darfur, por ejemplo, la Fiscal\u00eda de la Corte Penal Internacional sostiene que Omar Al- Bashir ha cometido genocidio conforme a lo dispuesto en el art\u00edculo 6, p\u00e1rrafo c, mediante, entre otras cosas, la destrucci\u00f3n de \u00b4\u00b4 los alimentos, los pozos y las bombas de agua, las viviendas, los cultivos y el ganado\u00b4\u00b4 de los grupos atacados y&nbsp; \u00b4\u00b4la usurpaci\u00f3n de sus tierras\u00b4\u00b4.<\/p>\n\n\n\n<p>En el art\u00edculo 6, p\u00e1rrafo d, del Estatuto de Roma&nbsp; se tipifican como crimen de genocidio las \u00b4\u00b4medidas destinadas a impedir nacimiento&nbsp; en el seno del grupo\u00b4\u00b4. Esta variante del genocidio puede cometerse mediante actos que da\u00f1an el medio ambiente, por ejemplo, cuando el autor pulveriza&nbsp; cultivos de subsistencia&nbsp; con un producto qu\u00edmico del que est\u00e1 demostrada su capacidad de causar esterilidad en los humanos con la intenci\u00f3n de destruir al grupo protegido cuya supervivencia depende de ellos.<\/p>\n\n\n\n<p>Finalmente, en el marco de la pol\u00edtica de la Fiscal\u00eda de la Corte Penal Internacional &nbsp;para abordar los da\u00f3s ambientales se establece que se puede cometer genocidio por medio de da\u00f1os ambientales&nbsp; o mediante actos que provocan da\u00f1os ambientales en el contexto de conflictos armados.<\/p>\n\n\n\n<p><a href=\"mailto:Rommelsantosdiaz@gmail.com\" target=\"_blank\" rel=\"noreferrer noopener\">Rommelsantosdiaz@gmail.com<\/a><\/p>\n","protected":false},"excerpt":{"rendered":"<p>Por Rommel Santos Diaz Siempre que est\u00e9 presente la intenci\u00f3n exigida de destruir total o parcialmente a un grupo nacional, racial o religioso como tal, podr\u00e1 cometerse genocidio por medio de da\u00f1os ambientales o mediante actos que provocan da\u00f1os ambientales. Todo acto previsto en el art\u00edculo 6 del Estatuto de Roma debe ir acompa\u00f1ado de [&hellip;]<\/p>\n","protected":false},"author":28,"featured_media":567802,"comment_status":"open","ping_status":"closed","sticky":false,"template":"","format":"standard","meta":{"footnotes":""},"categories":[19,16],"tags":[139],"class_list":["post-669758","post","type-post","status-publish","format-standard","has-post-thumbnail","hentry","category-mi-voz","category-opiniones","tag-rommel-santos-diaz"],"_links":{"self":[{"href":"https:\/\/diariodominicano.com\/index.php?rest_route=\/wp\/v2\/posts\/669758","targetHints":{"allow":["GET"]}}],"collection":[{"href":"https:\/\/diariodominicano.com\/index.php?rest_route=\/wp\/v2\/posts"}],"about":[{"href":"https:\/\/diariodominicano.com\/index.php?rest_route=\/wp\/v2\/types\/post"}],"author":[{"embeddable":true,"href":"https:\/\/diariodominicano.com\/index.php?rest_route=\/wp\/v2\/users\/28"}],"replies":[{"embeddable":true,"href":"https:\/\/diariodominicano.com\/index.php?rest_route=%2Fwp%2Fv2%2Fcomments&post=669758"}],"version-history":[{"count":2,"href":"https:\/\/diariodominicano.com\/index.php?rest_route=\/wp\/v2\/posts\/669758\/revisions"}],"predecessor-version":[{"id":669771,"href":"https:\/\/diariodominicano.com\/index.php?rest_route=\/wp\/v2\/posts\/669758\/revisions\/669771"}],"wp:featuredmedia":[{"embeddable":true,"href":"https:\/\/diariodominicano.com\/index.php?rest_route=\/wp\/v2\/media\/567802"}],"wp:attachment":[{"href":"https:\/\/diariodominicano.com\/index.php?rest_route=%2Fwp%2Fv2%2Fmedia&parent=669758"}],"wp:term":[{"taxonomy":"category","embeddable":true,"href":"https:\/\/diariodominicano.com\/index.php?rest_route=%2Fwp%2Fv2%2Fcategories&post=669758"},{"taxonomy":"post_tag","embeddable":true,"href":"https:\/\/diariodominicano.com\/index.php?rest_route=%2Fwp%2Fv2%2Ftags&post=669758"}],"curies":[{"name":"wp","href":"https:\/\/api.w.org\/{rel}","templated":true}]}}