{"id":669755,"date":"2026-03-14T02:04:15","date_gmt":"2026-03-14T06:04:15","guid":{"rendered":"https:\/\/diariodominicano.com\/?p=669755"},"modified":"2026-03-14T02:04:18","modified_gmt":"2026-03-14T06:04:18","slug":"secretario-general-del-pld-inaugura-el-sabado-locales-en-los-alcarrizos-y-pantoja","status":"publish","type":"post","link":"https:\/\/diariodominicano.com\/?p=669755","title":{"rendered":"Secretario General del PLD inaugura el s\u00e1bado locales en Los Alcarrizos y Pantoja"},"content":{"rendered":"\n<p><em>El PLD dejar\u00e1 en funcionamiento sus locales en el municipio Los Alcarrizos y el distrito municipal Pantoja.&nbsp; Johnny Pujols, Sec. Gral., encabezar\u00e1` sendos actos<\/em><\/p>\n\n\n\n<p>El Partido de la Liberaci\u00f3n Dominicana (PLD), program\u00f3 para este s\u00e1bado sendos actos inaugurales de locales de esa organizaci\u00f3n en el municipio Los Alcarrizos y en el distrito municipal, Pantoja, ambos de la provincia Santo Domingo.<\/p>\n\n\n\n<p>El Secretario General, Johnny Pujols, encabezar\u00e1 los actos con el que da continuidad &nbsp;a los&nbsp; objetivos&nbsp; trazados de &nbsp;inaugurar o readecuar unos cien locales provinciales, municipales y de bloques de Comit\u00e9s Intermedios, como parte de una estrategia para fortalecer la organizaci\u00f3n partidaria y el trabajo territorial con miras las elecciones de 2028.<\/p>\n\n\n\n<p>Los actos inaugurales de los locales se programaron para este s\u00e1bado, 14 de marzo, iniciando en el distrito municipal Pantoja a las 4.00 de la tarde y luego a las 6.00 p.m. en los Los Alcarrizos &nbsp;&nbsp;<\/p>\n\n\n\n<p>La direcci\u00f3n de la provincia Santo Domingo en &nbsp;&nbsp;com\u00fan acuerdo con las direcciones de los Alcarrizos y Pantoja , la secretaria general y la direcci\u00f3n operativa de la Casa Nacional Reinaldo Pared P\u00e9rez, &nbsp;han preparado los actos&nbsp; que encabezar\u00e1 Johnny Pujols, para dejar en funcionamiento los locales de donde la dirigencia del PLD realizar\u00e1 las tareas pol\u00edticas asignadas.<\/p>\n\n\n\n<p>De forma conjunta con la inauguraci\u00f3n de locales este s\u00e1bado, &nbsp;el PLD program\u00f3 cientos de encuentros bajo el formato de asambleas o reuniones de trabajo enfocadas &nbsp;en la implementaci\u00f3n de su nueva l\u00ednea organizativa y electoral que est\u00e1 trasladando la estructura territorial a los recintos y colegios electorales.<\/p>\n\n\n\n<p><strong>SECRETRIA DE COMUNICACIONES<\/strong><\/p>\n\n\n\n<p><strong>13 MARZO 2026.<\/strong><\/p>\n\n\n\n<p>\u00a0<\/p>\n","protected":false},"excerpt":{"rendered":"<p>El PLD dejar\u00e1 en funcionamiento sus locales en el municipio Los Alcarrizos y el distrito municipal Pantoja.&nbsp; Johnny Pujols, Sec. Gral., encabezar\u00e1` sendos actos El Partido de la Liberaci\u00f3n Dominicana (PLD), program\u00f3 para este s\u00e1bado sendos actos inaugurales de locales de esa organizaci\u00f3n en el municipio Los Alcarrizos y en el distrito municipal, Pantoja, ambos [&hellip;]<\/p>\n","protected":false},"author":28,"featured_media":669756,"comment_status":"open","ping_status":"closed","sticky":false,"template":"","format":"standard","meta":{"footnotes":""},"categories":[22],"tags":[2413,175],"class_list":["post-669755","post","type-post","status-publish","format-standard","has-post-thumbnail","hentry","category-politica","tag-johnny-pujols","tag-pld"],"_links":{"self":[{"href":"https:\/\/diariodominicano.com\/index.php?rest_route=\/wp\/v2\/posts\/669755","targetHints":{"allow":["GET"]}}],"collection":[{"href":"https:\/\/diariodominicano.com\/index.php?rest_route=\/wp\/v2\/posts"}],"about":[{"href":"https:\/\/diariodominicano.com\/index.php?rest_route=\/wp\/v2\/types\/post"}],"author":[{"embeddable":true,"href":"https:\/\/diariodominicano.com\/index.php?rest_route=\/wp\/v2\/users\/28"}],"replies":[{"embeddable":true,"href":"https:\/\/diariodominicano.com\/index.php?rest_route=%2Fwp%2Fv2%2Fcomments&post=669755"}],"version-history":[{"count":1,"href":"https:\/\/diariodominicano.com\/index.php?rest_route=\/wp\/v2\/posts\/669755\/revisions"}],"predecessor-version":[{"id":669757,"href":"https:\/\/diariodominicano.com\/index.php?rest_route=\/wp\/v2\/posts\/669755\/revisions\/669757"}],"wp:featuredmedia":[{"embeddable":true,"href":"https:\/\/diariodominicano.com\/index.php?rest_route=\/wp\/v2\/media\/669756"}],"wp:attachment":[{"href":"https:\/\/diariodominicano.com\/index.php?rest_route=%2Fwp%2Fv2%2Fmedia&parent=669755"}],"wp:term":[{"taxonomy":"category","embeddable":true,"href":"https:\/\/diariodominicano.com\/index.php?rest_route=%2Fwp%2Fv2%2Fcategories&post=669755"},{"taxonomy":"post_tag","embeddable":true,"href":"https:\/\/diariodominicano.com\/index.php?rest_route=%2Fwp%2Fv2%2Ftags&post=669755"}],"curies":[{"name":"wp","href":"https:\/\/api.w.org\/{rel}","templated":true}]}}