{"id":669718,"date":"2026-03-14T01:00:47","date_gmt":"2026-03-14T05:00:47","guid":{"rendered":"https:\/\/diariodominicano.com\/?p=669718"},"modified":"2026-03-14T01:02:48","modified_gmt":"2026-03-14T05:02:48","slug":"presidente-cubano-destaca-existencia-de-proceso-de-dialogo-con-eeuu","status":"publish","type":"post","link":"https:\/\/diariodominicano.com\/?p=669718","title":{"rendered":"Presidente cubano destaca existencia de proceso de di\u00e1logo con EEUU"},"content":{"rendered":"\n<p>La Habana, 13 mar (Prensa Latina) El presidente Miguel D\u00edaz-Canel ratific\u00f3 hoy en conferencia de prensa en esta capital la existencia de un proceso de di\u00e1logo en fase inicial entre funcionarios cubanos y representantes del gobierno de Estados Unidos en busca de soluciones a las diferencias bilaterales.<\/p>\n\n\n\n<p><\/p>\n\n\n\n<ul class=\"wp-block-list\">\n<li><a href=\"https:\/\/www.prensa-latina.cu\/2026\/03\/13\/\"><time>marzo 13, 2026 | 09:01<\/time><\/a><\/li>\n<\/ul>\n\n\n\n<ul class=\"wp-block-list\">\n<li><a href=\"https:\/\/www.prensa-latina.cu\/2026\/03\/13\/presidente-cubano-destaca-existencia-de-proceso-de-dialogo-con-eeuu\/#\"><\/a><\/li>\n\n\n\n<li><a href=\"https:\/\/www.prensa-latina.cu\/2026\/03\/13\/presidente-cubano-destaca-existencia-de-proceso-de-dialogo-con-eeuu\/#\"><\/a><\/li>\n\n\n\n<li><a href=\"https:\/\/www.prensa-latina.cu\/2026\/03\/13\/presidente-cubano-destaca-existencia-de-proceso-de-dialogo-con-eeuu\/#\"><\/a><\/li>\n\n\n\n<li><a href=\"https:\/\/www.prensa-latina.cu\/2026\/03\/13\/presidente-cubano-destaca-existencia-de-proceso-de-dialogo-con-eeuu\/#\"><\/a><\/li>\n<\/ul>\n\n\n\n<p>En respuesta a una pregunta de Prensa Latina, el tambi\u00e9n secretario del Comit\u00e9 Central del Partido Comunista de Cuba subray\u00f3 que sobre este proceso han existido muchas especulaciones y ha sido una pr\u00e1ctica de la Revoluci\u00f3n no responder a estas campa\u00f1as.<\/p>\n\n\n\n<p>Aclar\u00f3 que este es un proceso muy sensible, que se lleva a cabo con la discreci\u00f3n y responsabilidad que requiere en cada momento, porque tiene que ver con los v\u00ednculos entre Cuba y Estados Unidos.<\/p>\n\n\n\n<p>El mandatario cubano signific\u00f3 que estos intercambios exigen un esfuerzo tenaz para poder avanzar en soluciones, por lo cual es necesario encontrar espacios de entendimiento que permitan avanzar en el proceso y \u201calejarnos de la confrontaci\u00f3n\u201d.<\/p>\n\n\n\n<p>Explic\u00f3 que las conversaciones recientes tienen lugar en correspondencia con la pol\u00edtica consistente que siempre ha caracterizado a la Revoluci\u00f3n, bajo la direcci\u00f3n del General de Ej\u00e9rcito Ra\u00fal Castro, como l\u00edder hist\u00f3rico, la suya, y han sido colegiadas con las principales autoridades del Partido, el Gobierno y el Estado cubanos.<\/p>\n\n\n\n<p>Se\u00f1al\u00f3 que estos intercambios han sido favorecidos por actores internacionales, lo cual, aclar\u00f3, no es la primera vez que sucede, y record\u00f3 el proceso de di\u00e1logo dirigido por el entonces presidente Ra\u00fal Castro con su hom\u00f3logo estadounidense Barack Obama, que llev\u00f3 al restablecimiento de las relaciones diplom\u00e1ticas entre ambos pa\u00edses.<\/p>\n\n\n\n<p>D\u00edaz-Canel apunt\u00f3 que las conversaciones est\u00e1n dirigidas a definir cu\u00e1les son los problemas bilaterales y las v\u00edas para solucionarlos, as\u00ed como determinar si existe voluntad por ambas partes para concretar acciones en beneficio de ambas naciones.<\/p>\n\n\n\n<p>Ampli\u00f3 que esto implica encontrar \u00e1reas de cooperaci\u00f3n a trav\u00e9s de las cuales se puedan enfrentar las amenazas y garantizar la seguridad y la paz de los dos pa\u00edses y en la regi\u00f3n.<\/p>\n\n\n\n<p>\u201cEn estos intercambios hemos expresado nuestra voluntad de continuar el proceso bajo los principios de la igualdad y el respeto a los sistemas pol\u00edticos de ambos pa\u00edses, a la soberan\u00eda y a la autodeterminaci\u00f3n, tomando tambi\u00e9n el criterio de reciprocidad en apego al derecho internacional\u201d, expres\u00f3.<\/p>\n\n\n\n<p>En la conferencia de prensa se encontraban presentes altos funcionarios del Partido Comunista de Cuba, el Gobierno y el Estado cubanos, as\u00ed como representantes de diferentes medios de comunicaci\u00f3n.<\/p>\n\n\n\n<p>ro\/mml<\/p>\n\n\n\n<ul class=\"wp-block-list\">\n<li>#<a href=\"https:\/\/www.prensa-latina.cu\/etiqueta\/cuba\/\">cuba<\/a>\u00a0#<a href=\"https:\/\/www.prensa-latina.cu\/etiqueta\/eeuu\/\">eeuu<\/a><\/li>\n<\/ul>\n","protected":false},"excerpt":{"rendered":"<p>La Habana, 13 mar (Prensa Latina) El presidente Miguel D\u00edaz-Canel ratific\u00f3 hoy en conferencia de prensa en esta capital la existencia de un proceso de di\u00e1logo en fase inicial entre funcionarios cubanos y representantes del gobierno de Estados Unidos en busca de soluciones a las diferencias bilaterales. En respuesta a una pregunta de Prensa Latina, [&hellip;]<\/p>\n","protected":false},"author":28,"featured_media":669719,"comment_status":"open","ping_status":"closed","sticky":false,"template":"","format":"standard","meta":{"footnotes":""},"categories":[23,27],"tags":[3100,4897],"class_list":["post-669718","post","type-post","status-publish","format-standard","has-post-thumbnail","hentry","category-internacional","category-portada","tag-cuba","tag-miguel-diaz-canel"],"_links":{"self":[{"href":"https:\/\/diariodominicano.com\/index.php?rest_route=\/wp\/v2\/posts\/669718","targetHints":{"allow":["GET"]}}],"collection":[{"href":"https:\/\/diariodominicano.com\/index.php?rest_route=\/wp\/v2\/posts"}],"about":[{"href":"https:\/\/diariodominicano.com\/index.php?rest_route=\/wp\/v2\/types\/post"}],"author":[{"embeddable":true,"href":"https:\/\/diariodominicano.com\/index.php?rest_route=\/wp\/v2\/users\/28"}],"replies":[{"embeddable":true,"href":"https:\/\/diariodominicano.com\/index.php?rest_route=%2Fwp%2Fv2%2Fcomments&post=669718"}],"version-history":[{"count":2,"href":"https:\/\/diariodominicano.com\/index.php?rest_route=\/wp\/v2\/posts\/669718\/revisions"}],"predecessor-version":[{"id":669723,"href":"https:\/\/diariodominicano.com\/index.php?rest_route=\/wp\/v2\/posts\/669718\/revisions\/669723"}],"wp:featuredmedia":[{"embeddable":true,"href":"https:\/\/diariodominicano.com\/index.php?rest_route=\/wp\/v2\/media\/669719"}],"wp:attachment":[{"href":"https:\/\/diariodominicano.com\/index.php?rest_route=%2Fwp%2Fv2%2Fmedia&parent=669718"}],"wp:term":[{"taxonomy":"category","embeddable":true,"href":"https:\/\/diariodominicano.com\/index.php?rest_route=%2Fwp%2Fv2%2Fcategories&post=669718"},{"taxonomy":"post_tag","embeddable":true,"href":"https:\/\/diariodominicano.com\/index.php?rest_route=%2Fwp%2Fv2%2Ftags&post=669718"}],"curies":[{"name":"wp","href":"https:\/\/api.w.org\/{rel}","templated":true}]}}