{"id":669672,"date":"2026-03-13T18:46:34","date_gmt":"2026-03-13T22:46:34","guid":{"rendered":"https:\/\/diariodominicano.com\/?p=669672"},"modified":"2026-03-13T18:47:05","modified_gmt":"2026-03-13T22:47:05","slug":"pld-se-reune-con-los-comunitarios-de-la-c-e-3-del-d-n","status":"publish","type":"post","link":"https:\/\/diariodominicano.com\/?p=669672","title":{"rendered":"PLD se re\u00fane con los Comunitarios de la C.E. 3 del D.N."},"content":{"rendered":"\n<p><strong>Participaci\u00f3n Comunitaria del PLD se re\u00fane con Junta de Vecinos y Asociaci\u00f3n de Amas de Casa de la&nbsp; Circunscripci\u00f3n 3 del D.N.<\/strong><\/p>\n\n\n\n<p><strong>En la ejecuci\u00f3n de su plan de trabajo,&nbsp; con la misi\u00f3n de afianzar su trabajo en el territorio, la Secretar\u00eda de Participaci\u00f3n Comunitaria del Partido de la Liberaci\u00f3n Dominicana (PLD), se reuni\u00f3 con las representaciones de las juntas de vecinos de los barrios de la Circunscripci\u00f3n Electoral Tres, del Distrito Nacional.<\/strong><\/p>\n\n\n\n<p><strong>\u201cSe trat\u00f3 de un espacio&nbsp; de di\u00e1logo, escucha y compromiso con la gente en procura de canalizar sus peticiones y expresar la solidaridad del PLD ante su problem\u00e1tica\u201d, explic\u00f3 Dilen Montero, titular del \u00f3rgano Pelede\u00edsta al concluir el encuentro.<\/strong><\/p>\n\n\n\n<p><strong>La reuni\u00f3n&nbsp; aglutin\u00f3 a presidentes de juntas de vecinos y asociaciones de amas de casa del Barrio 27 de Febrero,&nbsp; Ensanche Espaillat, Capotillo, Los Guandules, Gualey , La Zurza Guachupita, La Ca\u00f1ita , entre otros sectores.<\/strong><\/p>\n\n\n\n<figure class=\"wp-block-image\"><img decoding=\"async\" src=\"https:\/\/diariodominicano.com\/wp-content\/uploads\/2026\/03\/PLD-se-reune-con-los-Comunitarios-de-la-CE-3-del-DN-1024x613.jpg\" alt=\"La imagen actual no tiene texto alternativo. El nombre del archivo es: PLD-se-reune-con-los-Comunitarios-de-la-CE-3-del-DN.jpg\"\/><\/figure>\n\n\n\n<p><strong>En el Plan de Trabajo del cursante 2026, la Secretaria de Participaci\u00f3n Comunitaria del PLD hizo el compromiso de afianzar su trabajo con miras a estrechar el contacto con las comunidades, motivando su participaci\u00f3n con el objetivo de mejorar la calidad de vida y defender sus derechos.<\/strong><\/p>\n\n\n\n<p><strong>\u201cEs que las Comunidades son el coraz\u00f3n de la sociedad dominicana\u201d, agreg\u00f3 Dilen Montero al valorar la calidad de la reuni\u00f3n con las Juntas de Vecinos y Asociaciones de Amas de Casa de la Circunscripci\u00f3n 3 del Distrito Nacional.<\/strong><\/p>\n\n\n\n<p><strong>SECRETARIA DE COMUNICACIONES<\/strong><\/p>\n","protected":false},"excerpt":{"rendered":"<p>Participaci\u00f3n Comunitaria del PLD se re\u00fane con Junta de Vecinos y Asociaci\u00f3n de Amas de Casa de la&nbsp; Circunscripci\u00f3n 3 del D.N. En la ejecuci\u00f3n de su plan de trabajo,&nbsp; con la misi\u00f3n de afianzar su trabajo en el territorio, la Secretar\u00eda de Participaci\u00f3n Comunitaria del Partido de la Liberaci\u00f3n Dominicana (PLD), se reuni\u00f3 con [&hellip;]<\/p>\n","protected":false},"author":7,"featured_media":669678,"comment_status":"closed","ping_status":"closed","sticky":false,"template":"","format":"standard","meta":{"footnotes":""},"categories":[22],"tags":[175],"class_list":["post-669672","post","type-post","status-publish","format-standard","has-post-thumbnail","hentry","category-politica","tag-pld"],"_links":{"self":[{"href":"https:\/\/diariodominicano.com\/index.php?rest_route=\/wp\/v2\/posts\/669672","targetHints":{"allow":["GET"]}}],"collection":[{"href":"https:\/\/diariodominicano.com\/index.php?rest_route=\/wp\/v2\/posts"}],"about":[{"href":"https:\/\/diariodominicano.com\/index.php?rest_route=\/wp\/v2\/types\/post"}],"author":[{"embeddable":true,"href":"https:\/\/diariodominicano.com\/index.php?rest_route=\/wp\/v2\/users\/7"}],"replies":[{"embeddable":true,"href":"https:\/\/diariodominicano.com\/index.php?rest_route=%2Fwp%2Fv2%2Fcomments&post=669672"}],"version-history":[{"count":1,"href":"https:\/\/diariodominicano.com\/index.php?rest_route=\/wp\/v2\/posts\/669672\/revisions"}],"predecessor-version":[{"id":669680,"href":"https:\/\/diariodominicano.com\/index.php?rest_route=\/wp\/v2\/posts\/669672\/revisions\/669680"}],"wp:featuredmedia":[{"embeddable":true,"href":"https:\/\/diariodominicano.com\/index.php?rest_route=\/wp\/v2\/media\/669678"}],"wp:attachment":[{"href":"https:\/\/diariodominicano.com\/index.php?rest_route=%2Fwp%2Fv2%2Fmedia&parent=669672"}],"wp:term":[{"taxonomy":"category","embeddable":true,"href":"https:\/\/diariodominicano.com\/index.php?rest_route=%2Fwp%2Fv2%2Fcategories&post=669672"},{"taxonomy":"post_tag","embeddable":true,"href":"https:\/\/diariodominicano.com\/index.php?rest_route=%2Fwp%2Fv2%2Ftags&post=669672"}],"curies":[{"name":"wp","href":"https:\/\/api.w.org\/{rel}","templated":true}]}}