{"id":669646,"date":"2026-03-13T16:55:22","date_gmt":"2026-03-13T20:55:22","guid":{"rendered":"https:\/\/diariodominicano.com\/?p=669646"},"modified":"2026-03-14T00:57:48","modified_gmt":"2026-03-14T04:57:48","slug":"veinte-anos-de-prision-para-hombre-implicado-en-robo-con-violencia-en-el-distrito-nacional","status":"publish","type":"post","link":"https:\/\/diariodominicano.com\/?p=669646","title":{"rendered":"Imponen 20 a\u00f1os de prisi\u00f3n a un hombre implicado en robo con violencia en el Distrito Nacional"},"content":{"rendered":"\n<p><strong>SANTO DOMINGO (Rep\u00fablica Dominicana).-\u00a0A solicitud del Ministerio P\u00fablico, <strong>el Cuarto Tribunal Colegiado del Distrito Nacional <\/strong>conden\u00f3 a 20 a\u00f1os de prisi\u00f3n a uno de los implicados en un robo con violencia y tentativa de asesinato, en perjuicio de un comerciante de una casa de cambio ubicada en la zona colonial del Distrito Nacional.<\/strong><\/p>\n\n\n\n<p><strong>Misael Mart\u00ednez Contreras (Misael) fue condenado por&nbsp; las pruebas aportadas por el Ministerio P\u00fablico, representado por la fiscal litigante Julia Laury V\u00e1squez.<\/strong><\/p>\n\n\n\n<p><strong>De acuerdo con la investigaci\u00f3n, los hechos ocurrieron el 25 de diciembre de 2024, alrededor de la 1:45 de la tarde, en la calle Duarte esquina El Conde, cuando varios individuos atacaron a la v\u00edctima mientras se encontraba laborando en un negocio de cambio de divisas.<\/strong><\/p>\n\n\n\n<p><strong>La investigaci\u00f3n establece que la v\u00edctima recibi\u00f3 m\u00faltiples golpes en la cabeza con un ladrillo, lo que le ocasion\u00f3 heridas de extrema gravedad, que provocaron su ingreso por m\u00e1s de un mes en la Unidad de Cuidados Intensivos (UCI) de un centro de salud privado de la capital.<\/strong><\/p>\n\n\n\n<p><strong>Tras cometer la agresi\u00f3n, los imputados sustrajeron el disco duro del sistema de c\u00e1maras de seguridad del establecimiento, as\u00ed como una suma millonaria de dinero en efectivo.<\/strong><\/p>\n\n\n\n<p><strong>Como resultado de las labores investigativas, el Ministerio P\u00fablico logr\u00f3 identificar y arrestar al hoy condenado el 3 de enero de 2025, ocup\u00e1ndole un arma de fuego que portaba de manera ilegal.<\/strong><\/p>\n\n\n\n<p><strong>El Cuarto Tribunal Colegiado del Distrito Nacional declar\u00f3 culpable a Mart\u00ednez Contreras de asociaci\u00f3n de malhechores, tentativa de asesinato, robo agravado y porte ilegal de arma de fuego, lo que constituye una&nbsp; violaci\u00f3n a los art\u00edculos 265, 266, 2, 295, 296, 297, 302, 379 y 382 del C\u00f3digo Penal Dominicano, as\u00ed como a los art\u00edculos 66, 67 y 69 de la Ley 631-16, sobre Control y Regulaci\u00f3n de Armas, Municiones y Materiales Relacionados.<\/strong><\/p>\n\n\n\n<p><strong>En el mismo proceso fueron sometidos otros imputados conforme a su grado de participaci\u00f3n en los hechos. Asimismo, un adolescente de 15 a\u00f1os fue judicializado ante la jurisdicci\u00f3n correspondiente, de conformidad con lo establecido en la Ley 136-03, sobre Protecci\u00f3n de los Derechos Fundamentales de Ni\u00f1os, Ni\u00f1as y Adolescentes.<\/strong><\/p>\n\n\n\n<p><strong>El tribunal, integrado por las juezas Keyla P\u00e9rez Santana y Arisleyda M\u00e9ndez Batista, as\u00ed como por el juez El\u00edas Santini, dispuso que el procesado cumpla la condena en el Centro de Correcci\u00f3n y Rehabilitaci\u00f3n Najayo Hombres.<\/strong><\/p>\n\n\n\n<p><strong>Direcci\u00f3n General de Comunicaci\u00f3n, Prensa, y RRPP<\/strong><\/p>\n\n\n\n<p><strong>Ministerio P\u00fablico<\/strong><strong>.&nbsp;R<\/strong><strong>.D<\/strong><strong>.<\/strong><\/p>\n\n\n\n<p><strong>Comunicaciones PGR <a href=\"mailto:comunicaciones@pgr.gob.do\">comunicaciones@pgr.gob.do<\/a><\/strong><\/p>\n","protected":false},"excerpt":{"rendered":"<p>SANTO DOMINGO (Rep\u00fablica Dominicana).-\u00a0A solicitud del Ministerio P\u00fablico, el Cuarto Tribunal Colegiado del Distrito Nacional conden\u00f3 a 20 a\u00f1os de prisi\u00f3n a uno de los implicados en un robo con violencia y tentativa de asesinato, en perjuicio de un comerciante de una casa de cambio ubicada en la zona colonial del Distrito Nacional. Misael Mart\u00ednez [&hellip;]<\/p>\n","protected":false},"author":7,"featured_media":495896,"comment_status":"open","ping_status":"closed","sticky":false,"template":"","format":"standard","meta":{"footnotes":""},"categories":[24,29,27],"tags":[171],"class_list":["post-669646","post","type-post","status-publish","format-standard","has-post-thumbnail","hentry","category-justicia-y-derecho","category-policiasucesos","category-portada","tag-ministerio-publico"],"_links":{"self":[{"href":"https:\/\/diariodominicano.com\/index.php?rest_route=\/wp\/v2\/posts\/669646","targetHints":{"allow":["GET"]}}],"collection":[{"href":"https:\/\/diariodominicano.com\/index.php?rest_route=\/wp\/v2\/posts"}],"about":[{"href":"https:\/\/diariodominicano.com\/index.php?rest_route=\/wp\/v2\/types\/post"}],"author":[{"embeddable":true,"href":"https:\/\/diariodominicano.com\/index.php?rest_route=\/wp\/v2\/users\/7"}],"replies":[{"embeddable":true,"href":"https:\/\/diariodominicano.com\/index.php?rest_route=%2Fwp%2Fv2%2Fcomments&post=669646"}],"version-history":[{"count":2,"href":"https:\/\/diariodominicano.com\/index.php?rest_route=\/wp\/v2\/posts\/669646\/revisions"}],"predecessor-version":[{"id":669717,"href":"https:\/\/diariodominicano.com\/index.php?rest_route=\/wp\/v2\/posts\/669646\/revisions\/669717"}],"wp:featuredmedia":[{"embeddable":true,"href":"https:\/\/diariodominicano.com\/index.php?rest_route=\/wp\/v2\/media\/495896"}],"wp:attachment":[{"href":"https:\/\/diariodominicano.com\/index.php?rest_route=%2Fwp%2Fv2%2Fmedia&parent=669646"}],"wp:term":[{"taxonomy":"category","embeddable":true,"href":"https:\/\/diariodominicano.com\/index.php?rest_route=%2Fwp%2Fv2%2Fcategories&post=669646"},{"taxonomy":"post_tag","embeddable":true,"href":"https:\/\/diariodominicano.com\/index.php?rest_route=%2Fwp%2Fv2%2Ftags&post=669646"}],"curies":[{"name":"wp","href":"https:\/\/api.w.org\/{rel}","templated":true}]}}